{"id":1068,"date":"2012-04-07T13:34:00","date_gmt":"2012-04-07T16:34:00","guid":{"rendered":"http:\/\/lanofrai.com.br\/?p=1068"},"modified":"2012-04-07T13:34:00","modified_gmt":"2012-04-07T16:34:00","slug":"frioburgo-na-visao-do-visitante-the-cold-city-in-the-visitors-view","status":"publish","type":"post","link":"https:\/\/lanofrai.com.br\/en\/2012\/04\/07\/frioburgo-na-visao-do-visitante-the-cold-city-in-the-visitors-view\/","title":{"rendered":"Frioburgo na vis\u00e3o do visitante \/ The cold city in the visitor&#8217;s view"},"content":{"rendered":"<p style=\"text-align:justify\"><span style=\"color:#008000\">Um dia frio na Bela Fraiburgo. A comunidade Fraiburguense agradece ao Maurilio P. Ultramari por compartilhar esta linda foto caiporinha provocadora de saudades&#8230;<\/span><\/p>\n<p style=\"text-align:justify\">A cold day in Fraiburgo, the Fraiburguese community is thankful to Maurilio P. Ultramari by sharing it.<\/p>\n<p style=\"text-align:justify\"><a href=\"https:\/\/lanofrai.com.br\/wp-content\/uploads\/2012\/04\/maurilio-p-ultramari.jpg\"><img loading=\"lazy\" decoding=\"async\" class=\"wp-image-1069 aligncenter\" title=\"Maurilio P. Ultramari\" src=\"https:\/\/lanofrai.com.br\/wp-content\/uploads\/2012\/04\/maurilio-p-ultramari.jpg\" alt=\"\" width=\"500\" height=\"375\" srcset=\"https:\/\/lanofrai.com.br\/en\/wp-content\/uploads\/sites\/3\/2012\/04\/maurilio-p-ultramari.jpg 800w, https:\/\/lanofrai.com.br\/en\/wp-content\/uploads\/sites\/3\/2012\/04\/maurilio-p-ultramari-300x225.jpg 300w, https:\/\/lanofrai.com.br\/en\/wp-content\/uploads\/sites\/3\/2012\/04\/maurilio-p-ultramari-624x468.jpg 624w\" sizes=\"auto, (max-width: 500px) 100vw, 500px\" \/><\/a><\/p>\n<p style=\"text-align:justify\"><span style=\"color:#008000\">Para entender melhor o que esta foto representa no inconsciente coletivo Fraiburguense, segue a vers\u00e3o da m\u00fasica &#8220;Emo\u00e7\u00f5es&#8221; do Frank Sinatra Brasileiro &#8220;Roberto Carlos&#8221; na vers\u00e3o para Fraiburgo.<br \/>\n<\/span><\/p>\n<p style=\"text-align:justify\">To better understand the colective feeling of the Fraiburguese regarding to this picture, below is the famous Brazilian song that sounds somehow like New York New York by Frank Sinatra- To here it hear it check this out &#8211; http:\/\/www.youtube.com\/watch?v=m928cs0IhOs<\/p>\n<table width=\"487\" border=\"1\" bgcolor=\"yellow\">\n<tbody>\n<tr>\n<td><span style=\"color:#008000\">Quando eu estou aqui<\/span><br \/>\n<span style=\"color:#008000\"> Eu vivo esse momento lindo<\/span><br \/>\n<span style=\"color:#008000\"> Olhando pra voc\u00ea<\/span><br \/>\n<span style=\"color:#008000\"> E as v\u00e1rias emo\u00e7\u00f5es sentindo<\/span><span style=\"color:#008000\">S\u00e3o tantas j\u00e1 vividas<\/span><br \/>\n<span style=\"color:#008000\"> S\u00e3o momentos que eu n\u00e3o me esqueci<\/span><br \/>\n<span style=\"color:#008000\"> Detalhes de uma vida<\/span><br \/>\n<span style=\"color:#008000\"> Hist\u00f3rias que vivi e contei aqui<\/span><span style=\"color:#008000\">Amigos eu ganhei, saudades eu senti partindo<\/span><br \/>\n<span style=\"color:#008000\"> E \u00e0s vezes eu deixei<\/span><br \/>\n<span style=\"color:#008000\"> Voc\u00ea me ver chorar sorrindo<\/span><span style=\"color:#008000\">Sei tudo que o Frai<\/span><br \/>\n<span style=\"color:#008000\"> \u00c9 capaz de me dar<\/span><br \/>\n<span style=\"color:#008000\"> Eu sei j\u00e1 sofri<\/span><br \/>\n<span style=\"color:#008000\"> Mas n\u00e3o deixo de lembrar<\/span><br \/>\n<strong><span style=\"color:#008000\"> Se chorei ou se sorri<\/span><\/strong><br \/>\n<strong><span style=\"color:#008000\"> O importante \u00e9 que no Frai eu vivi!<\/span><\/strong><span style=\"color:#008000\">Em paz com a vida<\/span><br \/>\n<span style=\"color:#008000\"> E o que ela me traz<\/span><br \/>\n<span style=\"color:#008000\"> At\u00e9 que me faz<\/span><br \/>\n<span style=\"color:#008000\"> Onde quem est\u00e1 demais<\/span><br \/>\n<span style=\"color:#008000\"> <strong>Se chorei ou se sorri <\/strong><\/span><br \/>\n<span style=\"color:#008000\"> <strong> O importante \u00e9 que no Frai eu vivi! <\/strong><\/span><br \/>\n<span style=\"color:#008000\"> <strong> Se chorei ou se sorri <\/strong><\/span><br \/>\n<span style=\"color:#008000\"> <strong> O importante \u00e9 que no Frai eu vivi!<\/strong><\/span><\/td>\n<td>When I&#8217;m here<br \/>\nI live this beautiful moment<br \/>\nLooking at you<br \/>\nAnd various emotions arisingSo many I have experienced<br \/>\nThese are moments that I have not forgotten<br \/>\nDetails of a lifetime<br \/>\nStories that lived here<\/p>\n<p>Friends I made,<br \/>\nfelt homesick leaving<br \/>\nAnd sometimes I let<br \/>\nyou see me crying while smiling<\/p>\n<p>I know all that Fraiburgo Can give me<br \/>\nI know have suffered<br \/>\nBut I still remember<br \/>\nIf I cried or smiled<br \/>\nThe important thing is that I lived in Fraiburgo!At peace with life<br \/>\nAnd it brings me<br \/>\nSo that makes me<br \/>\nWhere who is too<br \/>\n<strong>If I cried or smiled<\/strong><br \/>\n<strong> The important thing is that I lived in Frai!<\/strong><br \/>\n<strong> If I cried or smiled<\/strong><br \/>\n<strong> The important thing is that I lived in Frai!<\/strong><\/td>\n<\/tr>\n<\/tbody>\n<\/table>\n","protected":false},"excerpt":{"rendered":"<p>Um dia frio na Bela Fraiburgo. A comunidade Fraiburguense agradece ao Maurilio P. Ultramari por compartilhar esta linda foto caiporinha provocadora de saudades&#8230; A cold day in Fraiburgo, the Fraiburguese community is thankful to Maurilio P. Ultramari by sharing it. Para entender melhor o que esta foto representa no inconsciente coletivo Fraiburguense, segue a vers\u00e3o [&hellip;]<\/p>\n","protected":false},"author":1,"featured_media":0,"comment_status":"open","ping_status":"open","sticky":false,"template":"","format":"standard","meta":{"footnotes":""},"categories":[8,18,19],"tags":[1305,426,1306,728,1057,1076],"class_list":["post-1068","post","type-post","status-publish","format-standard","hentry","category-fraiburguese-opinions","category-the-city-a-cidade","category-turistic-points","tag-bela-fraiburgo","tag-emocoes","tag-frank-sinatra-brasileiro","tag-lembrancas","tag-roberto-carlos-fraiburgo","tag-saudades"],"_links":{"self":[{"href":"https:\/\/lanofrai.com.br\/en\/wp-json\/wp\/v2\/posts\/1068","targetHints":{"allow":["GET"]}}],"collection":[{"href":"https:\/\/lanofrai.com.br\/en\/wp-json\/wp\/v2\/posts"}],"about":[{"href":"https:\/\/lanofrai.com.br\/en\/wp-json\/wp\/v2\/types\/post"}],"author":[{"embeddable":true,"href":"https:\/\/lanofrai.com.br\/en\/wp-json\/wp\/v2\/users\/1"}],"replies":[{"embeddable":true,"href":"https:\/\/lanofrai.com.br\/en\/wp-json\/wp\/v2\/comments?post=1068"}],"version-history":[{"count":0,"href":"https:\/\/lanofrai.com.br\/en\/wp-json\/wp\/v2\/posts\/1068\/revisions"}],"wp:attachment":[{"href":"https:\/\/lanofrai.com.br\/en\/wp-json\/wp\/v2\/media?parent=1068"}],"wp:term":[{"taxonomy":"category","embeddable":true,"href":"https:\/\/lanofrai.com.br\/en\/wp-json\/wp\/v2\/categories?post=1068"},{"taxonomy":"post_tag","embeddable":true,"href":"https:\/\/lanofrai.com.br\/en\/wp-json\/wp\/v2\/tags?post=1068"}],"curies":[{"name":"wp","href":"https:\/\/api.w.org\/{rel}","templated":true}]}}