{"id":1120,"date":"2012-04-20T19:53:52","date_gmt":"2012-04-20T22:53:52","guid":{"rendered":"http:\/\/lanofrai.com.br\/?p=1120"},"modified":"2012-04-20T19:53:52","modified_gmt":"2012-04-20T22:53:52","slug":"cadele-o-michuim-michuim-what-is-that","status":"publish","type":"post","link":"https:\/\/lanofrai.com.br\/en\/2012\/04\/20\/cadele-o-michuim-michuim-what-is-that\/","title":{"rendered":"Cadele o Michuim? \/ Michuim what is that?"},"content":{"rendered":"<p><span style=\"color:#008000\">L\u00e1 no Frai \u00e9 assim&#8230;terra do Michuim. <\/span><br \/>\nThe dog says &#8220;hey mate, come on &#8211; I wanted michuim not chocolate&#8221; hehe so what is Michuim?<\/p>\n<p><a href=\"https:\/\/lanofrai.com.br\/wp-content\/uploads\/2012\/04\/eu-pedi-um-michuim-2.jpg\"><img loading=\"lazy\" decoding=\"async\" class=\"aligncenter size-full wp-image-1121\" title=\"eu pedi um michuim 2\" src=\"https:\/\/lanofrai.com.br\/wp-content\/uploads\/2012\/04\/eu-pedi-um-michuim-2.jpg\" alt=\"\" width=\"257\" height=\"319\" srcset=\"https:\/\/lanofrai.com.br\/en\/wp-content\/uploads\/sites\/3\/2012\/04\/eu-pedi-um-michuim-2.jpg 257w, https:\/\/lanofrai.com.br\/en\/wp-content\/uploads\/sites\/3\/2012\/04\/eu-pedi-um-michuim-2-241x300.jpg 241w\" sizes=\"auto, (max-width: 257px) 100vw, 257px\" \/><\/a><\/p>\n<p><span style=\"color:#008000\">Mas o que \u00e9 o Michuim? \u00c9 um dos pratos mais t\u00edpicos do Frai que veio que surgiu na decada de 60 gra\u00e7as aos imigrantes Franceses Argelinos. Segundo o NossoJornalSC\u00a0 &#8220;eles n\u00e3o imaginavam que a tradicional ovelha assada inteira na brasa cairia no gosto dos fraiburguenses e se tornaria o prato t\u00edpico do munic\u00edpio&#8221;. Os Fraiburguenses agrade\u00e7em a inova\u00e7\u00e3o \ud83d\ude42<br \/>\n<\/span><\/p>\n<p>Michuim is the most traditional dish of our cosine derived by French people from Algeria when they moved to Fraiburgo in the 60&#8217;s. It is basically a delicious lamb roasted whole over coals.<\/p>\n<div style=\"width: 381px\" class=\"wp-caption aligncenter\"><a href=\"https:\/\/lanofrai.com.br\/wp-content\/uploads\/2012\/04\/img_0155.jpg?w=300\"><img loading=\"lazy\" decoding=\"async\" title=\"Michuim\" src=\"https:\/\/lanofrai.com.br\/wp-content\/uploads\/2012\/04\/img_0155.jpg?w=300\" alt=\"\" width=\"371\" height=\"247\" \/><\/a><p class=\"wp-caption-text\">Michuim sendo preparado no Hotel Renar - fonte NossoJornalSC<\/p><\/div>\n","protected":false},"excerpt":{"rendered":"<p>L\u00e1 no Frai \u00e9 assim&#8230;terra do Michuim. The dog says &#8220;hey mate, come on &#8211; I wanted michuim not chocolate&#8221; hehe so what is Michuim? Mas o que \u00e9 o Michuim? \u00c9 um dos pratos mais t\u00edpicos do Frai que veio que surgiu na decada de 60 gra\u00e7as aos imigrantes Franceses Argelinos. Segundo o NossoJornalSC\u00a0 [&hellip;]<\/p>\n","protected":false},"author":1,"featured_media":0,"comment_status":"open","ping_status":"open","sticky":false,"template":"","format":"standard","meta":{"footnotes":""},"categories":[4,7],"tags":[115,542,798,1194],"class_list":["post-1120","post","type-post","status-publish","format-standard","hentry","category-celebrations","category-dialect","tag-assado","tag-french-people","tag-michuim","tag-traditional-dish"],"_links":{"self":[{"href":"https:\/\/lanofrai.com.br\/en\/wp-json\/wp\/v2\/posts\/1120","targetHints":{"allow":["GET"]}}],"collection":[{"href":"https:\/\/lanofrai.com.br\/en\/wp-json\/wp\/v2\/posts"}],"about":[{"href":"https:\/\/lanofrai.com.br\/en\/wp-json\/wp\/v2\/types\/post"}],"author":[{"embeddable":true,"href":"https:\/\/lanofrai.com.br\/en\/wp-json\/wp\/v2\/users\/1"}],"replies":[{"embeddable":true,"href":"https:\/\/lanofrai.com.br\/en\/wp-json\/wp\/v2\/comments?post=1120"}],"version-history":[{"count":0,"href":"https:\/\/lanofrai.com.br\/en\/wp-json\/wp\/v2\/posts\/1120\/revisions"}],"wp:attachment":[{"href":"https:\/\/lanofrai.com.br\/en\/wp-json\/wp\/v2\/media?parent=1120"}],"wp:term":[{"taxonomy":"category","embeddable":true,"href":"https:\/\/lanofrai.com.br\/en\/wp-json\/wp\/v2\/categories?post=1120"},{"taxonomy":"post_tag","embeddable":true,"href":"https:\/\/lanofrai.com.br\/en\/wp-json\/wp\/v2\/tags?post=1120"}],"curies":[{"name":"wp","href":"https:\/\/api.w.org\/{rel}","templated":true}]}}