{"id":1135,"date":"2012-04-22T16:10:17","date_gmt":"2012-04-22T19:10:17","guid":{"rendered":"http:\/\/lanofrai.com.br\/?p=1135"},"modified":"2012-04-22T16:10:17","modified_gmt":"2012-04-22T19:10:17","slug":"o-salto-the-plunge","status":"publish","type":"post","link":"https:\/\/lanofrai.com.br\/en\/2012\/04\/22\/o-salto-the-plunge\/","title":{"rendered":"O salto&#8230;\/ The plunge&#8230;"},"content":{"rendered":"<p style=\"text-align:justify\"><span style=\"color:#008000\">O maior \u00edcone da literatura alem\u00e3 em todos os tempos &#8220;Johann Wolfgang von Goethe&#8221; escreveu em 1770 sua impress\u00e3o da primeira vez que avistou a catedral de Estrasburgo na regi\u00e3o da grande Freiburg na Alemanha dizendo:<\/span><\/p>\n<blockquote><p><span style=\"color:#008000\">&#8220;&#8230;quero olhar as coisas da melhor da melhor forma poss\u00edvel, escrever as sensa\u00e7\u00f5es na mem\u00f3ria e n\u00e3o deixar que passe nenhum dia sem colecionar algo novo. Isso \u00e9 que da ao espirito a sua dire\u00e7\u00e3o e a habilidade de colocar cada coisa em seu devido lugar com seu devido valor&#8230;&#8221;.<\/span><\/p><\/blockquote>\n<p style=\"text-align:justify\">The main icon of the the German literature of all times &#8220;Johann Wolfgang von Goethe&#8221; once wrote in 1770 when he saw for the first time the cathedral of Strasbourg in the region of Freiburg in Germany saying:<\/p>\n<blockquote><p>&#8220;&#8230; I look at things as best as possible, to write the sensations in my minds to not let one day to pass by without collecting something new. This is what gives the direction to the spirit and the ability to put everything in its place with its proper value &#8230; &#8220;.<\/p>\n<div id=\"attachment_1146\" style=\"width: 510px\" class=\"wp-caption aligncenter\"><a href=\"https:\/\/lanofrai.com.br\/wp-content\/uploads\/2012\/04\/salto-correntes-1.jpg\"><img loading=\"lazy\" decoding=\"async\" aria-describedby=\"caption-attachment-1146\" class=\"size-full wp-image-1146\" title=\"Salto correntes 1\" src=\"https:\/\/lanofrai.com.br\/wp-content\/uploads\/2012\/04\/salto-correntes-1.jpg\" alt=\"\" width=\"500\" height=\"259\" srcset=\"https:\/\/lanofrai.com.br\/en\/wp-content\/uploads\/sites\/3\/2012\/04\/salto-correntes-1.jpg 1885w, https:\/\/lanofrai.com.br\/en\/wp-content\/uploads\/sites\/3\/2012\/04\/salto-correntes-1-300x155.jpg 300w, https:\/\/lanofrai.com.br\/en\/wp-content\/uploads\/sites\/3\/2012\/04\/salto-correntes-1-1024x532.jpg 1024w, https:\/\/lanofrai.com.br\/en\/wp-content\/uploads\/sites\/3\/2012\/04\/salto-correntes-1-624x324.jpg 624w\" sizes=\"auto, (max-width: 500px) 100vw, 500px\" \/><\/a><p id=\"caption-attachment-1146\" class=\"wp-caption-text\">Clique na foto para aumentar \/ Click to enlarge<\/p><\/div><\/blockquote>\n<p style=\"text-align:justify\"><span style=\"color:#008000\">Depois de passar pela ponte feita com engenharia Tchozinha e caminhar uns 500 metros no meio do mato cheguei a grandiosa cachoeira &#8220;Salto Correntes&#8221;, um espet\u00e1culo de encher os olhos de qualquer um at\u00e9 do Goethe :).<\/span><\/p>\n<p style=\"text-align:justify\">After passing the bridge made by the Fraiburguese engineering I waked about 500 meters in the forest until I got to the the great waterfall &#8220;Salto Correntes,&#8221; a spectacle to the visitors&#8217; eyes which would impress even mr Goethe.<\/p>\n<p><span style=\"color:#008000\">Antigamente existia uma comunidade nessa regi\u00e3o mas hoje \u00e9 tudo mato. Para se chegar na cachoeira fui me guiando pelo barulho das \u00e1guas, a trilha estava bem fechada, mostrando todo o poder de cicatriza\u00e7\u00e3o da natureza. Infelizmente por falta de tempo e quest\u00f5es de seguran\u00e7a n\u00e3o pude me pinx\u00e1 na \u00e1gua, pois estava sozinho e n\u00e3o conhe\u00e7o o local. Aparentemente, \u00e9 poss\u00edvel brincar nos seus quase 100 metros de largura por 10 de altura, mas todo cuidado \u00e9 pouco.<\/span><\/p>\n<p style=\"text-align:justify\">Previously there was a community in this region, but today is all woods. To reach the waterfall was leading me by the sound of water, the trail was well closed, showing all the healing power of nature. Unfortunately due to time constraints and security issues I could not pinx\u00e1 in the water because I was alone and did not know the place. Apparently, you could play in its nearly 100 feet wide by 10 high, but not be too careful.<\/p>\n<p style=\"text-align:justify\"><a href=\"https:\/\/lanofrai.com.br\/wp-content\/uploads\/2012\/04\/salto-correntes-2.jpg\"><img loading=\"lazy\" decoding=\"async\" class=\"aligncenter size-full wp-image-1147\" title=\"salto correntes 2\" src=\"https:\/\/lanofrai.com.br\/wp-content\/uploads\/2012\/04\/salto-correntes-2.jpg\" alt=\"\" width=\"500\" height=\"334\" srcset=\"https:\/\/lanofrai.com.br\/en\/wp-content\/uploads\/sites\/3\/2012\/04\/salto-correntes-2.jpg 1936w, https:\/\/lanofrai.com.br\/en\/wp-content\/uploads\/sites\/3\/2012\/04\/salto-correntes-2-300x200.jpg 300w, https:\/\/lanofrai.com.br\/en\/wp-content\/uploads\/sites\/3\/2012\/04\/salto-correntes-2-1024x685.jpg 1024w, https:\/\/lanofrai.com.br\/en\/wp-content\/uploads\/sites\/3\/2012\/04\/salto-correntes-2-624x417.jpg 624w\" sizes=\"auto, (max-width: 500px) 100vw, 500px\" \/><\/a><\/p>\n<p style=\"text-align:justify\"><span style=\"color:#008000\">Depois da pernada e das fotos, fiquei ali sentado no meio do mato admirando essa riqueza natural t\u00e3o pr\u00f3xima e ao mesmo tempo t\u00e3o distante. Fiquei ali olhando ela com a mesma cara de quem assiste os fogos de artif\u00edcio pensando e me perguntando, ser\u00e1 que precisamos atravessar o mundo todo para enfim descobrir as belezas que nos rodeiam? \u00c9 incr\u00edvel como a \u00e1gua e o fogo tem esse poder de ativar as partes mais primitivas do c\u00e9rebro e nos dar essa sensa\u00e7\u00e3o de pertencimento ao mundo. Inclusive, quando trocamos o brilho da televis\u00e3o numa sala escura pelo brilho da fogueira na noite, da pra se notar que suas frequ\u00eancias de luz muito parecidas. N\u00e3o me surpreendo mais com o desligamento das pessoas na frente da televis\u00e3o. Bom, era isso pessoal. Aproveitem para dar um pulo l\u00e1 em Frei Rog\u00e9rio e conhecer mais da nossa linda regi\u00e3o.<br \/>\n<\/span><\/p>\n<p style=\"text-align:justify\">After the kick and the photos, I sat there in the woods admiring this natural wealth so near and yet so far. I stood there looking at her with the same guy who watches the fireworks thinking and wondering, do we need across the world to finally discover the beauty around us? It&#8217;s amazing how water and fire have this power to enable the more primitive parts of the brain and give us that sense of belonging in the world. Even when we change the brightness of the television in a dark room by the glow of the fire at night, to be noted that in their very similar frequencies of light. I do not surpriendo more with the shutdown of the people in front of the television.<\/p>\n<p style=\"text-align:justify\">\n<p style=\"text-align:justify\">\n<p style=\"text-align:justify\">\n","protected":false},"excerpt":{"rendered":"<p>O maior \u00edcone da literatura alem\u00e3 em todos os tempos &#8220;Johann Wolfgang von Goethe&#8221; escreveu em 1770 sua impress\u00e3o da primeira vez que avistou a catedral de Estrasburgo na regi\u00e3o da grande Freiburg na Alemanha dizendo: &#8220;&#8230;quero olhar as coisas da melhor da melhor forma poss\u00edvel, escrever as sensa\u00e7\u00f5es na mem\u00f3ria e n\u00e3o deixar que [&hellip;]<\/p>\n","protected":false},"author":1,"featured_media":0,"comment_status":"open","ping_status":"open","sticky":false,"template":"","format":"standard","meta":{"footnotes":""},"categories":[19],"tags":[127,208,1307,539,1301,577,1071,1308,1309],"class_list":["post-1135","post","type-post","status-publish","format-standard","hentry","category-turistic-points","tag-aventura","tag-cachoeira","tag-cathedral-of-strasbourg","tag-frei-rogerio","tag-germany","tag-grande-fraiburgo","tag-salto","tag-strasbourg","tag-wolfgang-von-goethe"],"_links":{"self":[{"href":"https:\/\/lanofrai.com.br\/en\/wp-json\/wp\/v2\/posts\/1135","targetHints":{"allow":["GET"]}}],"collection":[{"href":"https:\/\/lanofrai.com.br\/en\/wp-json\/wp\/v2\/posts"}],"about":[{"href":"https:\/\/lanofrai.com.br\/en\/wp-json\/wp\/v2\/types\/post"}],"author":[{"embeddable":true,"href":"https:\/\/lanofrai.com.br\/en\/wp-json\/wp\/v2\/users\/1"}],"replies":[{"embeddable":true,"href":"https:\/\/lanofrai.com.br\/en\/wp-json\/wp\/v2\/comments?post=1135"}],"version-history":[{"count":0,"href":"https:\/\/lanofrai.com.br\/en\/wp-json\/wp\/v2\/posts\/1135\/revisions"}],"wp:attachment":[{"href":"https:\/\/lanofrai.com.br\/en\/wp-json\/wp\/v2\/media?parent=1135"}],"wp:term":[{"taxonomy":"category","embeddable":true,"href":"https:\/\/lanofrai.com.br\/en\/wp-json\/wp\/v2\/categories?post=1135"},{"taxonomy":"post_tag","embeddable":true,"href":"https:\/\/lanofrai.com.br\/en\/wp-json\/wp\/v2\/tags?post=1135"}],"curies":[{"name":"wp","href":"https:\/\/api.w.org\/{rel}","templated":true}]}}