{"id":1152,"date":"2012-04-24T02:14:35","date_gmt":"2012-04-24T05:14:35","guid":{"rendered":"http:\/\/lanofrai.com.br\/?p=1152"},"modified":"2012-04-24T02:14:35","modified_gmt":"2012-04-24T05:14:35","slug":"um-tcho-do-frai-no-itau-cultural","status":"publish","type":"post","link":"https:\/\/lanofrai.com.br\/en\/2012\/04\/24\/um-tcho-do-frai-no-itau-cultural\/","title":{"rendered":"Um tch\u00f4 do Frai no Ita\u00fa Cultural"},"content":{"rendered":"<p style=\"text-align:justify\"><span style=\"color:#008000\">Ol\u00e1 pessoal, galera, piazada, tchozinhos, tchozinhas e os gajos (pessoal de Portugal que est\u00e1 acompanhando o blog).<\/span><\/p>\n<p style=\"text-align:justify\"><span style=\"color:#008000\">Hoje saiu a publica\u00e7\u00e3o da revista do Ita\u00fa Cultural (instituto desenvolve atividades e projetos de est\u00edmulo \u00e0 cria\u00e7\u00e3o e \u00e0 reflex\u00e3o nas mais variadas linguagens e express\u00f5es da diversidade brasileira), a qual dei uma entrevista contando um pouco das experi\u00eancias de estudante ciclista na Holanda e tamb\u00e9m dos obst\u00e1culos da mobilidade urbana Brasileira,\u00a0tema este que est\u00e1 publicado aqui no blog neste <a href=\"http:\/\/bit.ly\/JQEWkw\"><span style=\"color:#008000\">link<\/span><\/a> (recomendado ver antes da entrevista).\u00a0Nessa conversa com eles, n\u00e3o pude deixar de falar do nosso querida Fraiburgo que j\u00e1 tem at\u00e9 algumas ciclofaixas desenhadas em suas ruas. Para alguns isso pode at\u00e9 parecer algo simpl\u00f3rio e de pouco vulto, mas com certeza j\u00e1 \u00e9 uma evolu\u00e7\u00e3o no pensamento e nas a\u00e7\u00f5es das pessoas, algo que est\u00e1 h\u00e1 pelo menos 30 anos a frente (fraiburgu\u00eas &#8211;\u00a0<em>A diante<\/em>)\u00a0da maioria das cidades Norte e Latino Americanas. Acredito firmemente que se\u00a0a piazada continuar pensando e trabalhando no desenvolvimento humano da cidade, em breve o Frai ainda vai ter ciclovias separadas das vias principais em todos os pontos da cidade e servir\u00e1 de\u00a0exemplo um Brasil que da certo e faz bonito porque um dia teve grandes professores&#8230;<\/span><\/p>\n<p style=\"text-align:justify\"><a href=\"https:\/\/lanofrai.com.br\/wp-content\/uploads\/2012\/04\/screen-shot-2012-04-24-at-01-44-35.png\"><img loading=\"lazy\" decoding=\"async\" class=\"aligncenter size-full wp-image-1162\" title=\"Itau Cultura\" src=\"https:\/\/lanofrai.com.br\/wp-content\/uploads\/2012\/04\/screen-shot-2012-04-24-at-01-44-35.png\" alt=\"\" width=\"500\" height=\"345\" srcset=\"https:\/\/lanofrai.com.br\/en\/wp-content\/uploads\/sites\/3\/2012\/04\/screen-shot-2012-04-24-at-01-44-35.png 633w, https:\/\/lanofrai.com.br\/en\/wp-content\/uploads\/sites\/3\/2012\/04\/screen-shot-2012-04-24-at-01-44-35-300x207.png 300w, https:\/\/lanofrai.com.br\/en\/wp-content\/uploads\/sites\/3\/2012\/04\/screen-shot-2012-04-24-at-01-44-35-624x431.png 624w\" sizes=\"auto, (max-width: 500px) 100vw, 500px\" \/><\/a><\/p>\n<p style=\"text-align:justify\"><span style=\"color:#008000\">A revista que est\u00e1 em formato .pdf (7Mb) podendo ser baixada aqui\u00a0 &#8211;&gt; <a href=\"https:\/\/lanofrai.com.br\/wp-content\/uploads\/2012\/04\/itaucultural2.pdf\"><span style=\"color:#008000\">ItauCultural<\/span><\/a>\u00a0&#8211; O t\u00edtulo da mat\u00e9ria \u00e9 \u00a0&#8220;Mais Amor e Menos Motor&#8221;. Pe\u00e7o desculpas de antem\u00e3o pelo corinthiano na capa da revista, isto est\u00e1 al\u00e9m dos meus poderes de influ\u00eancia hehe ali\u00e1s muitos de voc\u00eas j\u00e1 sabem \u00a0da minha opini\u00e3o sobre futebol e o qu\u00e3o isso se mistura nas coisas s\u00e9rias da vida&#8230;Bueno, j\u00e1 to meio tchuco (tonto) de cansado e amanh\u00e3 tenho que pular cedo (Fraiburgu\u00eas &#8211;&gt; Cedote) . Sauda\u00e7\u00f5es Fraiburguenses .<br \/>\n<\/span><\/p>\n","protected":false},"excerpt":{"rendered":"<p>Ol\u00e1 pessoal, galera, piazada, tchozinhos, tchozinhas e os gajos (pessoal de Portugal que est\u00e1 acompanhando o blog). Hoje saiu a publica\u00e7\u00e3o da revista do Ita\u00fa Cultural (instituto desenvolve atividades e projetos de est\u00edmulo \u00e0 cria\u00e7\u00e3o e \u00e0 reflex\u00e3o nas mais variadas linguagens e express\u00f5es da diversidade brasileira), a qual dei uma entrevista contando um pouco [&hellip;]<\/p>\n","protected":false},"author":1,"featured_media":0,"comment_status":"open","ping_status":"open","sticky":false,"template":"","format":"standard","meta":{"footnotes":""},"categories":[8],"tags":[265,267,444,689,806,1219],"class_list":["post-1152","post","type-post","status-publish","format-standard","hentry","category-fraiburguese-opinions","tag-ciclofaixa","tag-ciclovias","tag-entrevista","tag-itau","tag-mobilidade","tag-urbanizacao"],"_links":{"self":[{"href":"https:\/\/lanofrai.com.br\/en\/wp-json\/wp\/v2\/posts\/1152","targetHints":{"allow":["GET"]}}],"collection":[{"href":"https:\/\/lanofrai.com.br\/en\/wp-json\/wp\/v2\/posts"}],"about":[{"href":"https:\/\/lanofrai.com.br\/en\/wp-json\/wp\/v2\/types\/post"}],"author":[{"embeddable":true,"href":"https:\/\/lanofrai.com.br\/en\/wp-json\/wp\/v2\/users\/1"}],"replies":[{"embeddable":true,"href":"https:\/\/lanofrai.com.br\/en\/wp-json\/wp\/v2\/comments?post=1152"}],"version-history":[{"count":0,"href":"https:\/\/lanofrai.com.br\/en\/wp-json\/wp\/v2\/posts\/1152\/revisions"}],"wp:attachment":[{"href":"https:\/\/lanofrai.com.br\/en\/wp-json\/wp\/v2\/media?parent=1152"}],"wp:term":[{"taxonomy":"category","embeddable":true,"href":"https:\/\/lanofrai.com.br\/en\/wp-json\/wp\/v2\/categories?post=1152"},{"taxonomy":"post_tag","embeddable":true,"href":"https:\/\/lanofrai.com.br\/en\/wp-json\/wp\/v2\/tags?post=1152"}],"curies":[{"name":"wp","href":"https:\/\/api.w.org\/{rel}","templated":true}]}}