{"id":1168,"date":"2012-04-29T21:27:34","date_gmt":"2012-04-30T00:27:34","guid":{"rendered":"http:\/\/lanofrai.com.br\/?p=1168"},"modified":"2012-04-29T21:27:34","modified_gmt":"2012-04-30T00:27:34","slug":"fraiburgo-nota-1000-fraiburgo-ideas-for-improvement","status":"publish","type":"post","link":"https:\/\/lanofrai.com.br\/en\/2012\/04\/29\/fraiburgo-nota-1000-fraiburgo-ideas-for-improvement\/","title":{"rendered":"Fraiburgo nota 1000 &#8211; Fraiburgo ideas for improvement"},"content":{"rendered":"<p><span style=\"color:#008000\"><a href=\"https:\/\/lanofrai.com.br\/wp-content\/uploads\/2012\/04\/fraiburgo-nota-1000.jpg\"><span style=\"color:#008000\"><img loading=\"lazy\" decoding=\"async\" class=\"aligncenter size-full wp-image-1173\" title=\"fraiburgo nota 1000\" src=\"https:\/\/lanofrai.com.br\/wp-content\/uploads\/2012\/04\/fraiburgo-nota-1000.jpg\" alt=\"\" width=\"500\" height=\"473\" srcset=\"https:\/\/lanofrai.com.br\/en\/wp-content\/uploads\/sites\/3\/2012\/04\/fraiburgo-nota-1000.jpg 624w, https:\/\/lanofrai.com.br\/en\/wp-content\/uploads\/sites\/3\/2012\/04\/fraiburgo-nota-1000-300x284.jpg 300w\" sizes=\"auto, (max-width: 500px) 100vw, 500px\" \/><\/span><\/a><\/span><\/p>\n<p><span style=\"color:#008000\"><strong> Fraiburgo Nota 1000<\/strong><\/span><\/p>\n<div><span style=\"color:#008000\">Com a inten\u00e7\u00e3o de melhorar Fraiburgo, tanto em pontos de embelezamento quanto de melhoramento, o N\u00facleo de Jovens Empreendedores, est\u00e1 com o projeto Fraiburgo Nota 1000. <\/span><\/div>\n<div>\n<div><span style=\"color:#008000\">\u00a0<\/span><\/div>\n<div><span style=\"color:#008000\"><strong>Objetivo<\/strong><\/span><\/div>\n<div><span style=\"color:#008000\">O objetivo \u00e9 transformar Fraiburgo em um ponto de refer\u00eancia em embelezamento, com ideia inovadoras que melhorem a vida de seus cidad\u00e3os. Para isso estamos arrecadando sugest\u00f5es, pois iremos formatar, documentar, encabe\u00e7ar e levar aos \u00f3rg\u00e3os p\u00fablicos essas ideia. Gra\u00e7as a um projeto como esse, feito em 2005, foi feito as cal\u00e7adas que ligam o centro de Fraiburgo ao bairro S\u00e3o Miguel e S\u00e3o Sebasti\u00e3o, a ilumina\u00e7\u00e3o do lago, a revitaliza\u00e7\u00e3o de algumas pra\u00e7as, entre outras atividades.<\/span><\/div>\n<div><span style=\"color:#008000\">\u00a0<\/span><\/div>\n<div><span style=\"color:#008000\"><strong>Cronograma<\/strong><\/span><\/div>\n<div><span style=\"color:#008000\">\u00a0<\/span><\/div>\n<div>\n<div><span style=\"color:#008000\">\u2022Inicio da formata\u00e7\u00e3o do projeto: 23 de Abril<\/span><\/div>\n<div><span style=\"color:#008000\">\u2022Arrecada\u00e7\u00e3o de Sugest\u00f5es online: At\u00e9 06 de Maio<\/span><\/div>\n<div><span style=\"color:#008000\">\u2022Sele\u00e7\u00e3o das Ideias: 14 de Maio<\/span><\/div>\n<div><span style=\"color:#008000\">\u2022Final da formata\u00e7\u00e3o do projeto: 10 de Junho<\/span><\/div>\n<div><span style=\"color:#008000\">\u2022Apresenta\u00e7\u00e3o do Projeto: 11 de Junho<\/span><\/div>\n<\/div>\n<\/div>\n<div><span style=\"color:#008000\"><br \/>\n<\/span><\/div>\n<div><span style=\"color:#008000\"><a href=\"https:\/\/lanofrai.com.br\/wp-content\/uploads\/2012\/04\/screen-shot-2012-04-28-at-00-06-11.png\"><span style=\"color:#008000\"><img loading=\"lazy\" decoding=\"async\" class=\"aligncenter size-full wp-image-1169\" title=\"Screen shot 2012-04-28 at 00.06.11\" src=\"https:\/\/lanofrai.com.br\/wp-content\/uploads\/2012\/04\/screen-shot-2012-04-28-at-00-06-11.png\" alt=\"\" width=\"500\" height=\"371\" srcset=\"https:\/\/lanofrai.com.br\/en\/wp-content\/uploads\/sites\/3\/2012\/04\/screen-shot-2012-04-28-at-00-06-11.png 590w, https:\/\/lanofrai.com.br\/en\/wp-content\/uploads\/sites\/3\/2012\/04\/screen-shot-2012-04-28-at-00-06-11-300x222.png 300w\" sizes=\"auto, (max-width: 500px) 100vw, 500px\" \/><\/span><\/a><\/span><\/div>\n<div><\/div>\n<div><span style=\"color:#008000\"><strong> Ideia j\u00e1 sugeridas no n\u00facleo&#8230;<\/strong><\/span><\/div>\n<div>\n<div>\n<ol>\n<li><span style=\"color:#008000\">Incubar Construtora de cal\u00e7adas de baixo custo.<\/span><\/li>\n<li><span style=\"color:#008000\">Constru\u00e7\u00e3o de academias ao ar livre em locais como a Pra\u00e7a da Copa de 94.<\/span><\/li>\n<li><span style=\"color:#008000\">Incentivo ao plantio de arvores dentro dos lotes.<\/span><\/li>\n<li><span style=\"color:#008000\">Incentivo a constru\u00e7\u00e3o de Pra\u00e7as Verdes.<\/span><\/li>\n<li><span style=\"color:#008000\">Urbaniza\u00e7\u00e3o da Avenida Videira entre Hotel Fraiburgo e Cozinha industrial (cal\u00e7adas, passeios, jardinagem&#8230;).<\/span><\/li>\n<li><span style=\"color:#008000\">Ilumina\u00e7\u00e3o entre Posto Portal e X de Novembro.<\/span><\/li>\n<li><span style=\"color:#008000\">Telef\u00e9rico ligando bairro S\u00e3o Miguel \u2013 Centro.<\/span><\/li>\n<li><span style=\"color:#008000\">Revitaliza\u00e7\u00e3o de terreno ao lado da Uniarp.<\/span><\/li>\n<li><span style=\"color:#008000\">Chafariz Lago das Arauc\u00e1rias<\/span><\/li>\n<li><span style=\"font-family:Arial;font-size:small;color:#008000\">Padronizar passeios de pedestres no centro, fazer onde n\u00e3o tem.<\/span><\/li>\n<li><span style=\"font-family:Arial;font-size:small;color:#008000\">Incentivar a todos os proprietarios de terrenos urbanos a construir passeio para pedestre em todos os bairros, lotes com constru\u00e7\u00e3o e sem, talves a prefeitura construindo e cobrando dos propriet\u00e1rios fazer estudo.<\/span><\/li>\n<li><span style=\"font-family:Arial;font-size:small;color:#008000\">Limpeza de todos os terrenos pelo propriet\u00e1rio ou pela prefeitura cobrando do proriet\u00e1rio por metro quadrado.<\/span><\/li>\n<li><span style=\"font-family:Arial;font-size:small;color:#008000\">Constru\u00e7\u00e3o de banheiros no lago das arauc\u00e1rias pr\u00f3ximo da quadra de areia assim aproveitando o guarda e\u00a0a limpeza realizada pelo\u00a0 pessoal da upa.<\/span><\/li>\n<li><span style=\"font-family:Arial;font-size:small;color:#008000\">Coloca\u00e7\u00e3o de bancos r\u00fasticos\u00a0ao redor do lago.<\/span><\/li>\n<li><span style=\"font-family:Arial;font-size:small;color:#008000\">Estudar a possibilidade de colocar pedalinhos no lago para passeios.<\/span><\/li>\n<li><span style=\"font-family:Arial;font-size:small;color:#008000\">Elimina\u00e7\u00e3o da entrada de esgoto no lago na ponte perto da Renar (n\u00e3o \u00e9 esgoto da Renar)<\/span><\/li>\n<li><span style=\"font-family:Arial;font-size:small;color:#008000\">Constru\u00e7\u00e3o de uma ponte que liga\u00a0 a ilha do lago das araucarias.<\/span><\/li>\n<li><span style=\"font-family:Arial;font-size:small;color:#008000\">Plantio de arvores nativas para substitui\u00e7\u00e3o das arvores existentes eucaliptos e pinus ao redor do lago das araucarias. pensando no futuro novas gera\u00e7\u00f5es arvores nativas da regi\u00e3\u00f5 de Fraiburgo ( Imbuia ,cedro, butieiros etc.)<\/span><\/li>\n<li><span style=\"font-family:Arial;font-size:small;color:#008000\">Padroniza\u00e7\u00e3o de passeios de pedestres em todos os bairros de Fraiburgo.<\/span><\/li>\n<li><span style=\"font-family:Arial;font-size:small;color:#008000\">Limpeza de todoas as ruas inclusive nos bairros mais retirados.<\/span><\/li>\n<li><span style=\"font-family:Arial;font-size:small;color:#008000\">Constru\u00e7\u00e3o de pra\u00e7as com quadras e campos de futebol para incentivar a pratica de esportes nos bairros.<\/span><\/li>\n<li><span style=\"font-family:Arial;font-size:small;color:#008000\">Coloca\u00e7\u00e3o de placas na divisa de Fraiburgo com Videira e Lebon R\u00e9gis\u00a0 com dizeres voc\u00ea est\u00e1 entrando no melhor municipio de Santa Catarina para viver algo sim.<\/span><\/li>\n<li><span style=\"color:#008000\"><span style=\"font-family:Arial;font-size:small\">Apoiar a execu\u00e7\u00e3o da coleta seletiva de lixo em Fraiburgo atrav\u00e9s do n\u00facleo com campanhas em r\u00e1dio nas casas panfletagem junto com associa\u00e7\u00f5es de moradores .<\/span><strong><\/strong><\/span><\/li>\n<li><span style=\"color:#008000\"><strong><\/strong> Criar pontos do ponto do livro (em Florian\u00f3polis fizeram alguns arm\u00e1rios com porta de vidro que cont\u00e9m livros doados permitindo que qualquer pessoa possa peg\u00e1-los e tamb\u00e9m contribuir &#8211; Esses pontos ficam em alguns dos pontos terminais rodovi\u00e1rios. A ideia fundamental \u00e9 cultivar o h\u00e1bito da leitura&#8230;<\/span><\/li>\n<li><span style=\"color:#008000\">Criar um Teatro grego &#8211; seria um pequena arquibancada de pedra com um com uma geometria espec\u00edfica protegido por \u00e1rvores para que voz do apresentador seja ampliada sem qualquer equipamento virando um ponto de refer\u00eancia na cidade para atividades educacionais em grupo ao ar livre. Tamb\u00e9m promoveria as artes s\u00eanicas melhorando e a capacidade de express\u00e3o oral das pr\u00f3ximas gera\u00e7\u00f5es que est\u00e3o entrando na era da comunica\u00e7\u00e3o e express\u00e3o.<strong><\/strong><\/span><\/li>\n<li><span style=\"color:#008000\">A cachoeira do lago &#8211;\u00a0 Muitas pessoas devem lembrar que antes do shopping beira-lago existir havia uma queda d&#8217;agua. A sugest\u00e3o seria aproveitar esse desn\u00edvel de aproximadamente 3 metros (chutando) do lago at\u00e9 o c\u00f3rrego para fazer uma cachoeira artificial ou uma escadaria de \u00e1gua com um recorte dentro do lago. Penso que, se bem elaborado, isso poderia ser um ponto tur\u00edstico bastante marcante e sem custo com energia el\u00e9trica para movimenta\u00e7\u00e3o da \u00e1gua. Na cidade de Timb\u00f3 eles fizeram uma represa com pedras encaixadas para movimenta\u00e7\u00e3o dos moinhos h\u00e1 quase 100 anos e hoje ela \u00e9 o grande ponto tur\u00edstico da cidade junto com uma ponte estilizada &#8211; segue uma foto de l\u00e1 a t\u00edtulo de inspira\u00e7\u00e3o <a href=\"http:\/\/www.timbo.com.br\/galeria\/08_09.htm\" target=\"_blank\"><span style=\"color:#008000\">http:\/\/www.timbo.com.br\/galeria\/08_09.htm<\/span><\/a><\/span><\/li>\n<li><span style=\"color:#008000\">Arboriza\u00e7\u00e3o do trecho p\u00f3s portal &#8211; Arborizar os dois lados da via depois do portal &#8211; parece que muita gente sentiu a perda das arvor\u00e9s que existiam por ali dando as boas vindas a todos&#8230;<\/span><\/li>\n<li><span style=\"color:#008000\">Consultoria p\u00fablica para auxiliar em projetos de isolamento t\u00e9rmico nas casas e pr\u00e9dios.<br \/>\n<\/span><\/li>\n<li><span style=\"color:#008000\">Consultoria para projetos de reaproveitamento de \u00e1gua das calhas e etc.<br \/>\n<\/span><\/li>\n<li><span style=\"color:#008000\">Biciclet\u00e1rios p\u00fablicos com seguran\u00e7a e ciclovias interconectadas e separadas da via principal.<\/span><\/li>\n<li><span style=\"color:#008000\">Ponto do pinh\u00e3o &#8211; lugar pr\u00f3prio para fazer fogueiras de grimpa e assar o pinh\u00e3o no fogo de ch\u00e3o. Precisaria de um reposit\u00f3rio de grimpas, hoje elas s\u00e3o jogadas fora.<\/span><\/li>\n<li><span style=\"color:#008000\">Realizar nas escolas concursos de fotografia ou desenho com o tema Fraiburgo.<br \/>\n<\/span><\/li>\n<li><span style=\"color:#008000\">Patrocinar bolsas de estudo de curta dura\u00e7\u00e3o aos alunos com melhor desempenho escolar. Nesse projeto eles poderiam estudar alguns meses em outra regi\u00e3o do estado de modo que possam sentir as diferen\u00e7as culturais e relat\u00e1-las aos demais nas m\u00eddias sociais. \u00a0 <\/span><strong><span style=\"color:#008000\"><br \/>\n<\/span><\/strong><\/li>\n<\/ol>\n<\/div>\n<div>\n<p><span style=\"color:#008000\"><strong>Sugest\u00f5es do lanofrai<br \/>\n<\/strong><\/span><\/p>\n<p><span style=\"color:#008000\">O que se &#8220;PERCISA&#8221; melhorar?\u00a0 Converse com as pessoas sobre sua ideia mesmo que ela seja de &#8220;sart\u00e1 buti\u00e1 dos borso&#8221;, busque informa\u00e7\u00e3o, v\u00e1 anotando tudo que puder sempre. Mesmo que a ideia n\u00e3o seja vi\u00e1vel, ela pode despertar o interesse em outras cabe\u00e7as que poderiam melhor\u00e1-la a ponto de torn\u00e1-la vi\u00e1vel. Pense em solu\u00e7\u00f5es que deram certo em outros lugares e que poderiam ser \u00f3timas no Frai. Uma boa hora para compartilhar as ideias seria na hora do daquele chimarr\u00e3o em que todo mundo t\u00e1 de butuca ao redor do fog\u00e3o a lenha ou quando estiver &#8220;lagartiando&#8221; com as pernas espichadas em algum ponto da cidade. Compartilhe este artigo com o maior n\u00famero de tchozinhos e tchozinhas que voc\u00ea acredita poderiam criar coisas de valor para cidade e n\u00e3o esque\u00e7a da data limite da entrega dos formul\u00e1rios :).<br \/>\n<\/span><\/p>\n<div><span style=\"color:#008000\">Formul\u00e1rio de sugest\u00f5es: <\/span><\/div>\n<div><\/div>\n<div>Per\u00edodo encerrado &#8211; Obrigado a todos que colaboraram.<\/div>\n<p>&nbsp;<\/p>\n<\/div>\n<\/div>\n<div><\/div>\n<div><\/div>\n<div><\/div>\n","protected":false},"excerpt":{"rendered":"<p>Fraiburgo Nota 1000 Com a inten\u00e7\u00e3o de melhorar Fraiburgo, tanto em pontos de embelezamento quanto de melhoramento, o N\u00facleo de Jovens Empreendedores, est\u00e1 com o projeto Fraiburgo Nota 1000. \u00a0 Objetivo O objetivo \u00e9 transformar Fraiburgo em um ponto de refer\u00eancia em embelezamento, com ideia inovadoras que melhorem a vida de seus cidad\u00e3os. Para isso [&hellip;]<\/p>\n","protected":false},"author":1,"featured_media":0,"comment_status":"open","ping_status":"open","sticky":false,"template":"","format":"standard","meta":{"footnotes":""},"categories":[8],"tags":[530,630,789,1127],"class_list":["post-1168","post","type-post","status-publish","format-standard","hentry","category-fraiburguese-opinions","tag-fraiburgo-nota-1000","tag-ideias","tag-melhoramento","tag-sugestoes"],"_links":{"self":[{"href":"https:\/\/lanofrai.com.br\/en\/wp-json\/wp\/v2\/posts\/1168","targetHints":{"allow":["GET"]}}],"collection":[{"href":"https:\/\/lanofrai.com.br\/en\/wp-json\/wp\/v2\/posts"}],"about":[{"href":"https:\/\/lanofrai.com.br\/en\/wp-json\/wp\/v2\/types\/post"}],"author":[{"embeddable":true,"href":"https:\/\/lanofrai.com.br\/en\/wp-json\/wp\/v2\/users\/1"}],"replies":[{"embeddable":true,"href":"https:\/\/lanofrai.com.br\/en\/wp-json\/wp\/v2\/comments?post=1168"}],"version-history":[{"count":0,"href":"https:\/\/lanofrai.com.br\/en\/wp-json\/wp\/v2\/posts\/1168\/revisions"}],"wp:attachment":[{"href":"https:\/\/lanofrai.com.br\/en\/wp-json\/wp\/v2\/media?parent=1168"}],"wp:term":[{"taxonomy":"category","embeddable":true,"href":"https:\/\/lanofrai.com.br\/en\/wp-json\/wp\/v2\/categories?post=1168"},{"taxonomy":"post_tag","embeddable":true,"href":"https:\/\/lanofrai.com.br\/en\/wp-json\/wp\/v2\/tags?post=1168"}],"curies":[{"name":"wp","href":"https:\/\/api.w.org\/{rel}","templated":true}]}}