{"id":118076,"date":"2013-12-08T18:33:00","date_gmt":"2013-12-08T21:33:00","guid":{"rendered":"http:\/\/lanofrai.com.br\/?p=118076"},"modified":"2013-12-08T18:33:00","modified_gmt":"2013-12-08T21:33:00","slug":"cancao-la-no-frai-por-rosa-dos-ventos-massa-tcho","status":"publish","type":"post","link":"https:\/\/lanofrai.com.br\/en\/2013\/12\/08\/cancao-la-no-frai-por-rosa-dos-ventos-massa-tcho\/","title":{"rendered":"Can\u00e7\u00e3o L\u00e1 no Frai por Rosa dos Ventos! Massa tch\u00f4!"},"content":{"rendered":"<p><span style=\"color:#008000\">Thozinhos(as) do c\u00e9u&#8230;<\/span><\/p>\n<p style=\"text-align:justify\"><span style=\"color:#008000\"><a name=\"webMessengerHeaderName\"><\/a>\u00c9 com emo\u00e7\u00e3o que compartilho com voc\u00eas essa can\u00e7\u00e3o inspirada no blog em homenagem \u00e0 Fraiburgo. Tch\u00f4 do c\u00e9u! Ficou muito massa! Agradecimentos cordiais ao professor Renato Goetten\u00a0<span style=\"font-family:'lucida grande', tahoma, verdana, arial, sans-serif\">e o grupo Rosa dos Ventos de Fraiburgo. \u00a0Para quem n\u00e3o puder ver o v\u00eddeo, aqui neste link \u00e9 poss\u00edvel ouv\u00ed-la\u00a0https:\/\/soundcloud.com\/rosa-dos-ventos<\/span><\/span><\/p>\n<p style=\"text-align:justify\">Dear Friends, the video below was a gift from Fraiburguese musicians that also love Fraiburgo. The lyrics go over how Fraiburgo and pictures of the city. Manu thanks to Renato Goetten and the group Rosa dos Ventos. It was a real good surprise.\u00a0<span style=\"color:#008000\">\u00a0<\/span><\/p>\n<blockquote><p><span style=\"color:#008000\"><span style=\"font-family:'lucida grande', tahoma, verdana, arial, sans-serif\">L\u00e1 no Frai o sol se p\u00f5e t\u00e3o lindo <\/span><\/span><\/p>\n<p><span style=\"color:#008000\"><span style=\"font-family:'lucida grande', tahoma, verdana, arial, sans-serif\">e o Tch\u00f4 fala que o c\u00e9u est\u00e1 sorrindo<\/span><\/span><\/p>\n<p><span style=\"color:#008000\"><span style=\"font-family:'lucida grande', tahoma, verdana, arial, sans-serif\">L\u00e1 no Frai o frio que vem do sul<\/span><\/span><\/p>\n<p><span style=\"color:#008000\"><span style=\"font-family:'lucida grande', tahoma, verdana, arial, sans-serif\">Faz o nosso c\u00e9u ser mais azul <\/span><\/span><\/p>\n<p><span style=\"color:#008000\">\u00a0<\/span><\/p>\n<p><span style=\"color:#008000\"><span style=\"font-family:'lucida grande', tahoma, verdana, arial, sans-serif\">L\u00e1 no Frai os p\u00e1ssaros dividem o c\u00e9u com bal\u00f5es <\/span><\/span><\/p>\n<p><span style=\"color:#008000\"><span style=\"font-family:'lucida grande', tahoma, verdana, arial, sans-serif\">L\u00e1 no Frai tem um castelo <\/span><\/span><\/p>\n<p><span style=\"color:#008000\"><span style=\"font-family:'lucida grande', tahoma, verdana, arial, sans-serif\">Erguido como prova de amor<\/span><\/span><\/p>\n<p><span style=\"color:#008000\">\u00a0<\/span><\/p>\n<p><span style=\"color:#008000\"><span style=\"font-family:'lucida grande', tahoma, verdana, arial, sans-serif\">L\u00e1 no Frai, o vento que vai<\/span><\/span><\/p>\n<p><span style=\"color:#008000\"><span style=\"font-family:'lucida grande', tahoma, verdana, arial, sans-serif\">\u00e9 o mesmo que tr\u00e1s <\/span><\/span><\/p>\n<p><span style=\"color:#008000\"><span style=\"font-family:'lucida grande', tahoma, verdana, arial, sans-serif\">a felicidade de rir sempre mais <\/span><\/span><\/p>\n<p><span style=\"color:#008000\">\u00a0<\/span><\/p>\n<p><span style=\"color:#008000\"><span style=\"font-family:'lucida grande', tahoma, verdana, arial, sans-serif\">L\u00e1 no Frai a neve que cai <\/span><\/span><\/p>\n<p><span style=\"color:#008000\"><span style=\"font-family:'lucida grande', tahoma, verdana, arial, sans-serif\">\u00e9 a mesma que traz <\/span><\/span><\/p>\n<p><span style=\"color:#008000\"><span style=\"font-family:'lucida grande', tahoma, verdana, arial, sans-serif\">A simplicidade de viver em paz <\/span><\/span><\/p>\n<p><span style=\"color:#008000\">\u00a0<\/span><\/p>\n<p><span style=\"color:#008000\"><span style=\"font-family:'lucida grande', tahoma, verdana, arial, sans-serif\">L\u00e1 no Frai o Tch\u00f4 \u00e9 mais Feliz <\/span><\/span><\/p>\n<p><span style=\"color:#008000\"><span style=\"font-family:'lucida grande', tahoma, verdana, arial, sans-serif\">Vem de todo canto do mundo e cria raiz <\/span><\/span><\/p>\n<p><span style=\"color:#008000\"><span style=\"font-family:'lucida grande', tahoma, verdana, arial, sans-serif\">L\u00e1 no Frai a cultura alem\u00e3 <\/span><\/span><\/p>\n<p><span style=\"color:#008000\"><span style=\"font-family:'lucida grande', tahoma, verdana, arial, sans-serif\">Fez dessa cidade t\u00e3o linda a terra da ma\u00e7\u00e3 <\/span><\/span><\/p>\n<p><span style=\"color:#008000\">\u00a0<\/span><\/p>\n<p><span style=\"color:#008000\"><span style=\"font-family:'lucida grande', tahoma, verdana, arial, sans-serif\">L\u00e1 no Frai tem chamine <\/span><\/span><\/p>\n<p><span style=\"color:#008000\"><span style=\"font-family:'lucida grande', tahoma, verdana, arial, sans-serif\">onde o quero-quero pode pousar <\/span><\/span><\/p>\n<p><span style=\"color:#008000\"><span style=\"font-family:'lucida grande', tahoma, verdana, arial, sans-serif\">L\u00e1 no Frai o Lago \u00e9 mar <\/span><\/span><\/p>\n<p><span style=\"color:#008000\"><span style=\"font-family:'lucida grande', tahoma, verdana, arial, sans-serif\">Que faz o tchozinho sonhar <\/span><\/span><\/p>\n<p><span style=\"color:#008000\">\u00a0<\/span><\/p>\n<p><span style=\"color:#008000\"><span style=\"font-family:'lucida grande', tahoma, verdana, arial, sans-serif\">L\u00e1 no Frai o vento que vai <\/span><\/span><\/p>\n<p><span style=\"color:#008000\"><span style=\"font-family:'lucida grande', tahoma, verdana, arial, sans-serif\">\u00e9 o mesmo que traz<\/span><\/span><\/p>\n<p><span style=\"color:#008000\"><span style=\"font-family:'lucida grande', tahoma, verdana, arial, sans-serif\">a felicidade de rir sempre mais <\/span><\/span><\/p>\n<p><span style=\"color:#008000\">\u00a0<\/span><\/p>\n<p><span style=\"color:#008000\"><span style=\"font-family:'lucida grande', tahoma, verdana, arial, sans-serif\">L\u00e1 no Frai a neve que cai <\/span><\/span><\/p>\n<p><span style=\"color:#008000\"><span style=\"font-family:'lucida grande', tahoma, verdana, arial, sans-serif\">\u00e9 a mesma que traz <\/span><\/span><\/p>\n<p><span style=\"color:#008000\"><span style=\"font-family:'lucida grande', tahoma, verdana, arial, sans-serif\">a simplicidade de viver em paz <\/span><\/span><\/p>\n<p><span style=\"color:#008000\">\u00a0<\/span><\/p>\n<p><span style=\"color:#008000\"><span style=\"font-family:'lucida grande', tahoma, verdana, arial, sans-serif\">L\u00e1 no Frai, o vento que vai <\/span><\/span><\/p>\n<p><span style=\"color:#008000\"><span style=\"font-family:'lucida grande', tahoma, verdana, arial, sans-serif\">\u00e9 o mesmo que traz <\/span><\/span><\/p>\n<p><span style=\"color:#008000\"><span style=\"font-family:'lucida grande', tahoma, verdana, arial, sans-serif\">a felicidade de rir sempre mais\u00a0<\/span><\/span><\/p><\/blockquote>\n<p>[youtube=http:\/\/www.youtube.com\/watch?v=VybgSej-xu8&amp;feature=youtu.be]<\/p>\n","protected":false},"excerpt":{"rendered":"<p>Thozinhos(as) do c\u00e9u&#8230; \u00c9 com emo\u00e7\u00e3o que compartilho com voc\u00eas essa can\u00e7\u00e3o inspirada no blog em homenagem \u00e0 Fraiburgo. Tch\u00f4 do c\u00e9u! Ficou muito massa! Agradecimentos cordiais ao professor Renato Goetten\u00a0e o grupo Rosa dos Ventos de Fraiburgo. \u00a0Para quem n\u00e3o puder ver o v\u00eddeo, aqui neste link \u00e9 poss\u00edvel ouv\u00ed-la\u00a0https:\/\/soundcloud.com\/rosa-dos-ventos Dear Friends, the video [&hellip;]<\/p>\n","protected":false},"author":1,"featured_media":0,"comment_status":"open","ping_status":"open","sticky":false,"template":"","format":"standard","meta":{"footnotes":""},"categories":[4,8],"tags":[529,1035],"class_list":["post-118076","post","type-post","status-publish","format-standard","hentry","category-celebrations","category-fraiburguese-opinions","tag-fraiburgo","tag-renato-goetten"],"_links":{"self":[{"href":"https:\/\/lanofrai.com.br\/en\/wp-json\/wp\/v2\/posts\/118076","targetHints":{"allow":["GET"]}}],"collection":[{"href":"https:\/\/lanofrai.com.br\/en\/wp-json\/wp\/v2\/posts"}],"about":[{"href":"https:\/\/lanofrai.com.br\/en\/wp-json\/wp\/v2\/types\/post"}],"author":[{"embeddable":true,"href":"https:\/\/lanofrai.com.br\/en\/wp-json\/wp\/v2\/users\/1"}],"replies":[{"embeddable":true,"href":"https:\/\/lanofrai.com.br\/en\/wp-json\/wp\/v2\/comments?post=118076"}],"version-history":[{"count":0,"href":"https:\/\/lanofrai.com.br\/en\/wp-json\/wp\/v2\/posts\/118076\/revisions"}],"wp:attachment":[{"href":"https:\/\/lanofrai.com.br\/en\/wp-json\/wp\/v2\/media?parent=118076"}],"wp:term":[{"taxonomy":"category","embeddable":true,"href":"https:\/\/lanofrai.com.br\/en\/wp-json\/wp\/v2\/categories?post=118076"},{"taxonomy":"post_tag","embeddable":true,"href":"https:\/\/lanofrai.com.br\/en\/wp-json\/wp\/v2\/tags?post=118076"}],"curies":[{"name":"wp","href":"https:\/\/api.w.org\/{rel}","templated":true}]}}