{"id":1228,"date":"2012-05-17T19:09:52","date_gmt":"2012-05-17T22:09:52","guid":{"rendered":"http:\/\/lanofrai.com.br\/?p=1228"},"modified":"2012-05-17T19:09:52","modified_gmt":"2012-05-17T22:09:52","slug":"lei-nova-e-os-tcho-de-sao-joaquim-portugues-only","status":"publish","type":"post","link":"https:\/\/lanofrai.com.br\/en\/2012\/05\/17\/lei-nova-e-os-tcho-de-sao-joaquim-portugues-only\/","title":{"rendered":"Lei nova e os tch\u00f4 de S\u00e3o Joaquim (portuguese only)"},"content":{"rendered":"<p style=\"text-align:justify\"><span style=\"color:#008000\"><strong>Aten\u00e7\u00e3o &#8211; Esse post \u00e9 s\u00f3 pro os tch\u00f4 que pagam imposto&#8230;<\/strong><\/span><\/p>\n<p style=\"text-align:justify\"><a href=\"https:\/\/lanofrai.com.br\/wp-content\/uploads\/2012\/05\/2012-05-17_18-55-57.jpg\"><img loading=\"lazy\" decoding=\"async\" class=\"aligncenter size-full wp-image-1244\" title=\"Lei de acesso \u00e0 informa\u00e7\u00e3o\" src=\"https:\/\/lanofrai.com.br\/wp-content\/uploads\/2012\/05\/2012-05-17_18-55-57.jpg\" alt=\"\" width=\"500\" height=\"272\" srcset=\"https:\/\/lanofrai.com.br\/en\/wp-content\/uploads\/sites\/3\/2012\/05\/2012-05-17_18-55-57.jpg 921w, https:\/\/lanofrai.com.br\/en\/wp-content\/uploads\/sites\/3\/2012\/05\/2012-05-17_18-55-57-300x163.jpg 300w, https:\/\/lanofrai.com.br\/en\/wp-content\/uploads\/sites\/3\/2012\/05\/2012-05-17_18-55-57-624x340.jpg 624w\" sizes=\"auto, (max-width: 500px) 100vw, 500px\" \/><\/a><\/p>\n<p style=\"text-align:justify\"><span style=\"color:#008000\">Antes de come\u00e7ar a pensar na rivalidade entre Fraiburgo e S\u00e3o Joaquim, j\u00e1 digo que n\u00e3o tem nada haver com isso. Vou falar de uma coisa muito mais importante, que \u00e9 a for\u00e7a dos tch\u00f4 na fiscaliza\u00e7\u00e3o da administra\u00e7\u00e3o p\u00fablica levando em considera\u00e7\u00e3o o exemplo dos tch\u00f4 de S\u00e3o Joaquim.<\/span><\/p>\n<p style=\"text-align:justify\"><span style=\"color:#008000\">Dia 10 de maio fui no IV semin\u00e1rio Catarinense sobre transpar\u00eancia p\u00fablica que aconteceu l\u00e1 no Hotel Renar. Neste evento vieram tch\u00f4s de Bras\u00edlia, Florian\u00f3polis, S\u00e3o Jos\u00e9, Brusque e cidades da regi\u00e3o para compartilhar suas experi\u00eancias em rela\u00e7\u00e3o ao novo patamar de acesso a informa\u00e7\u00e3o advindo da recente lei de acesso a informa\u00e7\u00e3o n\u00famero 12.527 de 18 de novembro de 2011 que entrou em vigor ontem dia 16 de maio de 2012. De forma bem resumida, essa lei vai contribuir com a sociedade Brasileira brutalmente, pois ela vai\u00a0 permitir que todos tch\u00f4s do Brasil possam ficar de butuca na destina\u00e7\u00e3o do dinheiro p\u00fablico. Deu boa n\u00e9? Atualmente a gente s\u00f3 sabe que o dinheiro sai, mas pra onde vai \u00e9 um mist\u00e9rio medonho.<br \/>\n<\/span><\/p>\n<p style=\"text-align:justify\"><span style=\"color:#008000\">No caso de S\u00e3o Joaquim, apresentado no evento, eles realizaram uma campanha na cidade para reverter a aprova\u00e7\u00e3o do aumento do n\u00famero de vereadores na cidade, algo que n\u00e3o aconteceu no Frai e nem na grande maioria das cidades Brasileiras. L\u00e1 eles n\u00e3o concordaram com a aprova\u00e7\u00e3o da lei principalmente por ter sido votada na surdina quando a piazada n\u00e3o poderia prestar muita aten\u00e7\u00e3o. Dai vem as perguntas: o que os tch\u00f4 de l\u00e1 tem que o Frai n\u00e3o tem? O que eles fizeram? Buscaram informa\u00e7\u00e3o, ficaram junto\u00a0 se movimentaram para protestar contra os argumentos dos vereadores. <\/span><\/p>\n<p style=\"text-align:justify\"><span style=\"color:#008000\">Abaixo est\u00e1 uma conversa imagin\u00e1ria entre os vereadores e os tchozinhos S\u00e3o Joaquinenses&#8230;\u00a0 <\/span><\/p>\n<p style=\"text-align:justify\"><span style=\"color:#008000\">&#8211; Veja bem&#8230; Resposta:\u00a0 Seje bobo&#8230;<br \/>\n<\/span><\/p>\n<p style=\"text-align:justify\"><span style=\"color:#008000\">&#8211; Viu, o tch\u00f4, mas veje bem&#8230;\u00a0\u00a0 Resposta: N\u00e3o perciso te tira dai no soco, vote tir\u00e1 no voto!<br \/>\n<\/span><\/p>\n<p style=\"text-align:justify\"><span style=\"color:#008000\">&#8211; A verdade \u00e9 a seguinte, \u00f3ie bem&#8230; Resposta: A verdade \u00e9 a seguinte, \u00f3ie bem voc\u00ea, se enchergue loco!!!<br \/>\n<\/span><\/p>\n<p style=\"text-align:justify\"><span style=\"color:#008000\">Resultado, a popula\u00e7\u00e3o votou pela redu\u00e7\u00e3o do n\u00famero de vereadores mesmo indo contra o ensejo de todos os vereadores e at\u00e9 da OAB. Parab\u00e9ns para os Tch\u00f4s de S\u00e3o Joaquim por entenderem que o dinheiro p\u00fablico pode e deve ser melhor aplicado caso contr\u00e1rio, o pau pega.<br \/>\n<\/span><\/p>\n<p style=\"text-align:justify\"><span style=\"color:#008000\">T\u00e1 mas e dai tch\u00f4, o que isso tem haver com o Frai? Na vis\u00e3o do\u00a0 l\u00e1 no frai, a piazada vai pouco a pouco come\u00e7ar a se beneficiar dessa nova lei acesso a informa\u00e7\u00e3o p\u00fablica para ficar negaciando (olhar com foco absoluto) o destino do seu dinheiro o qual foi conseguido com muita peleia dos invernos do Frai e doados ao governo. Como resultado as coisas p\u00fablicas come\u00e7ar\u00e3o a ser entendidas em Fraiburgu\u00eas como &#8220;coisas de tudo n\u00f3is&#8221;\u00a0 e n\u00e3o mais como &#8220;coisas de ningu\u00e9m&#8221;. <\/span><\/p>\n<p style=\"text-align:justify\"><span style=\"color:#008000\">Viu, mas esse neg\u00f3cio que eles t\u00e3o coisiando vai ser f\u00e1cil da gente aprend\u00ea? <\/span><\/p>\n<p style=\"text-align:justify\"><span style=\"color:#008000\">No in\u00edcio n\u00e3o muito, mas logo logo os processos fiscaliza\u00e7\u00e3o v\u00e3o ficam mais acess\u00edveis ao p\u00fablico e com o uso de sistemas de informa\u00e7\u00e3o, cruzamento de dados e redes sociais, em breve os tchozinhos e tchozinhas v\u00e3o ficar t\u00e3o mitidos que vai te piazada trepada at\u00e9 no topo do chamin\u00e9 do Frai (virtual) s\u00f3 de butuca no que acontece na cidade inteira. Fraiburgo e o Brasil v\u00e3o ganhar com isso de forma proporcionalmente t\u00e3o grande e indireta como o que j\u00e1 perdemos nos \u00faltimas d\u00e9cadas. J\u00e1 pesou usar toda a habilidade de coer\u00e7\u00e3o social (forcejamento) e vigil\u00e2ncia do qual as pessoas, principalmente em cidades pequenas, usam umas contra as outras s\u00f3 que para controlar o setor p\u00fablico? Pois \u00e9 tch\u00f4, s\u00e3o leis assim que far\u00e3o o futuro do Brasil finalmente espelhar sua grandeza \ud83d\ude42 <\/span><\/p>\n<p style=\"text-align:justify\"><span style=\"color:#008000\">Mais informa\u00e7\u00f5es sobre a lei http:\/\/www.cgu.gov.br\/acessoainformacaogov\/<br \/>\n<\/span><\/p>\n<p style=\"text-align:justify\"><span style=\"color:#008000\"><br \/>\n<\/span><\/p>\n<p style=\"text-align:justify\"><span style=\"color:#008000\"><br \/>\n<\/span><\/p>\n","protected":false},"excerpt":{"rendered":"<p>Aten\u00e7\u00e3o &#8211; Esse post \u00e9 s\u00f3 pro os tch\u00f4 que pagam imposto&#8230; Antes de come\u00e7ar a pensar na rivalidade entre Fraiburgo e S\u00e3o Joaquim, j\u00e1 digo que n\u00e3o tem nada haver com isso. Vou falar de uma coisa muito mais importante, que \u00e9 a for\u00e7a dos tch\u00f4 na fiscaliza\u00e7\u00e3o da administra\u00e7\u00e3o p\u00fablica levando em considera\u00e7\u00e3o [&hellip;]<\/p>\n","protected":false},"author":1,"featured_media":0,"comment_status":"open","ping_status":"open","sticky":false,"template":"","format":"standard","meta":{"footnotes":""},"categories":[8],"tags":[36,272,317],"class_list":["post-1228","post","type-post","status-publish","format-standard","hentry","category-fraiburguese-opinions","tag-acesso-a-informacao","tag-cidades-brasileiras","tag-conversa"],"_links":{"self":[{"href":"https:\/\/lanofrai.com.br\/en\/wp-json\/wp\/v2\/posts\/1228","targetHints":{"allow":["GET"]}}],"collection":[{"href":"https:\/\/lanofrai.com.br\/en\/wp-json\/wp\/v2\/posts"}],"about":[{"href":"https:\/\/lanofrai.com.br\/en\/wp-json\/wp\/v2\/types\/post"}],"author":[{"embeddable":true,"href":"https:\/\/lanofrai.com.br\/en\/wp-json\/wp\/v2\/users\/1"}],"replies":[{"embeddable":true,"href":"https:\/\/lanofrai.com.br\/en\/wp-json\/wp\/v2\/comments?post=1228"}],"version-history":[{"count":0,"href":"https:\/\/lanofrai.com.br\/en\/wp-json\/wp\/v2\/posts\/1228\/revisions"}],"wp:attachment":[{"href":"https:\/\/lanofrai.com.br\/en\/wp-json\/wp\/v2\/media?parent=1228"}],"wp:term":[{"taxonomy":"category","embeddable":true,"href":"https:\/\/lanofrai.com.br\/en\/wp-json\/wp\/v2\/categories?post=1228"},{"taxonomy":"post_tag","embeddable":true,"href":"https:\/\/lanofrai.com.br\/en\/wp-json\/wp\/v2\/tags?post=1228"}],"curies":[{"name":"wp","href":"https:\/\/api.w.org\/{rel}","templated":true}]}}