{"id":1249,"date":"2012-05-19T11:15:16","date_gmt":"2012-05-19T14:15:16","guid":{"rendered":"http:\/\/lanofrai.com.br\/?p=1249"},"modified":"2012-05-19T11:15:16","modified_gmt":"2012-05-19T14:15:16","slug":"o-lago-encantado-the-enchanted-lake","status":"publish","type":"post","link":"https:\/\/lanofrai.com.br\/en\/2012\/05\/19\/o-lago-encantado-the-enchanted-lake\/","title":{"rendered":"O lago encantado \/ The enchanted lake"},"content":{"rendered":"<p style=\"text-align:justify\"><span style=\"color:#008000\">Essa foi uma das primeiras impress\u00f5es registradas da cidade depois do tempo de Holanda (14\/09\/2010). Eu j\u00e1 n\u00e3o lembrava mais como era o lago a noite, suas cores, luzes e formas&#8230;Para todos aqueles acabam enfrentando a di\u00e1spora Fraiburguense, uma das melhores coisas \u00e9 poder voltar para essa terrinha e ver ela que est\u00e1 cada dia mais bonita e bem cuidada&#8230; Quantas pessoas nunca mais puderam voltar para suas origens por motivos de guerras? O Brasil \u00e9 uma terra aben\u00e7oada&#8230; <\/span><\/p>\n<p style=\"text-align:justify\">\n<p style=\"text-align:justify\">\u00a0<span style=\"color:#008000\">Para mais fotos e informa\u00e7\u00f5es do lago clique <a href=\"https:\/\/lanofrai.com.br\/2011\/09\/03\/the-city-lake-our-favorite-place-o-lago-da-cidade\/\">aqui<\/a><br \/>\n<\/span><\/p>\n<p style=\"text-align:justify\">This was one of the first impressions of the city after living in Holland (14\/set\/2010). Actually, I couldn&#8217;t remember how it looked like at night, its colours, lights and shapes. For all of those who inevitably have to face the Fraiburguese diaspora, one of the best thing is to be able to return and see that the two is improving and well looked after. How many people could never back to their land or origin because of wars? Brazil is a truly blessed land&#8230;.<\/p>\n<p style=\"text-align:justify\">For more pictures and info about our lake click <a href=\"https:\/\/lanofrai.com.br\/2011\/09\/03\/the-city-lake-our-favorite-place-o-lago-da-cidade\/\">here<\/a><\/p>\n<div id=\"attachment_1251\" style=\"width: 510px\" class=\"wp-caption aligncenter\"><a href=\"https:\/\/lanofrai.com.br\/wp-content\/uploads\/2012\/05\/lago-noturna.jpg\"><img loading=\"lazy\" decoding=\"async\" aria-describedby=\"caption-attachment-1251\" class=\"size-full wp-image-1251\" title=\"lago noturna\" src=\"https:\/\/lanofrai.com.br\/wp-content\/uploads\/2012\/05\/lago-noturna.jpg\" alt=\"\" width=\"500\" height=\"295\" srcset=\"https:\/\/lanofrai.com.br\/en\/wp-content\/uploads\/sites\/3\/2012\/05\/lago-noturna.jpg 1937w, https:\/\/lanofrai.com.br\/en\/wp-content\/uploads\/sites\/3\/2012\/05\/lago-noturna-300x177.jpg 300w, https:\/\/lanofrai.com.br\/en\/wp-content\/uploads\/sites\/3\/2012\/05\/lago-noturna-1024x605.jpg 1024w, https:\/\/lanofrai.com.br\/en\/wp-content\/uploads\/sites\/3\/2012\/05\/lago-noturna-624x369.jpg 624w\" sizes=\"auto, (max-width: 500px) 100vw, 500px\" \/><\/a><p id=\"caption-attachment-1251\" class=\"wp-caption-text\">Lago das Arauc\u00e1rias \/ Araucarias&#8217; lake<\/p><\/div>\n<p>&nbsp;<\/p>\n<p style=\"text-align:left\">\n","protected":false},"excerpt":{"rendered":"<p>Essa foi uma das primeiras impress\u00f5es registradas da cidade depois do tempo de Holanda (14\/09\/2010). Eu j\u00e1 n\u00e3o lembrava mais como era o lago a noite, suas cores, luzes e formas&#8230;Para todos aqueles acabam enfrentando a di\u00e1spora Fraiburguense, uma das melhores coisas \u00e9 poder voltar para essa terrinha e ver ela que est\u00e1 cada dia [&hellip;]<\/p>\n","protected":false},"author":1,"featured_media":0,"comment_status":"open","ping_status":"open","sticky":false,"template":"","format":"standard","meta":{"footnotes":""},"categories":[10,18,19],"tags":[94,188,1516,717,1310,841,846],"class_list":{"0":"post-1249","1":"post","2":"type-post","3":"status-publish","4":"format-standard","5":"hentry","6":"category-lake","7":"category-the-city-a-cidade","8":"category-turistic-points","9":"tag-araucarias","10":"tag-brazil","11":"tag-lake","13":"tag-netherlands","14":"tag-night","15":"tag-noturna"},"_links":{"self":[{"href":"https:\/\/lanofrai.com.br\/en\/wp-json\/wp\/v2\/posts\/1249","targetHints":{"allow":["GET"]}}],"collection":[{"href":"https:\/\/lanofrai.com.br\/en\/wp-json\/wp\/v2\/posts"}],"about":[{"href":"https:\/\/lanofrai.com.br\/en\/wp-json\/wp\/v2\/types\/post"}],"author":[{"embeddable":true,"href":"https:\/\/lanofrai.com.br\/en\/wp-json\/wp\/v2\/users\/1"}],"replies":[{"embeddable":true,"href":"https:\/\/lanofrai.com.br\/en\/wp-json\/wp\/v2\/comments?post=1249"}],"version-history":[{"count":0,"href":"https:\/\/lanofrai.com.br\/en\/wp-json\/wp\/v2\/posts\/1249\/revisions"}],"wp:attachment":[{"href":"https:\/\/lanofrai.com.br\/en\/wp-json\/wp\/v2\/media?parent=1249"}],"wp:term":[{"taxonomy":"category","embeddable":true,"href":"https:\/\/lanofrai.com.br\/en\/wp-json\/wp\/v2\/categories?post=1249"},{"taxonomy":"post_tag","embeddable":true,"href":"https:\/\/lanofrai.com.br\/en\/wp-json\/wp\/v2\/tags?post=1249"}],"curies":[{"name":"wp","href":"https:\/\/api.w.org\/{rel}","templated":true}]}}