{"id":1341,"date":"2012-06-08T23:40:43","date_gmt":"2012-06-09T02:40:43","guid":{"rendered":"http:\/\/lanofrai.com.br\/?p=1341"},"modified":"2012-06-08T23:40:43","modified_gmt":"2012-06-09T02:40:43","slug":"tradicao-junina","status":"publish","type":"post","link":"https:\/\/lanofrai.com.br\/en\/2012\/06\/08\/tradicao-junina\/","title":{"rendered":"Tradi\u00e7\u00e3o Junina \/ Saint John&#8217;s party"},"content":{"rendered":"<p style=\"text-align:justify\"><span style=\"color:#008000\">As festas juninas no Frai s\u00e3o memor\u00e1veis, pois \u00e9 o grande momento do ano onde todos os tchozinhos e tchozinhas v\u00e3o celebrar a vida vestidos de tchozinhos e tchozinhas. Nesse sentido, a grande maioria das pessoas com quem converso lembram das tradicional\u00edssimas festas do col\u00e9gio Gon\u00e7alves Dias com aquelas pescarias, pris\u00f5es, espetinho, quent\u00e3o, corrida de uns cavalinho num trubisco l\u00e1 que n\u00e3o lembro o nome, fogos de artificio, frioz\u00e3o e etc. Agora, por incr\u00edvel que pare\u00e7a, n\u00e3o tenho fotos de tal festa. No entanto, aqui est\u00e1 um registro hist\u00f3rico marcante da festa junina do jardim &#8220;Pingo de Gente&#8221;, bem na \u00e9poca em que a minha galera ainda era galerinha! Saudades desse tempo. Reparem no equil\u00edbrio das cores dos desenhos e com as roupas, na serragem no ch\u00e3o, nos olhares faceiros, na complexidade dos vestidos, na pose com m\u00e3ozinhas na cintura da Carol (terceira da esquerda para direita). N\u00e3o de deixar deixar de reparar como que a piazadinha se organizou na frente das prendinhas, que povinho organizado n\u00e9 tch\u00f4? O meu pai, l\u00e1 na antiga &#8220;ArteCouro&#8221;, faturava alto na venda das botas da galera, s\u00f3 tenho d\u00favida se foi ele que fez aquela bota vermelha com ponta de metal altamente chique :).\u00a0<\/span><\/p>\n<p style=\"text-align:justify\">Kinda garden June Festival in Fraiburgo, also known as festa de S\u00e3o Jo\u00e3o for their part in celebrating the nativity of St. John the Baptist, takes place in the beginning of the Brazilian winter. These festivities, which were introduced by the Portuguese during the colonial period (1500-1822), are celebrated nationwide. How happy and organizied we are since at that age girls upa boys down&#8230;<\/p>\n<div id=\"attachment_1343\" style=\"width: 510px\" class=\"wp-caption aligncenter\"><a href=\"https:\/\/lanofrai.com.br\/wp-content\/uploads\/2012\/06\/pingo-de-gente-2.jpg\"><img loading=\"lazy\" decoding=\"async\" aria-describedby=\"caption-attachment-1343\" class=\"size-full wp-image-1343 \" title=\"Pingo de gente 2\" src=\"https:\/\/lanofrai.com.br\/wp-content\/uploads\/2012\/06\/pingo-de-gente-2.jpg\" alt=\"\" width=\"500\" height=\"335\" srcset=\"https:\/\/lanofrai.com.br\/en\/wp-content\/uploads\/sites\/3\/2012\/06\/pingo-de-gente-2.jpg 655w, https:\/\/lanofrai.com.br\/en\/wp-content\/uploads\/sites\/3\/2012\/06\/pingo-de-gente-2-300x201.jpg 300w, https:\/\/lanofrai.com.br\/en\/wp-content\/uploads\/sites\/3\/2012\/06\/pingo-de-gente-2-624x419.jpg 624w\" sizes=\"auto, (max-width: 500px) 100vw, 500px\" \/><\/a><p id=\"caption-attachment-1343\" class=\"wp-caption-text\">Kelly Benetti Tonani Tosta, Patr\u00edcia Schneiker Lemos, Caroline Pirolli, Valesca Gomes, Burda Juliano, Cassia Dias, Nadielli Vinicio Stanguerlin Moraes, Rafael J. Deitos, Camila Biscaro Borges, Juliano Schneiker and Renata Costa. &#8211; Prof N\u00e1dia com o Estefan.<\/p><\/div>\n<div><\/div>\n<div><\/div>\n<div><\/div>\n<div><\/div>\n<div><\/div>\n","protected":false},"excerpt":{"rendered":"<p>As festas juninas no Frai s\u00e3o memor\u00e1veis, pois \u00e9 o grande momento do ano onde todos os tchozinhos e tchozinhas v\u00e3o celebrar a vida vestidos de tchozinhos e tchozinhas. Nesse sentido, a grande maioria das pessoas com quem converso lembram das tradicional\u00edssimas festas do col\u00e9gio Gon\u00e7alves Dias com aquelas pescarias, pris\u00f5es, espetinho, quent\u00e3o, corrida de [&hellip;]<\/p>\n","protected":false},"author":1,"featured_media":0,"comment_status":"open","ping_status":"open","sticky":false,"template":"","format":"standard","meta":{"footnotes":""},"categories":[4,13],"tags":[106,184,248,501,599,700,893,939,972,1070,1074,1158,1160,1193],"class_list":["post-1341","post","type-post","status-publish","format-standard","hentry","category-celebrations","category-its-people","tag-artecouro","tag-botas","tag-chapel","tag-festivity","tag-historia","tag-junina","tag-party","tag-pingo-de-gente","tag-prendinhas","tag-sait-john","tag-sao-joao","tag-tchozinha","tag-tchozinho","tag-traditional"],"_links":{"self":[{"href":"https:\/\/lanofrai.com.br\/en\/wp-json\/wp\/v2\/posts\/1341","targetHints":{"allow":["GET"]}}],"collection":[{"href":"https:\/\/lanofrai.com.br\/en\/wp-json\/wp\/v2\/posts"}],"about":[{"href":"https:\/\/lanofrai.com.br\/en\/wp-json\/wp\/v2\/types\/post"}],"author":[{"embeddable":true,"href":"https:\/\/lanofrai.com.br\/en\/wp-json\/wp\/v2\/users\/1"}],"replies":[{"embeddable":true,"href":"https:\/\/lanofrai.com.br\/en\/wp-json\/wp\/v2\/comments?post=1341"}],"version-history":[{"count":0,"href":"https:\/\/lanofrai.com.br\/en\/wp-json\/wp\/v2\/posts\/1341\/revisions"}],"wp:attachment":[{"href":"https:\/\/lanofrai.com.br\/en\/wp-json\/wp\/v2\/media?parent=1341"}],"wp:term":[{"taxonomy":"category","embeddable":true,"href":"https:\/\/lanofrai.com.br\/en\/wp-json\/wp\/v2\/categories?post=1341"},{"taxonomy":"post_tag","embeddable":true,"href":"https:\/\/lanofrai.com.br\/en\/wp-json\/wp\/v2\/tags?post=1341"}],"curies":[{"name":"wp","href":"https:\/\/api.w.org\/{rel}","templated":true}]}}