{"id":139357,"date":"2014-01-02T21:23:03","date_gmt":"2014-01-03T00:23:03","guid":{"rendered":"http:\/\/lanofrai.com.br\/2014\/01\/02\/bairro-santo-antonio-em-alta-resolucao\/"},"modified":"2014-01-02T21:23:03","modified_gmt":"2014-01-03T00:23:03","slug":"santa_antonio","status":"publish","type":"post","link":"https:\/\/lanofrai.com.br\/en\/2014\/01\/02\/santa_antonio\/","title":{"rendered":"Santo Ant\u00f4nio em alta resolu\u00e7\u00e3o \/ Fraiburgo in high definition"},"content":{"rendered":"<p><a href=\"http:\/\/lanofrai.files.wordpress.com\/2014\/01\/santo-antc3b4nio-em-alta-resoluc3a7c3a3o.jpg\"><img loading=\"lazy\" decoding=\"async\" class=\" alignnone\" alt=\"Bairro Santo Ant\u00f4nio em alta resolu\u00e7\u00e3o \" src=\"http:\/\/lanofrai.files.wordpress.com\/2014\/01\/santo-antc3b4nio-em-alta-resoluc3a7c3a3o.jpg\" width=\"2896\" height=\"1944\" \/><\/a><\/p>\n<p><span style=\"color:#000000\">View of the Santo Antonio neighborhood by the end of the year 2013.\u00a0<\/span><\/p>\n<p><span style=\"color:#008000\">Vista em alta resolu\u00e7\u00e3o da rodovi\u00e1ria em um final de tarde espetacular L\u00e1 no Frai tch\u00d4!!! Sim este \u00e9 um \u00f3timo lugar para um diz se fazer um baita mirante pra ver toda a cidade!\u00a0<\/span><\/p>\n","protected":false},"excerpt":{"rendered":"<p>View of the Santo Antonio neighborhood by the end of the year 2013.\u00a0 Vista em alta resolu\u00e7\u00e3o da rodovi\u00e1ria em um final de tarde espetacular L\u00e1 no Frai tch\u00d4!!! Sim este \u00e9 um \u00f3timo lugar para um diz se fazer um baita mirante pra ver toda a cidade!\u00a0<\/p>\n","protected":false},"author":1,"featured_media":0,"comment_status":"open","ping_status":"open","sticky":false,"template":"","format":"image","meta":{"footnotes":""},"categories":[5,18],"tags":[28,131,321,351,507,697,759,801,842,1058,1131,1253],"class_list":["post-139357","post","type-post","status-publish","format-image","hentry","category-sky","category-the-city-a-cidade","tag-28","tag-bairro","tag-cores","tag-december","tag-final-de-tarde","tag-joni-hoppen","tag-luz","tag-mirante","tag-nikon","tag-rodoviaria","tag-sunset","tag-vista","post_format-post-format-image"],"_links":{"self":[{"href":"https:\/\/lanofrai.com.br\/en\/wp-json\/wp\/v2\/posts\/139357","targetHints":{"allow":["GET"]}}],"collection":[{"href":"https:\/\/lanofrai.com.br\/en\/wp-json\/wp\/v2\/posts"}],"about":[{"href":"https:\/\/lanofrai.com.br\/en\/wp-json\/wp\/v2\/types\/post"}],"author":[{"embeddable":true,"href":"https:\/\/lanofrai.com.br\/en\/wp-json\/wp\/v2\/users\/1"}],"replies":[{"embeddable":true,"href":"https:\/\/lanofrai.com.br\/en\/wp-json\/wp\/v2\/comments?post=139357"}],"version-history":[{"count":0,"href":"https:\/\/lanofrai.com.br\/en\/wp-json\/wp\/v2\/posts\/139357\/revisions"}],"wp:attachment":[{"href":"https:\/\/lanofrai.com.br\/en\/wp-json\/wp\/v2\/media?parent=139357"}],"wp:term":[{"taxonomy":"category","embeddable":true,"href":"https:\/\/lanofrai.com.br\/en\/wp-json\/wp\/v2\/categories?post=139357"},{"taxonomy":"post_tag","embeddable":true,"href":"https:\/\/lanofrai.com.br\/en\/wp-json\/wp\/v2\/tags?post=139357"}],"curies":[{"name":"wp","href":"https:\/\/api.w.org\/{rel}","templated":true}]}}