{"id":140849,"date":"2014-01-04T15:20:59","date_gmt":"2014-01-04T18:20:59","guid":{"rendered":"http:\/\/lanofrai.com.br\/?p=140849"},"modified":"2014-01-04T15:20:59","modified_gmt":"2014-01-04T18:20:59","slug":"cachoeira-tombo-do-tcho-videira-sc-la-no-frai-expedition","status":"publish","type":"post","link":"https:\/\/lanofrai.com.br\/en\/2014\/01\/04\/cachoeira-tombo-do-tcho-videira-sc-la-no-frai-expedition\/","title":{"rendered":"Cachoeira Tombo do Tch\u00f4 &#8211; Videira &#8211; SC &#8211; L\u00e1 no Frai expedition"},"content":{"rendered":"<p style=\"text-align:justify\"><span style=\"color:#008000\">Depois de uma longa pernada, v\u00e1rios tombos, trilha perigosa, chuva e quase perda da c\u00e2mera chegamos a essa p\u00e9rola no meio oeste de Santa Catarina, a qual \u00e9 praticamente desconhecida, ainda mais se comparada a atores da globo e jogadores de futebol. O objetivo desse post \u00e9, assim como a grande maioria das publica\u00e7\u00f5es do blog, valorizar as riquezas escondidas na regi\u00e3o aqui denominada tchozina por pura licen\u00e7a po\u00e9tica em homenagem aos tch\u00f4s e tchoas da regi\u00e3o. Como estas quedas n\u00e3o tem um nome espec\u00edfico resolvemos cham\u00e1-la de tombo do tch\u00f4 como forma de alertar a todos os visitantes sobre essa fascinante obra da natureza mas que tamb\u00e9m oferece muitos riscos. Ao final apresentamos a localiza\u00e7\u00e3o da cachoeira com o m\u00e1ximo de detalhes poss\u00edveis. Click nas imagens para aumentar o tamanho da visualiza\u00e7\u00e3o.<\/span><\/p>\n<p><span style=\"color:#ff0000\"><span style=\"font-family:'lucida grande', tahoma, verdana, arial, sans-serif\">Antes de descrever qualquer coisa, aqui v\u00e3o as notas de aten\u00e7\u00e3o. <\/span><\/span><\/p>\n<blockquote>\n<p style=\"text-align:justify\"><span style=\"color:#ff0000\"><span style=\"font-family:'lucida grande', tahoma, verdana, arial, sans-serif\">&#8211; A cachoeira \u00e9 t\u00e3o<span style=\"color:#ff0000\"> fascinante como perigosa pois \u00e9 onde todo o rio\u00a0do peixe mergulha. \u00c9 necess\u00e1rio muito cuidado, mesmo com experi\u00eancia de alguns anos de trilhas em v\u00e1rias partes do mundo, esse \u00e9 um dos lugares mais perigosos que j\u00e1 visitei principalmente a parte de baixo da cachoeira.<\/span><br \/>\n<\/span><\/span><span style=\"color:#ff0000\"><span style=\"font-family:'lucida grande', tahoma, verdana, arial, sans-serif\">&#8211; N\u00e3o subestime a for\u00e7a da \u00e1gua, a irregularidade das pedras pode ser fatal<br \/>\n<\/span><span style=\"font-family:'lucida grande', tahoma, verdana, arial, sans-serif\">&#8211; Use t\u00eanis com garras e sempre tenha as duas m\u00e3o livres para caminhar sobre as pedras algumas s\u00e3o grandes<br \/>\n<\/span><span style=\"font-family:'lucida grande', tahoma, verdana, arial, sans-serif\">&#8211; Como existem muitos tipos, formatos e cores de pedras n\u00e3o existe um padr\u00e3o de como se deslocar entre elas a n\u00e3o ser ir com calma, analisando cada passo e sempre com o apoio das m\u00e3os.<br \/>\n<\/span><span style=\"font-family:'lucida grande', tahoma, verdana, arial, sans-serif\">&#8211; N\u00e3o h\u00e1 sinal de celular, v\u00e1 em grupo.<br \/>\n<\/span><span style=\"font-family:'lucida grande', tahoma, verdana, arial, sans-serif\"><span style=\"color:#ff0000\">&#8211; N\u00e3o jogue lixo nesse para\u00edso natural e se puder retire o que encontrar, isso n\u00e3o \u00e9 para a sua seguran\u00e7a \u00e9 para a seguran\u00e7a da vida do ecossiste<\/span>ma.<br \/>\n<\/span><\/span><span style=\"color:#ff0000\"><span style=\"font-family:'lucida grande', tahoma, verdana, arial, sans-serif\">&#8211; Verifique as condi\u00e7\u00f5es do clima, procure ir de 3 a 4 dias desde a \u00faltima chuva. O rio do peixe assim como todos os demais da regi\u00e3o ficam muito escuros com a chuva. Quanto mais \u00e1gua maior o risco.<\/span><\/span><\/p>\n<p style=\"text-align:justify\">\n<\/blockquote>\n<p style=\"text-align:justify\"><span style=\"color:#008000\">Abaixo est\u00e1 a primeira foto foi encontrada na internet, a qual despertou a pesquisa pelo local, foram realizadas aproximadamente 3 viagens \u00e0 Videira sem encontrar algu\u00e9m que soubesse desse ponto, provando que a desinforma\u00e7\u00e3o regional \u00e9 grande.\u00a0<span style=\"font-family:'lucida grande', tahoma, verdana, arial, sans-serif\">Ser tch\u00f4 e n\u00e3o desfrutar da regi\u00e3o tchozina \u00e9 o preju\u00edzo humano incalcul\u00e1vel, uma esp\u00e9cie de pecado. Me parece que quanto mais civilizados nos tornamos, menos gratuita a natureza se torna. Esse comportamento econ\u00f4mico nunca mudar\u00e1, nunca&#8230;<\/span><\/span><\/p>\n<div id=\"attachment_140850\" style=\"width: 490px\" class=\"wp-caption aligncenter\"><a href=\"https:\/\/lanofrai.com.br\/wp-content\/uploads\/2014\/01\/w_h_1316_rio_do_peixe_videira_560.jpg\"><img loading=\"lazy\" decoding=\"async\" aria-describedby=\"caption-attachment-140850\" class=\"size-full wp-image-140850 \" alt=\"w_h_1316_rio_do_peixe_Videira_560\" src=\"https:\/\/lanofrai.com.br\/wp-content\/uploads\/2014\/01\/w_h_1316_rio_do_peixe_videira_560.jpg\" width=\"480\" height=\"320\" srcset=\"https:\/\/lanofrai.com.br\/en\/wp-content\/uploads\/sites\/3\/2014\/01\/w_h_1316_rio_do_peixe_videira_560.jpg 480w, https:\/\/lanofrai.com.br\/en\/wp-content\/uploads\/sites\/3\/2014\/01\/w_h_1316_rio_do_peixe_videira_560-300x200.jpg 300w\" sizes=\"auto, (max-width: 480px) 100vw, 480px\" \/><\/a><p id=\"caption-attachment-140850\" class=\"wp-caption-text\">Por &#8211; Gerard Moss<\/p><\/div>\n<div id=\"attachment_140856\" style=\"width: 510px\" class=\"wp-caption aligncenter\"><a href=\"https:\/\/lanofrai.com.br\/wp-content\/uploads\/2014\/01\/dsc_0085-3.jpg\"><img loading=\"lazy\" decoding=\"async\" aria-describedby=\"caption-attachment-140856\" class=\"wp-image-140856 \" alt=\"Cachoeira tombo do tcho\" src=\"https:\/\/lanofrai.com.br\/wp-content\/uploads\/2014\/01\/dsc_0085-3.jpg\" width=\"500\" height=\"269\" srcset=\"https:\/\/lanofrai.com.br\/en\/wp-content\/uploads\/sites\/3\/2014\/01\/dsc_0085-3.jpg 1936w, https:\/\/lanofrai.com.br\/en\/wp-content\/uploads\/sites\/3\/2014\/01\/dsc_0085-3-300x161.jpg 300w, https:\/\/lanofrai.com.br\/en\/wp-content\/uploads\/sites\/3\/2014\/01\/dsc_0085-3-1024x551.jpg 1024w, https:\/\/lanofrai.com.br\/en\/wp-content\/uploads\/sites\/3\/2014\/01\/dsc_0085-3-624x336.jpg 624w\" sizes=\"auto, (max-width: 500px) 100vw, 500px\" \/><\/a><p id=\"caption-attachment-140856\" class=\"wp-caption-text\">Esta \u00e9 uma vista da trilha inferior, decidimos n\u00e3o cruzar at\u00e9 o outro lado da margem porque as dimens\u00f5es e quantidade de \u00e1gua podem enganar o tch\u00f4.<\/p><\/div>\n<div id=\"attachment_140857\" style=\"width: 510px\" class=\"wp-caption aligncenter\"><a href=\"https:\/\/lanofrai.com.br\/wp-content\/uploads\/2014\/01\/dsc_01942.jpg\"><img loading=\"lazy\" decoding=\"async\" aria-describedby=\"caption-attachment-140857\" class=\"size-full wp-image-140857 \" alt=\"DSC_01942\" src=\"https:\/\/lanofrai.com.br\/wp-content\/uploads\/2014\/01\/dsc_01942.jpg\" width=\"500\" height=\"334\" srcset=\"https:\/\/lanofrai.com.br\/en\/wp-content\/uploads\/sites\/3\/2014\/01\/dsc_01942.jpg 1936w, https:\/\/lanofrai.com.br\/en\/wp-content\/uploads\/sites\/3\/2014\/01\/dsc_01942-300x200.jpg 300w, https:\/\/lanofrai.com.br\/en\/wp-content\/uploads\/sites\/3\/2014\/01\/dsc_01942-1024x685.jpg 1024w, https:\/\/lanofrai.com.br\/en\/wp-content\/uploads\/sites\/3\/2014\/01\/dsc_01942-624x417.jpg 624w\" sizes=\"auto, (max-width: 500px) 100vw, 500px\" \/><\/a><p id=\"caption-attachment-140857\" class=\"wp-caption-text\">Vista da for\u00e7a das \u00e1guas e a impossibilidade de enquadrar todas as cachoeiras na mesma imagem, \u00e9 muita informa\u00e7\u00e3o aos olhos, para quem presencia esse local \u00e9 muita informa\u00e7\u00e3o para todos os sentidos.<\/p><\/div>\n<p><!--more--><\/p>\n<div id=\"attachment_140885\" style=\"width: 510px\" class=\"wp-caption aligncenter\"><a href=\"https:\/\/lanofrai.com.br\/wp-content\/uploads\/2014\/01\/pedra-que-treme.jpg\"><img loading=\"lazy\" decoding=\"async\" aria-describedby=\"caption-attachment-140885\" class=\"size-full wp-image-140885 \" alt=\"Pedra que treme\" src=\"https:\/\/lanofrai.com.br\/wp-content\/uploads\/2014\/01\/pedra-que-treme.jpg\" width=\"500\" height=\"750\" srcset=\"https:\/\/lanofrai.com.br\/en\/wp-content\/uploads\/sites\/3\/2014\/01\/pedra-que-treme.jpg 2490w, https:\/\/lanofrai.com.br\/en\/wp-content\/uploads\/sites\/3\/2014\/01\/pedra-que-treme-199x300.jpg 199w, https:\/\/lanofrai.com.br\/en\/wp-content\/uploads\/sites\/3\/2014\/01\/pedra-que-treme-682x1024.jpg 682w, https:\/\/lanofrai.com.br\/en\/wp-content\/uploads\/sites\/3\/2014\/01\/pedra-que-treme-624x936.jpg 624w\" sizes=\"auto, (max-width: 500px) 100vw, 500px\" \/><\/a><p id=\"caption-attachment-140885\" class=\"wp-caption-text\">Vista da parte superior ap\u00f3s a barragem, neste ponto as pedras vibram com a for\u00e7a da \u00e1gua<\/p><\/div>\n<p><a href=\"https:\/\/lanofrai.com.br\/wp-content\/uploads\/2014\/01\/barragem.jpg\"><img loading=\"lazy\" decoding=\"async\" class=\"aligncenter size-full wp-image-140925\" alt=\"Barragem\" src=\"https:\/\/lanofrai.com.br\/wp-content\/uploads\/2014\/01\/barragem.jpg\" width=\"500\" height=\"289\" srcset=\"https:\/\/lanofrai.com.br\/en\/wp-content\/uploads\/sites\/3\/2014\/01\/barragem.jpg 3551w, https:\/\/lanofrai.com.br\/en\/wp-content\/uploads\/sites\/3\/2014\/01\/barragem-300x173.jpg 300w, https:\/\/lanofrai.com.br\/en\/wp-content\/uploads\/sites\/3\/2014\/01\/barragem-1024x592.jpg 1024w, https:\/\/lanofrai.com.br\/en\/wp-content\/uploads\/sites\/3\/2014\/01\/barragem-624x360.jpg 624w\" sizes=\"auto, (max-width: 500px) 100vw, 500px\" \/><\/a><\/p>\n<p><span style=\"color:#008000;font-size:2em;line-height:1.5em\">Localiza\u00e7\u00e3o \/ Como chegar<\/span><\/p>\n<p style=\"text-align:justify\"><span style=\"color:#008000\">Acesse o site maps.google.com e insira as seguintes coordenadas <span style=\"font-family:Arial\">-26.96017,-51.156561 depois no bot\u00e3o como chegar indique o local onde voc\u00ea est\u00e1 ele te dir\u00e1 o caminho.\u00a0<\/span>Segue uma visualiza\u00e7\u00e3o de um poss\u00edvel trajeto feito pelo google usando a op\u00e7\u00e3o como chegar, tamb\u00e9m \u00e9 poss\u00edvel (para quem tem disposi\u00e7\u00e3o) ir a p\u00e9 pelos trilhos do trem vindo do centro de Videira.\u00a0No nosso caso, fomos de carro do centro at\u00e9 a comunidade chamada\u00a0<span style=\"font-family:'lucida grande', tahoma, verdana, arial, sans-serif\">Linha <\/span><span style=\"font-family:'lucida grande', tahoma, verdana, arial, sans-serif\">B<\/span><span style=\"font-family:'lucida grande', tahoma, verdana, arial, sans-serif\">aroncelo <\/span><span style=\"font-family:'lucida grande', tahoma, verdana, arial, sans-serif\">a qual n\u00e3o sei como explicar o trajeto, mas se voc\u00ea conseguir chegar at\u00e9 l\u00e1 poder\u00e1 pedir informa\u00e7\u00f5es. No nosso caso chegamos at\u00e9 uma casa onde a senhora foi super gentil e nos deixou passar a p\u00e9 pela propriedade dela at\u00e9 chegar aos trilhos do trem e depois at\u00e9 o despraiado.<\/span><\/span><\/p>\n<div style=\"width: 510px\" class=\"wp-caption aligncenter\"><a href=\"https:\/\/lanofrai.com.br\/wp-content\/uploads\/2014\/01\/mapa-do-rio.jpg\"><img loading=\"lazy\" decoding=\"async\" alt=\"Mapa do Rio\" src=\"https:\/\/lanofrai.com.br\/wp-content\/uploads\/2014\/01\/mapa-do-rio.jpg\" width=\"500\" height=\"426\" \/><\/a><p class=\"wp-caption-text\">Montagem da imagem do google maps<\/p><\/div>\n<p><span style=\"color:#008000;font-size:14px;line-height:1.5em\">Porque essas coisas da regi\u00e3o s\u00e3o t\u00e3o precisas tch\u00f4? Da uma olhada nas informa\u00e7\u00f5es a baixo:\u00a0<\/span><\/p>\n<p style=\"text-align:center\"><a href=\"https:\/\/lanofrai.com.br\/wp-content\/uploads\/2014\/01\/quem-gasta-mais-c3a1gua.jpg\"><img loading=\"lazy\" decoding=\"async\" class=\"size-full wp-image-140865 aligncenter\" alt=\"Quem gasta mais \u00e1gua\" src=\"https:\/\/lanofrai.com.br\/wp-content\/uploads\/2014\/01\/quem-gasta-mais-c3a1gua.jpg\" width=\"500\" height=\"283\" srcset=\"https:\/\/lanofrai.com.br\/en\/wp-content\/uploads\/sites\/3\/2014\/01\/quem-gasta-mais-c3a1gua.jpg 752w, https:\/\/lanofrai.com.br\/en\/wp-content\/uploads\/sites\/3\/2014\/01\/quem-gasta-mais-c3a1gua-300x170.jpg 300w, https:\/\/lanofrai.com.br\/en\/wp-content\/uploads\/sites\/3\/2014\/01\/quem-gasta-mais-c3a1gua-624x354.jpg 624w\" sizes=\"auto, (max-width: 500px) 100vw, 500px\" \/><\/a><\/p>\n<p style=\"text-align:center\"><a href=\"https:\/\/lanofrai.com.br\/wp-content\/uploads\/2014\/01\/distribuic3a7c3a0o-das-reservas-1.jpg\"><img loading=\"lazy\" decoding=\"async\" class=\"wp-image-140868 aligncenter\" alt=\"Distribui\u00e7\u00e0o das reservas (1)\" src=\"https:\/\/lanofrai.com.br\/wp-content\/uploads\/2014\/01\/distribuic3a7c3a0o-das-reservas-1.jpg\" width=\"338\" height=\"442\" srcset=\"https:\/\/lanofrai.com.br\/en\/wp-content\/uploads\/sites\/3\/2014\/01\/distribuic3a7c3a0o-das-reservas-1.jpg 338w, https:\/\/lanofrai.com.br\/en\/wp-content\/uploads\/sites\/3\/2014\/01\/distribuic3a7c3a0o-das-reservas-1-229x300.jpg 229w\" sizes=\"auto, (max-width: 338px) 100vw, 338px\" \/><\/a><\/p>\n<h1 style=\"text-align:justify\"><\/h1>\n<h1 style=\"text-align:justify\"><span style=\"color:#008000\">Conclus\u00f5es<\/span><\/h1>\n<p style=\"text-align:justify\"><span style=\"color:#008000;font-size:14px;line-height:1.5em\">Apesar dos riscos, \u00e9 uma aventura que vale a pena. Aproveitem pra conhecer tudo o que puderem pois a tend\u00eancia natural do homem \u00e9 n\u00e3o se preocupar em perder aquilo que desconhece. Se gostou da publica\u00e7\u00e3o, repasse a informa\u00e7\u00e3o aos seus amigos, se n\u00e3o gostou repasse aos seus inimigos. Ajude a proteger essas maravilhas que ainda temos. Um grande abra\u00e7o a todos aqueles que curtem o trabalho do projeto L\u00e1 no Frai. Um \u00f3timo 2014 para todos.<\/span><\/p>\n","protected":false},"excerpt":{"rendered":"<p>Depois de uma longa pernada, v\u00e1rios tombos, trilha perigosa, chuva e quase perda da c\u00e2mera chegamos a essa p\u00e9rola no meio oeste de Santa Catarina, a qual \u00e9 praticamente desconhecida, ainda mais se comparada a atores da globo e jogadores de futebol. O objetivo desse post \u00e9, assim como a grande maioria das publica\u00e7\u00f5es do [&hellip;]<\/p>\n","protected":false},"author":1,"featured_media":0,"comment_status":"open","ping_status":"open","sticky":false,"template":"","format":"standard","meta":{"footnotes":""},"categories":[12],"tags":[50,127,208,423,472,473,522,834,905,913,974,988,1037,1048,1052,1188,1210,1221,1240],"class_list":["post-140849","post","type-post","status-publish","format-standard","hentry","category-na-regiao-in-the-region","tag-agua","tag-aventura","tag-cachoeira","tag-eletricidade","tag-expedicao","tag-expedition","tag-forca","tag-natureza","tag-pedras","tag-perigo","tag-preservacao","tag-protection","tag-represa","tag-rio","tag-rio-do-peixe","tag-tourism","tag-turismo","tag-usina","tag-videira"],"_links":{"self":[{"href":"https:\/\/lanofrai.com.br\/en\/wp-json\/wp\/v2\/posts\/140849","targetHints":{"allow":["GET"]}}],"collection":[{"href":"https:\/\/lanofrai.com.br\/en\/wp-json\/wp\/v2\/posts"}],"about":[{"href":"https:\/\/lanofrai.com.br\/en\/wp-json\/wp\/v2\/types\/post"}],"author":[{"embeddable":true,"href":"https:\/\/lanofrai.com.br\/en\/wp-json\/wp\/v2\/users\/1"}],"replies":[{"embeddable":true,"href":"https:\/\/lanofrai.com.br\/en\/wp-json\/wp\/v2\/comments?post=140849"}],"version-history":[{"count":0,"href":"https:\/\/lanofrai.com.br\/en\/wp-json\/wp\/v2\/posts\/140849\/revisions"}],"wp:attachment":[{"href":"https:\/\/lanofrai.com.br\/en\/wp-json\/wp\/v2\/media?parent=140849"}],"wp:term":[{"taxonomy":"category","embeddable":true,"href":"https:\/\/lanofrai.com.br\/en\/wp-json\/wp\/v2\/categories?post=140849"},{"taxonomy":"post_tag","embeddable":true,"href":"https:\/\/lanofrai.com.br\/en\/wp-json\/wp\/v2\/tags?post=140849"}],"curies":[{"name":"wp","href":"https:\/\/api.w.org\/{rel}","templated":true}]}}