{"id":1446,"date":"2012-06-29T23:10:27","date_gmt":"2012-06-30T02:10:27","guid":{"rendered":"http:\/\/lanofrai.com.br\/?p=1446"},"modified":"2012-06-29T23:10:27","modified_gmt":"2012-06-30T02:10:27","slug":"o-desacorco-the-sadness","status":"publish","type":"post","link":"https:\/\/lanofrai.com.br\/en\/2012\/06\/29\/o-desacorco-the-sadness\/","title":{"rendered":"O Desacor\u00e7o&#8230; The Sadness&#8230;"},"content":{"rendered":"<p><span style=\"color:#008000\">Caros leitch\u00f4res,<\/span><\/p>\n<p style=\"text-align:justify\"><span style=\"color:#008000\">Como muitos de voc\u00eas j\u00e1 devem saber, os tch\u00f4zinhos(as) do Frai n\u00e3o desanimam f\u00e1cil nem ficam tristes,\u00a0 eles apenas entram em processo de desacorcoamento, fato este, que pode variar em g\u00eanero e grau e afeta a todos invariavelmente. Nesse sentido a artista M\u00e1rcia Schuler de Videira (zona oeste da grande Fraibugo) conseguiu representar, em aquarela, o sentimento de desacor\u00e7oamento dos tch\u00f4 do contestado no seu sentido mais profundo, tendo como inspira\u00e7\u00e3o a humilha\u00e7\u00e3o tchozina na guerra do contestado que resultou na mutila\u00e7\u00e3o do tecido social brasileiro que se formava nessa regi\u00e3o h\u00e1 quase 100 anos. Foi uma gerra onde brasileiros mataram brasileiros motivados pelo pelo capital americano interessado em passar os trilhos por SC, retirar os milh\u00f5es de pinheiros, e vender a terra loteada aos europeus esfomeados que aqui n\u00e3o paravam de chegar e hoje ajudam a formar esse caldeir\u00e3o multi-\u00e9tnico que \u00e9 a grade Fraiburgo. Obrigado \u00e0 M\u00e1rcia por compartilh\u00e1-la de forma digital e por nos ajudar remontar um pouco dos cacos da nossa hist\u00f3ria&#8230;<\/span><\/p>\n<p style=\"text-align:justify\"><span style=\"color:#008000\">\u00a0<\/span>Dear international reader,<br \/>\nAs you probably don&#8217;t know, in our Fraiburguese dialect we, sometimes, make use of interesting expressions with a strong meaning for sadness which is a thing that affects all human beings without exception. In this sense the artist Marcia Schuler from Videira (west of the great Fraibugo&#8217;s metropolitan area) depicted, in watercolor, this feeling during that was more acute I would say after the contested war that took place in the region around 100 yeas ago when the locals (Brazilians) got killed and humiliated by other\u00a0 Brazilians defending the interests of an American Railway company that wanted the put the rails, get the land and millions of pine trees.<\/p>\n<div id=\"attachment_1448\" style=\"width: 510px\" class=\"wp-caption aligncenter\"><a href=\"https:\/\/lanofrai.com.br\/wp-content\/uploads\/2012\/06\/o-desacorccca7occ82o.jpg\"><img loading=\"lazy\" decoding=\"async\" aria-describedby=\"caption-attachment-1448\" class=\"size-full wp-image-1448\" title=\"O desacorc\u0327o\u0302o \/ The sadness\" src=\"https:\/\/lanofrai.com.br\/wp-content\/uploads\/2012\/06\/o-desacorccca7occ82o.jpg\" alt=\"\" width=\"500\" height=\"374\" srcset=\"https:\/\/lanofrai.com.br\/en\/wp-content\/uploads\/sites\/3\/2012\/06\/o-desacorccca7occ82o.jpg 715w, https:\/\/lanofrai.com.br\/en\/wp-content\/uploads\/sites\/3\/2012\/06\/o-desacorccca7occ82o-300x224.jpg 300w, https:\/\/lanofrai.com.br\/en\/wp-content\/uploads\/sites\/3\/2012\/06\/o-desacorccca7occ82o-624x466.jpg 624w\" sizes=\"auto, (max-width: 500px) 100vw, 500px\" \/><\/a><p id=\"caption-attachment-1448\" class=\"wp-caption-text\">P\u00e9s descal\u00e7os, cores indefinidas, assimetrias, cabe\u00e7a baixa e o chapel tchozino virado para sua direita.<\/p><\/div>\n<p>&#8211;<\/p>\n","protected":false},"excerpt":{"rendered":"<p>Caros leitch\u00f4res, Como muitos de voc\u00eas j\u00e1 devem saber, os tch\u00f4zinhos(as) do Frai n\u00e3o desanimam f\u00e1cil nem ficam tristes,\u00a0 eles apenas entram em processo de desacorcoamento, fato este, que pode variar em g\u00eanero e grau e afeta a todos invariavelmente. Nesse sentido a artista M\u00e1rcia Schuler de Videira (zona oeste da grande Fraibugo) conseguiu representar, [&hellip;]<\/p>\n","protected":false},"author":1,"featured_media":0,"comment_status":"open","ping_status":"open","sticky":false,"template":"","format":"standard","meta":{"footnotes":""},"categories":[18],"tags":[66,91,312,313,362,363,529,564,626,777,938,1146,1148,1204,1240],"class_list":["post-1446","post","type-post","status-publish","format-standard","hentry","category-the-city-a-cidade","tag-american-railway","tag-aquarela","tag-contestado","tag-contested-war","tag-desacorcoamento","tag-desacorcoar","tag-fraiburgo","tag-gerra","tag-humiliacao","tag-marcia-schuler","tag-pine-trees","tag-taquarocu","tag-tcho","tag-tristesa","tag-videira"],"_links":{"self":[{"href":"https:\/\/lanofrai.com.br\/en\/wp-json\/wp\/v2\/posts\/1446","targetHints":{"allow":["GET"]}}],"collection":[{"href":"https:\/\/lanofrai.com.br\/en\/wp-json\/wp\/v2\/posts"}],"about":[{"href":"https:\/\/lanofrai.com.br\/en\/wp-json\/wp\/v2\/types\/post"}],"author":[{"embeddable":true,"href":"https:\/\/lanofrai.com.br\/en\/wp-json\/wp\/v2\/users\/1"}],"replies":[{"embeddable":true,"href":"https:\/\/lanofrai.com.br\/en\/wp-json\/wp\/v2\/comments?post=1446"}],"version-history":[{"count":0,"href":"https:\/\/lanofrai.com.br\/en\/wp-json\/wp\/v2\/posts\/1446\/revisions"}],"wp:attachment":[{"href":"https:\/\/lanofrai.com.br\/en\/wp-json\/wp\/v2\/media?parent=1446"}],"wp:term":[{"taxonomy":"category","embeddable":true,"href":"https:\/\/lanofrai.com.br\/en\/wp-json\/wp\/v2\/categories?post=1446"},{"taxonomy":"post_tag","embeddable":true,"href":"https:\/\/lanofrai.com.br\/en\/wp-json\/wp\/v2\/tags?post=1446"}],"curies":[{"name":"wp","href":"https:\/\/api.w.org\/{rel}","templated":true}]}}