{"id":1459,"date":"2012-07-03T19:03:52","date_gmt":"2012-07-03T22:03:52","guid":{"rendered":"http:\/\/lanofrai.com.br\/?p=1459"},"modified":"2012-07-03T19:03:52","modified_gmt":"2012-07-03T22:03:52","slug":"o-catchorro-de-tcho-quenorris-portuguese-only","status":"publish","type":"post","link":"https:\/\/lanofrai.com.br\/en\/2012\/07\/03\/o-catchorro-de-tcho-quenorris-portuguese-only\/","title":{"rendered":"O catch\u00f4rro de Tch\u00f4 Quenorris! (portuguese only)"},"content":{"rendered":"<p style=\"text-align:justify\"><span style=\"color:#008000\">Depois de j\u00e1 apresentado o aqui no blog o <a href=\"https:\/\/lanofrai.com.br\/2012\/04\/05\/o-gatcho-do-tcho-quenorris-only-portuguese\/\"><span style=\"color:#008000\">gatch\u00f4 do Tch\u00f4 Quenorris<\/span><\/a>, finalmente chega ao p\u00fablico as primeiras imagens seu catch\u00f4rro. Foto tirada com lentes de longo alcance l\u00e1 de cima do pr\u00e9dio que faz sombra em Lebon R\u00e9gis. Contribui\u00e7\u00e3o de Juciele Baldissarelli do blog jornalistico <a href=\"http:\/\/jucielebaldissarelli.blogspot.com.br\"><span style=\"color:#008000\">Fraiburgo Terra da ma\u00e7\u00e3<\/span><\/a><\/span><\/p>\n<p><a href=\"https:\/\/lanofrai.com.br\/wp-content\/uploads\/2012\/07\/flagrante-4.jpg\"><img loading=\"lazy\" decoding=\"async\" class=\"aligncenter size-full wp-image-1460\" title=\"flagrante 4\" src=\"https:\/\/lanofrai.com.br\/wp-content\/uploads\/2012\/07\/flagrante-4.jpg\" alt=\"\" width=\"480\" height=\"297\" srcset=\"https:\/\/lanofrai.com.br\/en\/wp-content\/uploads\/sites\/3\/2012\/07\/flagrante-4.jpg 480w, https:\/\/lanofrai.com.br\/en\/wp-content\/uploads\/sites\/3\/2012\/07\/flagrante-4-300x185.jpg 300w\" sizes=\"auto, (max-width: 480px) 100vw, 480px\" \/><\/a><\/p>\n","protected":false},"excerpt":{"rendered":"<p>Depois de j\u00e1 apresentado o aqui no blog o gatch\u00f4 do Tch\u00f4 Quenorris, finalmente chega ao p\u00fablico as primeiras imagens seu catch\u00f4rro. Foto tirada com lentes de longo alcance l\u00e1 de cima do pr\u00e9dio que faz sombra em Lebon R\u00e9gis. Contribui\u00e7\u00e3o de Juciele Baldissarelli do blog jornalistico Fraiburgo Terra da ma\u00e7\u00e3<\/p>\n","protected":false},"author":1,"featured_media":0,"comment_status":"open","ping_status":"open","sticky":false,"template":"","format":"standard","meta":{"footnotes":""},"categories":[1],"tags":[169,194,236,524,640,724,725,1149],"class_list":["post-1459","post","type-post","status-publish","format-standard","hentry","category-without-categorie","tag-blog","tag-brincandinho","tag-catchorro","tag-foto","tag-imagens","tag-lebom-regis","tag-lebon-regis","tag-tcho-que-norris"],"_links":{"self":[{"href":"https:\/\/lanofrai.com.br\/en\/wp-json\/wp\/v2\/posts\/1459","targetHints":{"allow":["GET"]}}],"collection":[{"href":"https:\/\/lanofrai.com.br\/en\/wp-json\/wp\/v2\/posts"}],"about":[{"href":"https:\/\/lanofrai.com.br\/en\/wp-json\/wp\/v2\/types\/post"}],"author":[{"embeddable":true,"href":"https:\/\/lanofrai.com.br\/en\/wp-json\/wp\/v2\/users\/1"}],"replies":[{"embeddable":true,"href":"https:\/\/lanofrai.com.br\/en\/wp-json\/wp\/v2\/comments?post=1459"}],"version-history":[{"count":0,"href":"https:\/\/lanofrai.com.br\/en\/wp-json\/wp\/v2\/posts\/1459\/revisions"}],"wp:attachment":[{"href":"https:\/\/lanofrai.com.br\/en\/wp-json\/wp\/v2\/media?parent=1459"}],"wp:term":[{"taxonomy":"category","embeddable":true,"href":"https:\/\/lanofrai.com.br\/en\/wp-json\/wp\/v2\/categories?post=1459"},{"taxonomy":"post_tag","embeddable":true,"href":"https:\/\/lanofrai.com.br\/en\/wp-json\/wp\/v2\/tags?post=1459"}],"curies":[{"name":"wp","href":"https:\/\/api.w.org\/{rel}","templated":true}]}}