{"id":14748,"date":"2013-06-29T12:22:29","date_gmt":"2013-06-29T15:22:29","guid":{"rendered":"http:\/\/lanofrai.com.br\/?p=14748"},"modified":"2013-06-29T12:22:29","modified_gmt":"2013-06-29T15:22:29","slug":"foto-historica-historical-picture","status":"publish","type":"post","link":"https:\/\/lanofrai.com.br\/en\/2013\/06\/29\/foto-historica-historical-picture\/","title":{"rendered":"Foto hist\u00f3rica \/ Historical picture"},"content":{"rendered":"<p><span style=\"color:#008000\">Primeiro protesto Fraiburguense auto-organizado contra a desonestidade da gest\u00e3o p\u00fablica no pa\u00eds. A pra\u00e7a da chamin\u00e9 se torna o principal ponto de encontro. #changebrazil\u00a0<\/span><\/p>\n<p>This picture depicts this first self-organized event (demonstration) in the city against corruption in Brazilian politics. This monument became the official checkpoint. #changebrazil<\/p>\n<div id=\"attachment_14749\" style=\"width: 447px\" class=\"wp-caption aligncenter\"><a href=\"https:\/\/lanofrai.com.br\/wp-content\/uploads\/2013\/06\/screen-shot-2013-06-29-at-12-04-18-pm.png\"><img loading=\"lazy\" decoding=\"async\" aria-describedby=\"caption-attachment-14749\" class=\"size-full wp-image-14749\" alt=\"Chamin\u00e9 Fraiburgo\" src=\"https:\/\/lanofrai.com.br\/wp-content\/uploads\/2013\/06\/screen-shot-2013-06-29-at-12-04-18-pm.png\" width=\"437\" height=\"707\" srcset=\"https:\/\/lanofrai.com.br\/en\/wp-content\/uploads\/sites\/3\/2013\/06\/screen-shot-2013-06-29-at-12-04-18-pm.png 437w, https:\/\/lanofrai.com.br\/en\/wp-content\/uploads\/sites\/3\/2013\/06\/screen-shot-2013-06-29-at-12-04-18-pm-185x300.png 185w\" sizes=\"auto, (max-width: 437px) 100vw, 437px\" \/><\/a><p id=\"caption-attachment-14749\" class=\"wp-caption-text\">Ponto oficial de encontro &#8211; The oficial check point!<\/p><\/div>\n","protected":false},"excerpt":{"rendered":"<p>Primeiro protesto Fraiburguense auto-organizado contra a desonestidade da gest\u00e3o p\u00fablica no pa\u00eds. A pra\u00e7a da chamin\u00e9 se torna o principal ponto de encontro. #changebrazil\u00a0 This picture depicts this first self-organized event (demonstration) in the city against corruption in Brazilian politics. This monument became the official checkpoint. #changebrazil<\/p>\n","protected":false},"author":1,"featured_media":0,"comment_status":"open","ping_status":"open","sticky":false,"template":"","format":"standard","meta":{"footnotes":""},"categories":[2,8,9],"tags":[246,529,830,909,989],"class_list":["post-14748","post","type-post","status-publish","format-standard","hentry","category-architecture","category-fraiburguese-opinions","category-historical-pictures","tag-chamine","tag-fraiburgo","tag-nas-ruas","tag-people","tag-protesto"],"_links":{"self":[{"href":"https:\/\/lanofrai.com.br\/en\/wp-json\/wp\/v2\/posts\/14748","targetHints":{"allow":["GET"]}}],"collection":[{"href":"https:\/\/lanofrai.com.br\/en\/wp-json\/wp\/v2\/posts"}],"about":[{"href":"https:\/\/lanofrai.com.br\/en\/wp-json\/wp\/v2\/types\/post"}],"author":[{"embeddable":true,"href":"https:\/\/lanofrai.com.br\/en\/wp-json\/wp\/v2\/users\/1"}],"replies":[{"embeddable":true,"href":"https:\/\/lanofrai.com.br\/en\/wp-json\/wp\/v2\/comments?post=14748"}],"version-history":[{"count":0,"href":"https:\/\/lanofrai.com.br\/en\/wp-json\/wp\/v2\/posts\/14748\/revisions"}],"wp:attachment":[{"href":"https:\/\/lanofrai.com.br\/en\/wp-json\/wp\/v2\/media?parent=14748"}],"wp:term":[{"taxonomy":"category","embeddable":true,"href":"https:\/\/lanofrai.com.br\/en\/wp-json\/wp\/v2\/categories?post=14748"},{"taxonomy":"post_tag","embeddable":true,"href":"https:\/\/lanofrai.com.br\/en\/wp-json\/wp\/v2\/tags?post=14748"}],"curies":[{"name":"wp","href":"https:\/\/api.w.org\/{rel}","templated":true}]}}