{"id":1486,"date":"2012-07-16T22:13:37","date_gmt":"2012-07-17T01:13:37","guid":{"rendered":"http:\/\/lanofrai.com.br\/?p=1486"},"modified":"2012-07-16T22:13:37","modified_gmt":"2012-07-17T01:13:37","slug":"roger-biau-o-pai-da-maca-brasileira","status":"publish","type":"post","link":"https:\/\/lanofrai.com.br\/en\/2012\/07\/16\/roger-biau-o-pai-da-maca-brasileira\/","title":{"rendered":"Roger Biau, o pai da ma\u00e7\u00e3 Brasileira \/ The Father of Brazilian apples"},"content":{"rendered":"<p style=\"text-align:justify\"><span style=\"color:#008000\">C&#8217;est la vie! Miss\u00e3o cumprinda e hora de voltar para casa. Este post \u00e9 uma singela homenagem do L\u00e1 no Frai ao ilustr\u00edssimo senhor Roger Biau, uma das maiores personalidades da hist\u00f3ria de Fraiburgo e talvez do Brasil, contribuindo fundamentalmente para o desenvolvimento da ma\u00e7\u00e3 neste pa\u00eds e no car\u00e1cter s\u00f3cio-econ\u00f4mico-arquitet\u00f4nico do meio oeste catarinense. Sua moradia, o famoso &#8220;Castelinho&#8221;, um dia foi um sonho e hoje \u00e9 um dos pilares do grande e mais promissor complexo cultural e tur\u00edstico de Santa Catarina. Fica por nossa conta, Fraiburguenses do Frai e do restante do mundo, apreciar sua hist\u00f3ria de vida e aprender o que pudermos para continuar construindo uma cidade modelo, cada vez mais desenvolvida, bonita, organizada e justa para todos. Poder\u00edamos pensar em uma est\u00e1tua deste homem em algumas daquelas pequenas ilhas ou em algum outro ponto do nosso querido lago das arauc\u00e1rias?\u00a0 Merci beaucoup Roger.<\/span><\/p>\n<p style=\"text-align:justify\"><span style=\"color:#000000\">Guys, this French man &#8220;Roger Biau&#8221; is retiring of his life mission in Brazil when in 1963 he came to the middle of nowhere in the coutryside of Brazil to check the tecnical fiseability of large scale apple production in Brazil.\u00a0 After years intense research and pioneering they were able to introduce Brazil apples to virtually the whole country. Now with 82 years old he is moving back to his beloved home coutry where the rest of his family is living and awaiting for his precious presence. We are extremely thankful of his achievements and life examples and hope we can learn more about it to continue working on the laborious development of this city. Thanks Mr. Roger of everything and best wishes for your new life in France, c&#8217;est la vie.\u00a0 <\/span><\/p>\n<div id=\"attachment_1487\" style=\"width: 510px\" class=\"wp-caption aligncenter\"><a href=\"https:\/\/lanofrai.com.br\/wp-content\/uploads\/2012\/07\/541592_445335792164333_539733460_n.jpg\"><img loading=\"lazy\" decoding=\"async\" aria-describedby=\"caption-attachment-1487\" class=\"size-full wp-image-1487\" title=\"Roger Biau\" alt=\"\" src=\"https:\/\/lanofrai.com.br\/wp-content\/uploads\/2012\/07\/541592_445335792164333_539733460_n.jpg\" width=\"500\" height=\"750\" srcset=\"https:\/\/lanofrai.com.br\/en\/wp-content\/uploads\/sites\/3\/2012\/07\/541592_445335792164333_539733460_n.jpg 640w, https:\/\/lanofrai.com.br\/en\/wp-content\/uploads\/sites\/3\/2012\/07\/541592_445335792164333_539733460_n-200x300.jpg 200w, https:\/\/lanofrai.com.br\/en\/wp-content\/uploads\/sites\/3\/2012\/07\/541592_445335792164333_539733460_n-624x936.jpg 624w\" sizes=\"auto, (max-width: 500px) 100vw, 500px\" \/><\/a><p id=\"caption-attachment-1487\" class=\"wp-caption-text\">Por Ana Cristina Fran\u00e7a<\/p><\/div>\n<p style=\"text-align:center\">\n","protected":false},"excerpt":{"rendered":"<p>C&#8217;est la vie! Miss\u00e3o cumprinda e hora de voltar para casa. Este post \u00e9 uma singela homenagem do L\u00e1 no Frai ao ilustr\u00edssimo senhor Roger Biau, uma das maiores personalidades da hist\u00f3ria de Fraiburgo e talvez do Brasil, contribuindo fundamentalmente para o desenvolvimento da ma\u00e7\u00e3 neste pa\u00eds e no car\u00e1cter s\u00f3cio-econ\u00f4mico-arquitet\u00f4nico do meio oeste catarinense. [&hellip;]<\/p>\n","protected":false},"author":1,"featured_media":0,"comment_status":"open","ping_status":"open","sticky":false,"template":"","format":"standard","meta":{"footnotes":""},"categories":[13],"tags":[48,70,235,540,603,668,793,916,1059],"class_list":["post-1486","post","type-post","status-publish","format-standard","hentry","category-its-people","tag-agradecimento","tag-ana-cristina-franca","tag-castelinho","tag-french","tag-history","tag-intense-research","tag-merci-beaucoup","tag-personagem","tag-roger-biau"],"_links":{"self":[{"href":"https:\/\/lanofrai.com.br\/en\/wp-json\/wp\/v2\/posts\/1486","targetHints":{"allow":["GET"]}}],"collection":[{"href":"https:\/\/lanofrai.com.br\/en\/wp-json\/wp\/v2\/posts"}],"about":[{"href":"https:\/\/lanofrai.com.br\/en\/wp-json\/wp\/v2\/types\/post"}],"author":[{"embeddable":true,"href":"https:\/\/lanofrai.com.br\/en\/wp-json\/wp\/v2\/users\/1"}],"replies":[{"embeddable":true,"href":"https:\/\/lanofrai.com.br\/en\/wp-json\/wp\/v2\/comments?post=1486"}],"version-history":[{"count":0,"href":"https:\/\/lanofrai.com.br\/en\/wp-json\/wp\/v2\/posts\/1486\/revisions"}],"wp:attachment":[{"href":"https:\/\/lanofrai.com.br\/en\/wp-json\/wp\/v2\/media?parent=1486"}],"wp:term":[{"taxonomy":"category","embeddable":true,"href":"https:\/\/lanofrai.com.br\/en\/wp-json\/wp\/v2\/categories?post=1486"},{"taxonomy":"post_tag","embeddable":true,"href":"https:\/\/lanofrai.com.br\/en\/wp-json\/wp\/v2\/tags?post=1486"}],"curies":[{"name":"wp","href":"https:\/\/api.w.org\/{rel}","templated":true}]}}