{"id":1525,"date":"2012-07-27T19:54:26","date_gmt":"2012-07-27T22:54:26","guid":{"rendered":"http:\/\/lanofrai.com.br\/?p=1525"},"modified":"2012-07-27T19:54:26","modified_gmt":"2012-07-27T22:54:26","slug":"o-mais-vendido-portuguese-only","status":"publish","type":"post","link":"https:\/\/lanofrai.com.br\/en\/2012\/07\/27\/o-mais-vendido-portuguese-only\/","title":{"rendered":"O mais vendido (portuguese only)"},"content":{"rendered":"<p><span style=\"color:#008000\"> Primeiro disco de Raul Seixas traduzido para Fraiburgu\u00eas, recorde de vendas na regi\u00e3o por 15 anos consecutivos. Segue o refr\u00e3o mais comentado do show:<br \/>\n<\/span><\/p>\n<blockquote><p><span style=\"color:#008000\">Controlando a minha maluquez<\/span><\/p>\n<p><span style=\"color:#008000\">Misturada com o meu Fraiburgu\u00eas<\/span><\/p>\n<p><span style=\"color:#008000\">Vou fic\u00e1 aaaahhhh <\/span><\/p>\n<p><span style=\"color:#008000\">Fic\u00e1 com certeza maluco em Videra <\/span><\/p>\n<p><span style=\"color:#008000\">Eu vou ficar<\/span><\/p>\n<p><span style=\"color:#008000\">Ficar com certeza bem loco em videira<\/span><\/p><\/blockquote>\n<p><a href=\"https:\/\/lanofrai.com.br\/wp-content\/uploads\/2012\/07\/raul-seje-2.jpg\"><img loading=\"lazy\" decoding=\"async\" class=\"aligncenter size-full wp-image-1526\" title=\"raul seje 2\" src=\"https:\/\/lanofrai.com.br\/wp-content\/uploads\/2012\/07\/raul-seje-2.jpg\" alt=\"\" width=\"476\" height=\"511\" srcset=\"https:\/\/lanofrai.com.br\/en\/wp-content\/uploads\/sites\/3\/2012\/07\/raul-seje-2.jpg 476w, https:\/\/lanofrai.com.br\/en\/wp-content\/uploads\/sites\/3\/2012\/07\/raul-seje-2-279x300.jpg 279w\" sizes=\"auto, (max-width: 476px) 100vw, 476px\" \/><\/a><\/p>\n","protected":false},"excerpt":{"rendered":"<p>Primeiro disco de Raul Seixas traduzido para Fraiburgu\u00eas, recorde de vendas na regi\u00e3o por 15 anos consecutivos. Segue o refr\u00e3o mais comentado do show: Controlando a minha maluquez Misturada com o meu Fraiburgu\u00eas Vou fic\u00e1 aaaahhhh Fic\u00e1 com certeza maluco em Videra Eu vou ficar Ficar com certeza bem loco em videira<\/p>\n","protected":false},"author":1,"featured_media":0,"comment_status":"open","ping_status":"open","sticky":false,"template":"","format":"standard","meta":{"footnotes":""},"categories":[4],"tags":[499,826,1007,1008,1089,1254],"class_list":["post-1525","post","type-post","status-publish","format-standard","hentry","category-celebrations","tag-festa-da-maca","tag-musica","tag-raul","tag-raul-seixas","tag-seje","tag-vivo"],"_links":{"self":[{"href":"https:\/\/lanofrai.com.br\/en\/wp-json\/wp\/v2\/posts\/1525","targetHints":{"allow":["GET"]}}],"collection":[{"href":"https:\/\/lanofrai.com.br\/en\/wp-json\/wp\/v2\/posts"}],"about":[{"href":"https:\/\/lanofrai.com.br\/en\/wp-json\/wp\/v2\/types\/post"}],"author":[{"embeddable":true,"href":"https:\/\/lanofrai.com.br\/en\/wp-json\/wp\/v2\/users\/1"}],"replies":[{"embeddable":true,"href":"https:\/\/lanofrai.com.br\/en\/wp-json\/wp\/v2\/comments?post=1525"}],"version-history":[{"count":0,"href":"https:\/\/lanofrai.com.br\/en\/wp-json\/wp\/v2\/posts\/1525\/revisions"}],"wp:attachment":[{"href":"https:\/\/lanofrai.com.br\/en\/wp-json\/wp\/v2\/media?parent=1525"}],"wp:term":[{"taxonomy":"category","embeddable":true,"href":"https:\/\/lanofrai.com.br\/en\/wp-json\/wp\/v2\/categories?post=1525"},{"taxonomy":"post_tag","embeddable":true,"href":"https:\/\/lanofrai.com.br\/en\/wp-json\/wp\/v2\/tags?post=1525"}],"curies":[{"name":"wp","href":"https:\/\/api.w.org\/{rel}","templated":true}]}}