{"id":1551,"date":"2012-08-03T22:45:20","date_gmt":"2012-08-04T01:45:20","guid":{"rendered":"http:\/\/lanofrai.com.br\/?p=1551"},"modified":"2012-08-03T22:45:20","modified_gmt":"2012-08-04T01:45:20","slug":"jardim-das-araucaritchozinhas-araucarias-garden","status":"publish","type":"post","link":"https:\/\/lanofrai.com.br\/en\/2012\/08\/03\/jardim-das-araucaritchozinhas-araucarias-garden\/","title":{"rendered":"Jardim das Araucaritchozinhas \/ Araucarias garden"},"content":{"rendered":"<p><span style=\"color:#008000\">Queridos Tchozinhos e tchozinhas, <\/span><\/p>\n<p style=\"text-align:justify\"><span style=\"color:#008000\">Ainda n\u00e3o sei onde fica ou ficava esse jardim ou mesmo o autor desta linda foto disponibilizada pela POMAGRI &#8211; Por\u00e9m, entendo que se ela foi aprovada pelo &#8220;Tch\u00f4 Quenorris&#8221; ent\u00e3o \u00e9 de alt\u00edssima qualidade e por isso est\u00e1 sendo compartilhada para comunidade tchozinha! Viva as belezas do FRAI, a terra que se parece s\u00f3 com ela mesma \ud83d\ude42<\/span><\/p>\n<p>Dear friends,<\/p>\n<p style=\"text-align:justify\">Little by little I am gathering some really historically precious pictures of Fraiburgo. So far I don&#8217;t have much information about it like the autor&#8217;s name or the precise place of the date when it was taken (yet), nonetheless it deserves to be published and shared! Greetings from the snow cold Brasil that does not play much football but has many other interesting stuff \ud83d\ude42<\/p>\n<p>&nbsp;<\/p>\n<p><a href=\"https:\/\/lanofrai.com.br\/wp-content\/uploads\/2012\/08\/jardim-das-araucacc81rias-pomagri.jpg\"><img loading=\"lazy\" decoding=\"async\" class=\"aligncenter size-full wp-image-1552\" title=\"jardim das arauca\u0301rias pomagri\" src=\"https:\/\/lanofrai.com.br\/wp-content\/uploads\/2012\/08\/jardim-das-araucacc81rias-pomagri.jpg\" alt=\"\" width=\"500\" height=\"334\" srcset=\"https:\/\/lanofrai.com.br\/en\/wp-content\/uploads\/sites\/3\/2012\/08\/jardim-das-araucacc81rias-pomagri.jpg 500w, https:\/\/lanofrai.com.br\/en\/wp-content\/uploads\/sites\/3\/2012\/08\/jardim-das-araucacc81rias-pomagri-300x200.jpg 300w\" sizes=\"auto, (max-width: 500px) 100vw, 500px\" \/><\/a><\/p>\n","protected":false},"excerpt":{"rendered":"<p>Queridos Tchozinhos e tchozinhas, Ainda n\u00e3o sei onde fica ou ficava esse jardim ou mesmo o autor desta linda foto disponibilizada pela POMAGRI &#8211; Por\u00e9m, entendo que se ela foi aprovada pelo &#8220;Tch\u00f4 Quenorris&#8221; ent\u00e3o \u00e9 de alt\u00edssima qualidade e por isso est\u00e1 sendo compartilhada para comunidade tchozinha! Viva as belezas do FRAI, a terra [&hellip;]<\/p>\n","protected":false},"author":1,"featured_media":0,"comment_status":"open","ping_status":"open","sticky":false,"template":"","format":"standard","meta":{"footnotes":""},"categories":[9,18,19],"tags":[92,160,287,529,547,562,677,692,720,839,876,942,1104,1269],"class_list":["post-1551","post","type-post","status-publish","format-standard","hentry","category-historical-pictures","category-the-city-a-cidade","category-turistic-points","tag-araucaria","tag-belezas","tag-cold","tag-fraiburgo","tag-frio","tag-gelado","tag-inverno","tag-jardim","tag-landscape","tag-neve","tag-paisagem","tag-pinheiro","tag-snow","tag-winter"],"_links":{"self":[{"href":"https:\/\/lanofrai.com.br\/en\/wp-json\/wp\/v2\/posts\/1551","targetHints":{"allow":["GET"]}}],"collection":[{"href":"https:\/\/lanofrai.com.br\/en\/wp-json\/wp\/v2\/posts"}],"about":[{"href":"https:\/\/lanofrai.com.br\/en\/wp-json\/wp\/v2\/types\/post"}],"author":[{"embeddable":true,"href":"https:\/\/lanofrai.com.br\/en\/wp-json\/wp\/v2\/users\/1"}],"replies":[{"embeddable":true,"href":"https:\/\/lanofrai.com.br\/en\/wp-json\/wp\/v2\/comments?post=1551"}],"version-history":[{"count":0,"href":"https:\/\/lanofrai.com.br\/en\/wp-json\/wp\/v2\/posts\/1551\/revisions"}],"wp:attachment":[{"href":"https:\/\/lanofrai.com.br\/en\/wp-json\/wp\/v2\/media?parent=1551"}],"wp:term":[{"taxonomy":"category","embeddable":true,"href":"https:\/\/lanofrai.com.br\/en\/wp-json\/wp\/v2\/categories?post=1551"},{"taxonomy":"post_tag","embeddable":true,"href":"https:\/\/lanofrai.com.br\/en\/wp-json\/wp\/v2\/tags?post=1551"}],"curies":[{"name":"wp","href":"https:\/\/api.w.org\/{rel}","templated":true}]}}