{"id":1651,"date":"2012-08-28T00:59:05","date_gmt":"2012-08-28T03:59:05","guid":{"rendered":"http:\/\/lanofrai.com.br\/?p=1651"},"modified":"2012-08-28T00:59:05","modified_gmt":"2012-08-28T03:59:05","slug":"primeiro-aniver-do-la-no-frai-la-no-frai-first-anniversary","status":"publish","type":"post","link":"https:\/\/lanofrai.com.br\/en\/2012\/08\/28\/primeiro-aniver-do-la-no-frai-la-no-frai-first-anniversary\/","title":{"rendered":"Primeiro aniver do L\u00e1 no Frai \/ L\u00e1 no Frai first anniversary"},"content":{"rendered":"<p style=\"text-align:justify\"><span style=\"color:#008000\">Caros Tchozinhos e tchozinhas, t<\/span><span style=\"color:#008000\">udo bem com voc\u00eas?\u00a0<\/span><\/p>\n<p style=\"text-align:justify\"><span style=\"color:#000000\">Dear Friends,\u00a0<\/span><span style=\"color:#000000\">because of the lack of time I will write the English comments of the first year of L\u00e1 no Frai in the coming days. Sorry about that. \ud83d\ude42<\/span><\/p>\n<p style=\"text-align:justify\"><span style=\"color:#008000\">H\u00e1 um ano atr\u00e1s o L\u00e1 no Frai estava vindo ao mundo em forma de blog e hoje no seu primeiro aniver v\u00e3o alguns coment\u00e1rios dessa, ainda curta, mas intensa odiss\u00e9ia antropol\u00f3gica, lingu\u00edstica, geogr\u00e1fica, hist\u00f3rica, fotogr\u00e1fica, filos\u00f3fica e coisaradinh\u00f3dica do universo Fraiburguense. Ent\u00e3o o que aconteceu de l\u00e1 pra c\u00e1 e quais foram os resultados disso?\u00a0<\/span><\/p>\n<p style=\"text-align:justify\">A year ago the idea of L\u00e1 no Frai came to the world the shape of blog and today on its first anniversary it is time to give some comments about this short but intense anthropological, linguistic, geographical, historical, photographic, philosophical odyssey in the\u00a0Fraiburguense the universe. So what happened in this first year? what were the results?<!--more--><\/p>\n<p style=\"text-align:justify\"><span style=\"color:#008000\">Bom gentarada, a ideia do blog era e ainda \u00e9 criar uma vitrine que concentra de alguma forma, coerente, divertida,\u00a0internacional\u00a0e compartilhada as v\u00e1rias impress\u00f5es que se tem do Frai e os milh\u00f5es de fragmentos que comp\u00f5e a cultura tchozinha, a qual se estende por toda a regi\u00e3o metropolitana do Frai e at\u00e9 ent\u00e3o n\u00e3o tinha um nome espec\u00edfico ou caracteriza\u00e7\u00e3o na literatura, mesmo havendo ainda constantes e incomunic\u00e1veis choques culturais com os ga\u00fachos, manezinhos e etc.\u00a0Quem sabe no futuro, com o desenvolvimento de novos posts e novas ideias essas nu\u00e2ncias do comportamento tchozino na regi\u00e3o central de SC ficar\u00e3o mais evidentes, por\u00e9m isso \u00e9 uma tarefa t\u00e3o complexa que poderia ser um trabalho para vida toda.\u00a0Nesse sentido, a grande dificuldade do trabalho \u00e9 realmente concatenar e disponibilizar informa\u00e7\u00f5es que podem assumir toda e qualquer tipo (escrita, falada, cantada, gravada, combinada e etc).\u00a0No entanto, o blog espera que cada vez mais o pessoal, principalmente a piazada, possa estudar, refletir e criar mais material do que \u00e9 e como \u00e9 ser Fraiburguense pois essa parece ser a melhor caminho para desenvolver as pessoas e a regi\u00e3o rumo a uma economia baseada n\u00e3o no parecer, ou ter, e sim no conhecer e ensinar.\u00a0<\/span><\/p>\n<p style=\"text-align:justify\">The idea of the blog was and is still the same, which is to create a sort of fun, interesting and international showcase of Fraiburgo, its culture landscapes and various others impressions. Its regional cultural until last year did not have a proper name or characterization in the literature, although there was still constant and incommunicado cultural clashes with the Gauchos from the south and and Manezinhos from the cost and so on. Who knows in the future with the development of new posts and new ideas these nuances of Fraiburguese behavior will become more evident, but it is such a complex task that could be a job for life. In this sense, the great difficulty of the work is actually concatenate and provide information that can take any kind (written, spoken, sung, recorded, combined and etc.). However, the blog hopes that more and more people study, reflect and create more material than what we have nowadays about how it is to be Fraiburguese person. This seems seems the best way to develop people and the region towards an economy based not on what I have or what I can show off but, but in knowing and teaching.<\/p>\n<p style=\"text-align:justify\"><span style=\"color:#008000\">Como resultado deste primeiro ano, foram mais de 110 posts, milhares de e-mails, ideias trocadas, risadas, fotos e etc. N\u00e3o esquecendo da revis\u00e3o de material feito por uma galera. Ainda, cachoeiras e novas paisagens que antes pareciam n\u00e3o existir provam que a realidade depende de links de informa\u00e7\u00e3o e quanto mais compartilhamentos de fotos e ideias, mais a rede de conhecimento sobre um determinado t\u00f3pico (no caso Fraiburgo) se expande, tendendo ao infinito. Legal n\u00e9? Do contr\u00e1rio, se a televis\u00e3o tomar muito tempo dos tchozinhos(as), essas coisas come\u00e7am a desaparecer gradativamente at\u00e9 virar uma grande sala escura trazendo muitos preju\u00edzos principalmente econ\u00f4micos e sociais.\u00a0<\/span><\/p>\n<p style=\"text-align:justify\">As a result of this first year, more than 110 posts were written, thousands of emails read, ideas exchanged and of course lots of laughter, but unfortunately this is more evident on the Portuguese and Fraiburguese jokes which ware virtually untranslatable to any other language. Still, new landscapes and waterfalls that once seemed not exist proves that reality depends on information links. The more photos and ideas are shared the better so network of more knowledge about a particular topic (in this case Fraiburgo) expands to infinity.<\/p>\n<p style=\"text-align:justify\"><span style=\"color:#008000\">Enfim, atualmente o L\u00e1 no Frai est\u00e1 com um alcance m\u00e9dio de 20 mil bizoiadas por semana a partir de v\u00e1rios pa\u00edses com alguns picos como na figura abaixo:\u00a0<\/span><\/p>\n<p style=\"text-align:justify\">Below there are some interesting stats of the blog&#8217;s audience not counting on wordpress. To wrap it up, I thank all those who helped with this project, which is done with great care and dedication. I apologize for all English mistakes spread all around :). And keep watching, good and news things are up to come soon \ud83d\ude42<\/p>\n<p style=\"text-align:justify\"><span style=\"color:#008000\"><a href=\"https:\/\/lanofrai.com.br\/wp-content\/uploads\/2012\/08\/2012-08-27_23-25-17.jpg\"><img loading=\"lazy\" decoding=\"async\" class=\"aligncenter size-full wp-image-1654\" title=\"2012-08-27_23-25-17\" alt=\"\" src=\"https:\/\/lanofrai.com.br\/wp-content\/uploads\/2012\/08\/2012-08-27_23-25-17.jpg\" height=\"593\" width=\"640\" srcset=\"https:\/\/lanofrai.com.br\/en\/wp-content\/uploads\/sites\/3\/2012\/08\/2012-08-27_23-25-17.jpg 823w, https:\/\/lanofrai.com.br\/en\/wp-content\/uploads\/sites\/3\/2012\/08\/2012-08-27_23-25-17-300x278.jpg 300w, https:\/\/lanofrai.com.br\/en\/wp-content\/uploads\/sites\/3\/2012\/08\/2012-08-27_23-25-17-624x578.jpg 624w\" sizes=\"auto, (max-width: 640px) 100vw, 640px\" \/><\/a><a href=\"https:\/\/lanofrai.com.br\/wp-content\/uploads\/2012\/08\/screen-shot-2012-08-27-at-22-32-21.png\"><br \/>\n<\/a><\/span><\/p>\n<p style=\"text-align:justify\"><span style=\"color:#008000\">\u00c9 interessante notar que na m\u00e9dia das semanas, h\u00e1 um n\u00famero bastate elevado de acessos de Videira s\u00f3 de butuca L\u00e1 no Frai :). Dentre os pa\u00edses\u00a0com mais visitas, no geral, est\u00e1 a Holanda pois \u00e9 obviamente a tutora desse jeit\u00e3o de fazer as coisas pro mundo (internacionalizado). Isso \u00e9 importante pra piazada (seja das escolas p\u00fablicas ou particulares) se aligera para aprender o ingl\u00eas e pensar sobre produtos e servi\u00e7os que atendam o mercado global pois se n\u00e3o o fizerem os Indianos e Chineses ir\u00e3o fazer, alias, j\u00e1 o fazem. \u00a0\u00a0<\/span><\/p>\n<p style=\"text-align:justify\"><span style=\"color:#008000\">Finalizando, agrade\u00e7o a todos que colaboraram de alguma forma esse projeto, o qual \u00e9 feito com muito carinho e dedica\u00e7\u00e3o.\u00a0Quando voc\u00eas l\u00eaem o L\u00e1 no Frai, perguntam, sugerem, questionam, incentivam, elogiam e at\u00e9 quando criticam, acabam trazendo um aprendizado maravilhoso, que \u00e9 usado para melhorar o trabalho.\u00a0<\/span><span style=\"color:#008000\">Desculpem por todos os milh\u00f5es de erros de portugu\u00eas e fraiburgu\u00eas que acontecem aqui e\u00a0ali, tento corrigir mas nem sempre d\u00e1.<a href=\"https:\/\/lanofrai.com.br\/wp-content\/uploads\/2012\/09\/screen-shot-2012-09-01-at-20-05-50.png\"><img loading=\"lazy\" decoding=\"async\" class=\"alignright size-full wp-image-1671\" title=\"Screen shot 2012-09-01 at 20.05.50\" alt=\"\" src=\"https:\/\/lanofrai.com.br\/wp-content\/uploads\/2012\/09\/screen-shot-2012-09-01-at-20-05-50.png\" height=\"153\" width=\"185\" \/><\/a> Lamento tamb\u00e9m por\u00a0n\u00e3o conseguir atender a todos os pedidos de publica\u00e7\u00e3o (to tipo a foto ao lado), por\u00e9m fiquem a vontade para publicar novidades ou qualquer coisa relacionada ao Frai no mural do Facebook. Estou pensando em formas de tirar alguns gargalos que existem. Bom, acho que era isso piazada, em breve o tchozinho vai se afastar do L\u00e1 no Frai (f\u00e9rias) pra dar conta das demandas profissionais, mesmo assim n\u00e3o deixem de pensar em formas de desenvolver o Frai e o nosso Brasilzitch\u00f4, como h\u00e1 coisas pra\u00a0fazer e espa\u00e7o pra todos&#8230;no pr\u00f3ximo ano vai ter muito mais coisas interessantes por aqui \ud83d\ude42<\/span><\/p>\n<p style=\"text-align:justify\"><span style=\"color:#008000\">Sauda\u00e7\u00f5es<\/span><\/p>\n<p style=\"text-align:justify\"><span style=\"color:#008000\">Tch\u00f4ni<\/span><\/p>\n<p style=\"text-align:justify\"><span style=\"color:#008000\">\u00a0<\/span><\/p>\n","protected":false},"excerpt":{"rendered":"<p>Caros Tchozinhos e tchozinhas, tudo bem com voc\u00eas?\u00a0 Dear Friends,\u00a0because of the lack of time I will write the English comments of the first year of L\u00e1 no Frai in the coming days. Sorry about that. \ud83d\ude42 H\u00e1 um ano atr\u00e1s o L\u00e1 no Frai estava vindo ao mundo em forma de blog e hoje [&hellip;]<\/p>\n","protected":false},"author":1,"featured_media":0,"comment_status":"open","ping_status":"open","sticky":false,"template":"","format":"standard","meta":{"footnotes":""},"categories":[4],"tags":[76,168,336,979,1042],"class_list":["post-1651","post","type-post","status-publish","format-standard","hentry","category-celebrations","tag-aniversario","tag-birthday","tag-cultura-tchozina","tag-primeiro-ano","tag-resultados"],"_links":{"self":[{"href":"https:\/\/lanofrai.com.br\/en\/wp-json\/wp\/v2\/posts\/1651","targetHints":{"allow":["GET"]}}],"collection":[{"href":"https:\/\/lanofrai.com.br\/en\/wp-json\/wp\/v2\/posts"}],"about":[{"href":"https:\/\/lanofrai.com.br\/en\/wp-json\/wp\/v2\/types\/post"}],"author":[{"embeddable":true,"href":"https:\/\/lanofrai.com.br\/en\/wp-json\/wp\/v2\/users\/1"}],"replies":[{"embeddable":true,"href":"https:\/\/lanofrai.com.br\/en\/wp-json\/wp\/v2\/comments?post=1651"}],"version-history":[{"count":0,"href":"https:\/\/lanofrai.com.br\/en\/wp-json\/wp\/v2\/posts\/1651\/revisions"}],"wp:attachment":[{"href":"https:\/\/lanofrai.com.br\/en\/wp-json\/wp\/v2\/media?parent=1651"}],"wp:term":[{"taxonomy":"category","embeddable":true,"href":"https:\/\/lanofrai.com.br\/en\/wp-json\/wp\/v2\/categories?post=1651"},{"taxonomy":"post_tag","embeddable":true,"href":"https:\/\/lanofrai.com.br\/en\/wp-json\/wp\/v2\/tags?post=1651"}],"curies":[{"name":"wp","href":"https:\/\/api.w.org\/{rel}","templated":true}]}}