{"id":1663,"date":"2012-08-31T23:00:26","date_gmt":"2012-09-01T02:00:26","guid":{"rendered":"http:\/\/lanofrai.com.br\/?p=1663"},"modified":"2012-08-31T23:00:26","modified_gmt":"2012-09-01T02:00:26","slug":"festa-no-frai-fraiburguese-party","status":"publish","type":"post","link":"https:\/\/lanofrai.com.br\/en\/2012\/08\/31\/festa-no-frai-fraiburguese-party\/","title":{"rendered":"Festa no Frai \/ Fraiburguese party"},"content":{"rendered":"<p><span style=\"color:#008000\">Tchozinhos e Tchozinhas,\u00a0<\/span><\/p>\n<p>Dear friends,<\/p>\n<p><a href=\"https:\/\/lanofrai.com.br\/wp-content\/uploads\/2012\/08\/la-musique-2.jpg\"><img loading=\"lazy\" decoding=\"async\" title=\"la musique\" alt=\"\" src=\"https:\/\/lanofrai.com.br\/wp-content\/uploads\/2012\/08\/la-musique-2.jpg\" height=\"589\" width=\"500\" \/><\/a><\/p>\n<p><!--more--><\/p>\n<p style=\"text-align:justify\"><span style=\"color:#008000\">Fraiburgo est\u00e1 emergindo como um centro cultural regional e polo de grandes eventos. No dia 15 de setembro, haver\u00e1 o t\u00e3o esperado &#8220;L\u00e1 Musique&#8221; que t\u00e1 borbulhando na cabe\u00e7a da piazada. O L\u00e1 no Frai e o Tch\u00f4 Quenorris j\u00e1 aprovaram o projeto. As melhores fotos e express\u00f5es da festa ser\u00e3o publicados no blog. Ent\u00e3o, se voc\u00ea se alembrar de arguma coisa do Fraiburgu\u00eas j\u00e1 anote pra traz\u00ea pra festa. Mais informa\u00e7\u00f5es, ingressos, etc na p\u00e1gina do <span style=\"color:#008000\"><a href=\"http:\/\/www.facebook.com\/lamusiquereve\">L\u00e1 musique.\u00a0<\/a>s\u00f3 mais uma coisa:<\/span><\/span><\/p>\n<h2 style=\"text-align:justify\"><span style=\"color:#008000\">Aten\u00e7\u00e3o tchozedo &#8211; Quem beber, pelo amor do Tcho Quenorris n\u00e3o dirija, n\u00e3o traga tristeza aos cora\u00e7\u00f5es das m\u00e3es tchozinas. De resto, aproveitem.<\/span><\/h2>\n<p style=\"text-align:justify\">Fraiburgo is emerging as a regional cultural center holding greater and greater events. On the 15 September, I am going to have a look at the &#8220;L\u00e1 Musique&#8221; party and get some insights of how the Fraiburguese parties take place and how they have fun in Fraiburgo. After that I will bring some of the best pictures of the night alongside some descriptions, I feel curious about it as if was a foreigner or something like that. Anyways, besides taking pictures and writing it would also be time to have some fun too.<\/p>\n<p><a href=\"https:\/\/lanofrai.com.br\/wp-content\/uploads\/2012\/08\/la-musique-2.jpg\">\u00a0<\/a><\/p>\n<h2><\/h2>\n","protected":false},"excerpt":{"rendered":"<p>Tchozinhos e Tchozinhas,\u00a0 Dear friends,<\/p>\n","protected":false},"author":1,"featured_media":0,"comment_status":"open","ping_status":"open","sticky":false,"template":"","format":"standard","meta":{"footnotes":""},"categories":[4],"tags":[],"class_list":["post-1663","post","type-post","status-publish","format-standard","hentry","category-celebrations"],"_links":{"self":[{"href":"https:\/\/lanofrai.com.br\/en\/wp-json\/wp\/v2\/posts\/1663","targetHints":{"allow":["GET"]}}],"collection":[{"href":"https:\/\/lanofrai.com.br\/en\/wp-json\/wp\/v2\/posts"}],"about":[{"href":"https:\/\/lanofrai.com.br\/en\/wp-json\/wp\/v2\/types\/post"}],"author":[{"embeddable":true,"href":"https:\/\/lanofrai.com.br\/en\/wp-json\/wp\/v2\/users\/1"}],"replies":[{"embeddable":true,"href":"https:\/\/lanofrai.com.br\/en\/wp-json\/wp\/v2\/comments?post=1663"}],"version-history":[{"count":0,"href":"https:\/\/lanofrai.com.br\/en\/wp-json\/wp\/v2\/posts\/1663\/revisions"}],"wp:attachment":[{"href":"https:\/\/lanofrai.com.br\/en\/wp-json\/wp\/v2\/media?parent=1663"}],"wp:term":[{"taxonomy":"category","embeddable":true,"href":"https:\/\/lanofrai.com.br\/en\/wp-json\/wp\/v2\/categories?post=1663"},{"taxonomy":"post_tag","embeddable":true,"href":"https:\/\/lanofrai.com.br\/en\/wp-json\/wp\/v2\/tags?post=1663"}],"curies":[{"name":"wp","href":"https:\/\/api.w.org\/{rel}","templated":true}]}}