{"id":1715,"date":"2012-09-22T12:47:37","date_gmt":"2012-09-22T15:47:37","guid":{"rendered":"http:\/\/lanofrai.com.br\/?p=1715"},"modified":"2012-09-22T12:47:37","modified_gmt":"2012-09-22T15:47:37","slug":"la-musique-la-no-frai","status":"publish","type":"post","link":"https:\/\/lanofrai.com.br\/en\/2012\/09\/22\/la-musique-la-no-frai\/","title":{"rendered":"L\u00e1 musique L\u00e1 no Frai"},"content":{"rendered":"<p>&nbsp;<\/p>\n<p><span style=\"color:#008000\">Caros Galeritch\u00f4s,\u00a0<\/span><\/p>\n<p>&nbsp;<\/p>\n<p>Dear friends,<\/p>\n<p>&nbsp;<\/p>\n<p>&nbsp;<\/p>\n<p><a href=\"https:\/\/lanofrai.com.br\/wp-content\/uploads\/2012\/09\/lc3a1-musique-a-entrada.jpg\"> <img loading=\"lazy\" decoding=\"async\" class=\"aligncenter size-full wp-image-1734\" title=\"L\u00e1 musique a Entrada\" alt=\"\" src=\"https:\/\/lanofrai.com.br\/wp-content\/uploads\/2012\/09\/lc3a1-musique-a-entrada.jpg\" height=\"237\" width=\"500\" srcset=\"https:\/\/lanofrai.com.br\/en\/wp-content\/uploads\/sites\/3\/2012\/09\/lc3a1-musique-a-entrada.jpg 1557w, https:\/\/lanofrai.com.br\/en\/wp-content\/uploads\/sites\/3\/2012\/09\/lc3a1-musique-a-entrada-300x142.jpg 300w, https:\/\/lanofrai.com.br\/en\/wp-content\/uploads\/sites\/3\/2012\/09\/lc3a1-musique-a-entrada-1024x487.jpg 1024w, https:\/\/lanofrai.com.br\/en\/wp-content\/uploads\/sites\/3\/2012\/09\/lc3a1-musique-a-entrada-624x296.jpg 624w\" sizes=\"auto, (max-width: 500px) 100vw, 500px\" \/><\/a><\/p>\n<p><span style=\"text-align:justify\">Last week we had the L\u00e1 Musique party in Fraiburgo and I had the opportunity to check this out to show a little bit how Fraiburguese people have fun :). I could spend hours writing my impressions, but the pictures can express a lot how it was, how it looked like (place and people) and stuff. The pictures below show how was this region of the party in the mid 30&#8217;s, where and when Fraiburgo was still caled Marchel Hindemburg due to the massive German colonization. I personally like the unique architecture of the party place which was built in the 90&#8217;s when the Steiner park was like a relaxing place for families offering and tranquil place with lakes, horse rinding, and other activities close to nature. I remember with &#8220;saudades&#8221; of this time, but live goes and goes and things change and change :). After that, now I am going to rest of the &#8220;L\u00e1 no Frai&#8221; project after a year of lot of fun and work. Hopefully I will be back in 1 or 2 months with more stuff to show of Fraiburgo &#8220;A place to be discovered&#8221;. Cheerio! Tot ziens!\u00a0\u00c0 bient\u00f4t!<\/span><\/p>\n<p><span style=\"color:#008000\">Inicialmente, aqui vai uma resposta para uma pergunta recebida essa semana: \u00a0<\/span><\/p>\n<blockquote><p><span style=\"color:#008000\">&#8211; Tchozinho, queria saber se voc\u00ea ficou esperando os pi\u00e1 em cima da cerca antes de ir\u00a0pra festa.<\/span><\/p>\n<p><span style=\"color:#008000\">Resposta<\/span><\/p>\n<p><span style=\"color:#008000\">&#8211; N\u00e3o, dessa vez eu tava de\u00a0trator e peguei tudo os pi\u00e1 heheh<\/span><\/p><\/blockquote>\n<p style=\"text-align:justify\"><span style=\"color:#008000\">Bueno, de vorta ao Desterro, capital Catarinense, finalmente sobrou um tempinho para escrever e mostrar como foi o t\u00e3o esperado &#8220;L\u00e1 Musique&#8221; l\u00e1 no Frai.\u00a0Ent\u00e3o, como s\u00e3o as festas no Frai? Uma vez at\u00e9 me perguntaram no blog como \u00e9 a vida noturna em Fraiburgo e vos digo que foi dif\u00edcil de explicar. Geralmente, quando penso em vida noturna por l\u00e1, o que me vem a cabe\u00e7a s\u00e3o os que passam a noite trabalhando na Trombini-Papelose-Facelpa (f\u00e1brica de papel que opera 24&#215;7). Ser\u00e1 que esse \u00e9 um pensamento compartilhado?\u00a0<\/span><\/p>\n<p style=\"text-align:justify\"><span style=\"color:#008000\"><a href=\"https:\/\/lanofrai.com.br\/wp-content\/uploads\/2012\/09\/lc3a1-musique-arquitetura.jpg\"><img loading=\"lazy\" decoding=\"async\" class=\"aligncenter size-full wp-image-1738\" title=\"L\u00e1 Musique Arquitetura\" alt=\"\" src=\"https:\/\/lanofrai.com.br\/wp-content\/uploads\/2012\/09\/lc3a1-musique-arquitetura.jpg\" height=\"334\" width=\"500\" srcset=\"https:\/\/lanofrai.com.br\/en\/wp-content\/uploads\/sites\/3\/2012\/09\/lc3a1-musique-arquitetura.jpg 1936w, https:\/\/lanofrai.com.br\/en\/wp-content\/uploads\/sites\/3\/2012\/09\/lc3a1-musique-arquitetura-300x200.jpg 300w, https:\/\/lanofrai.com.br\/en\/wp-content\/uploads\/sites\/3\/2012\/09\/lc3a1-musique-arquitetura-1024x685.jpg 1024w, https:\/\/lanofrai.com.br\/en\/wp-content\/uploads\/sites\/3\/2012\/09\/lc3a1-musique-arquitetura-624x417.jpg 624w\" sizes=\"auto, (max-width: 500px) 100vw, 500px\" \/><\/a>\u00a0<\/span><\/p>\n<p style=\"text-align:justify\"><span style=\"color:#008000\">Com rela\u00e7\u00e3o \u00e0 &#8220;L\u00e1 Musique&#8221; (do franc\u00eas &#8220;A m\u00fasica&#8221;) , tinha muito tch\u00f4 curioso para saber como seria e eu tamb\u00e9m. Alguns at\u00e9 me confessaram da ansiedade que sentiram esperando suas caronas em cima dos palanques das cercas (<a href=\"https:\/\/lanofrai.com.br\/2012\/09\/02\/jeito-tchozino-de-esperar-os-amigos-fraiburguese-way-of-waiting-for-friends\/\">Jeito tchozino de esperar os amigos pra festa<\/a>). Enfim, foi uma festa tranquila, com muita gente bonita e &#8220;devertida&#8221;. O clima n\u00e3o poderia estar melhor e a temperatura estava perfeita com um c\u00e9u &#8220;estrelhante&#8221;. Basicamente, para quem n\u00e3o conhece, o Steiner \u00e9 um s\u00edtio que fica no ber\u00e7o de Fraiburgo, na XV de novembro, em dire\u00e7\u00e3o a Videira, antiga\u00a0<\/span><strong>Col\u00f4nia Marechal Hindemburgo. <\/strong><span style=\"color:#008000\">Para quem quiser saber mais desta regi\u00e3o historicamente vital para Fraiburgo, recomendo os artigos publicados na internet pelo professor doutor, historiador, ge\u00f3grafo e tchozinho &#8220;Marlon Brandt&#8221; (d\u00e1 um google que j\u00e1 vai achar v\u00e1rias coisas). Abaixo uma foto de um de seus artigos.<\/span><\/p>\n<p style=\"text-align:justify\"><!--more--><\/p>\n<p><a href=\"https:\/\/lanofrai.com.br\/wp-content\/uploads\/2012\/09\/screen-shot-2012-09-22-at-10-29-11.png\"><img loading=\"lazy\" decoding=\"async\" class=\"size-full wp-image-1739 alignright\" title=\"Screen shot 2012-09-22 at 10.29.11\" alt=\"\" src=\"https:\/\/lanofrai.com.br\/wp-content\/uploads\/2012\/09\/screen-shot-2012-09-22-at-10-29-11.png\" height=\"365\" width=\"500\" srcset=\"https:\/\/lanofrai.com.br\/en\/wp-content\/uploads\/sites\/3\/2012\/09\/screen-shot-2012-09-22-at-10-29-11.png 676w, https:\/\/lanofrai.com.br\/en\/wp-content\/uploads\/sites\/3\/2012\/09\/screen-shot-2012-09-22-at-10-29-11-300x219.png 300w, https:\/\/lanofrai.com.br\/en\/wp-content\/uploads\/sites\/3\/2012\/09\/screen-shot-2012-09-22-at-10-29-11-624x456.png 624w\" sizes=\"auto, (max-width: 500px) 100vw, 500px\" \/><\/a><\/p>\n<p style=\"text-align:justify\"><span style=\"color:#008000\">O Steiner park, foi, por muito tempo, um local bastante frequentado pelas fam\u00edlias tchozinas que j\u00e1 na decada de 90 que se bandiavam pra l\u00e1 para fugir do stress e do caos da vida urbana que naquela \u00e9poca ainda n\u00e3o tinha sem\u00e1foros. Hoje em dia \u00e9 um local perfeito para festas onde n\u00e3o estorva \u00a0ningu\u00e9m e \u00e9 bastante seguro. O que mais chama a aten\u00e7\u00e3o \u00e9 sua arquitetura totalmente tchozina a base de mandeira o que chama muito a aten\u00e7\u00e3o por n\u00e3o haver paralelos no mundo.\u00a0<\/span><\/p>\n<p style=\"text-align:justify\"><span style=\"color:#008000\">\u00a0<\/span><\/p>\n<p style=\"text-align:justify\"><span style=\"color:#008000\">\u00a0<\/span><\/p>\n<p style=\"text-align:justify\"><span style=\"color:#008000\">\u00a0<\/span><\/p>\n<p style=\"text-align:justify\"><span style=\"color:#008000\">Da festa, est\u00e3o publicadas somente as fotos que foram aprovadas pelo Tch\u00f4 Quenorris, pois algumas ficaram fora de foco ou tremidas e etc. S\u00f3 a t\u00edtulo de esclarecimento, n\u00e3o era objetivo do L\u00e1 no Frai fotografar todo mundo, pois esse seria o papel do IBGE :), portanto, as fotos foram tiradas no modo &#8220;Tchozinho Aleat\u00f3rio&#8221; por acreditar que a vida \u00e9 constitu\u00edda, em sua ess\u00eancia, pela aleatoriedade. Espero que tenham gostado do resultado. Para o blog as fotos tinham 3\u00a0fun\u00e7\u00f5es principais:<\/span><span style=\"color:#008000\">\u00a0<\/span><\/p>\n<ul style=\"text-align:justify\">\n<li><span style=\"color:#008000\">Mostrar ao mundo como os tchozinhos e tchozinhas se parecem e se divertem:<\/span><\/li>\n<li><span style=\"color:#008000\">Gerar um modelo comparativo de estilo para as pr\u00f3ximas gera\u00e7\u00f5es que ir\u00e3o estudar como era a juventude da decada de 10.<\/span><\/li>\n<li><span style=\"color:#008000\">Contribuir com os empreendedores que ralaram um monte para que o evento acontecesse. Foi um trabalho dur\u00edssimo e por isso est\u00e3o de parab\u00e9ns, merecendo grande reconhecimento. A banda Vint\u00e9m tamb\u00e9m mandou muito bem, principalmente nos engenheiros do Hawaii e Paralamas \ud83d\ude42 s\u00f3 n\u00e3o sa\u00edram fotos porque o tchozinho tava curtindo o som \ud83d\ude42 \u00a0\u00a0<\/span><\/li>\n<\/ul>\n<p style=\"text-align:justify\"><span style=\"color:#008000\">Em compara\u00e7\u00e3o com as festas do passado, tive a particular impress\u00e3o de que o tchozedo est\u00e1 mais consciente com rela\u00e7\u00e3o a bebida e v\u00e1rias outras coisas. Me parece que os controles da prefeitura para a realiza\u00e7\u00e3o das festas est\u00e3o mais r\u00edgidos e, tamb\u00e9m, a seguran\u00e7a bem maior com a presen\u00e7a da pol\u00edcia e etc. Estes s\u00e3o sintomas de que o Frai est\u00e1 entrando no clube das regi\u00f5es chamadas de primeiro mundo, onde a vida das pessoas tem um valor maior do que os objetos. Em contra partida, a liberdade de cada um se torna cada vez mais vigiada. Num comparativo entre Brasil e Holanda, a sensa\u00e7\u00e3o \u00e9 de que l\u00e1 voc\u00ea poderia fazer tudo que o que estava escrito que voc\u00ea poderia fazer, a passo que no aqui no Brasil, voc\u00ea pode fazer absolutamente o que quiser at\u00e9 que isto n\u00e3o &#8220;estorve&#8221; o pr\u00f3ximo. Parece que as coisas est\u00e3o mudando r\u00e1pido, por aqui.\u00a0<\/span><\/p>\n<p style=\"text-align:justify\"><a href=\"https:\/\/lanofrai.com.br\/wp-content\/uploads\/2012\/09\/dsc_0579-00-33-23.jpg\"><br \/>\n[slideshow]<\/a><\/p>\n<p style=\"text-align:justify\"><a href=\"https:\/\/lanofrai.com.br\/wp-content\/uploads\/2012\/09\/dsc_0579-00-33-23.jpg\"><\/p>\n<p><\/a><\/p>\n<p>&nbsp;<\/p>\n<p style=\"text-align:justify\"><span style=\"color:#008000\">\u00a0<\/span><\/p>\n<p style=\"text-align:justify\"><span style=\"color:#008000\">Finalizando, durante as proseadas com a galera, anotei uma express\u00e3o proferida pelo Irineu Junior &#8220;O tch\u00f4 se finge de leit\u00e3o pra mam\u00e1 deitado&#8221;, quanto tempo que eu n\u00e3o ouvida isso gente heheh, por coincid\u00eancia o assunto era pol\u00edtica se n\u00e3o me engano hehehe. Bom, era isso piazada, depois do Feir\u00e3o do imposto feito com n\u00facleo de jovens empreendedores do Frai e um monte de material do Frai coletado, agora o tchozinho vai tirar umas f\u00e9rias do projeto &#8220;L\u00e1 no Frai&#8221; para dar aten\u00e7\u00e3o exclusiva \u00e0 \u00a0vida profissional. Espero voltar a escrever mais coisaradinhas daqui h\u00e1 um m\u00eas ou dois.\u00a0<\/span><\/p>\n<p style=\"text-align:justify\"><span style=\"color:#008000\">Um abra\u00e7o a todos<\/span><\/p>\n<p style=\"text-align:justify\"><span style=\"color:#008000\">N\u00e3o t\u00e1 morto quem peleia tch\u00f4. \u00a0<\/span><\/p>\n","protected":false},"excerpt":{"rendered":"<p>&nbsp; Caros Galeritch\u00f4s,\u00a0 &nbsp; Dear friends, &nbsp; &nbsp; Last week we had the L\u00e1 Musique party in Fraiburgo and I had the opportunity to check this out to show a little bit how Fraiburguese people have fun :). I could spend hours writing my impressions, but the pictures can express a lot how it was, [&hellip;]<\/p>\n","protected":false},"author":1,"featured_media":0,"comment_status":"open","ping_status":"open","sticky":false,"template":"","format":"standard","meta":{"footnotes":""},"categories":[4,9,18],"tags":[487,498,529,707],"class_list":["post-1715","post","type-post","status-publish","format-standard","hentry","category-celebrations","category-historical-pictures","category-the-city-a-cidade","tag-familia-steiner","tag-festa","tag-fraiburgo","tag-la-musique"],"_links":{"self":[{"href":"https:\/\/lanofrai.com.br\/en\/wp-json\/wp\/v2\/posts\/1715","targetHints":{"allow":["GET"]}}],"collection":[{"href":"https:\/\/lanofrai.com.br\/en\/wp-json\/wp\/v2\/posts"}],"about":[{"href":"https:\/\/lanofrai.com.br\/en\/wp-json\/wp\/v2\/types\/post"}],"author":[{"embeddable":true,"href":"https:\/\/lanofrai.com.br\/en\/wp-json\/wp\/v2\/users\/1"}],"replies":[{"embeddable":true,"href":"https:\/\/lanofrai.com.br\/en\/wp-json\/wp\/v2\/comments?post=1715"}],"version-history":[{"count":0,"href":"https:\/\/lanofrai.com.br\/en\/wp-json\/wp\/v2\/posts\/1715\/revisions"}],"wp:attachment":[{"href":"https:\/\/lanofrai.com.br\/en\/wp-json\/wp\/v2\/media?parent=1715"}],"wp:term":[{"taxonomy":"category","embeddable":true,"href":"https:\/\/lanofrai.com.br\/en\/wp-json\/wp\/v2\/categories?post=1715"},{"taxonomy":"post_tag","embeddable":true,"href":"https:\/\/lanofrai.com.br\/en\/wp-json\/wp\/v2\/tags?post=1715"}],"curies":[{"name":"wp","href":"https:\/\/api.w.org\/{rel}","templated":true}]}}