{"id":17326,"date":"2013-07-14T14:22:07","date_gmt":"2013-07-14T17:22:07","guid":{"rendered":"http:\/\/lanofrai.com.br\/?p=17326"},"modified":"2013-07-14T14:22:07","modified_gmt":"2013-07-14T17:22:07","slug":"entrevista-para-radio-videira","status":"publish","type":"post","link":"https:\/\/lanofrai.com.br\/en\/2013\/07\/14\/entrevista-para-radio-videira\/","title":{"rendered":"Entrevista para r\u00e1dio Vit\u00f3ria de Videira"},"content":{"rendered":"<p style=\"text-align:justify\"><span style=\"color:#008000\">Entrevista para r\u00e1dio Vit\u00f3ria sobre a palestra &#8220;Tirando a globaliza\u00e7\u00e3o para dan\u00e7ar&#8221; ministrada no IFC em Videira e Fraiburgo.\u00a0<\/span><\/p>\n<p style=\"text-align:justify\"><span style=\"color:#008000\">Parab\u00e9ns aos professores, coordenadores e alunos do Instituto Federal Catarinense pelo bonito trabalho que est\u00e3o\u00a0desenvolvendo. Obrigado pelo convite e espero que esta singela contribui\u00e7\u00e3o possa colaborar com a forma\u00e7\u00e3o e o desenvolvimento dessa nova leva de tchozinhos(as) que embarcar\u00e3o na vida adulta bem qualificados e se defendendo em qualquer parte do mundo.<\/span><\/p>\n<p style=\"text-align:justify\"><span style=\"color:#008000\">Para os &#8220;Tchozinhos(a)&#8221; que assistiram, fica uma d\u00edvida futura de apresentarem suas experi\u00eancias no exterior de forma gratuita aos pr\u00f3ximos alunos. J\u00e1 estamos no segundo elo dessa corrente. N\u00e3o t\u00e1 morto quem peleia Tch\u00f4.<\/span><\/p>\n<p><span style=\"color:#008000\">Um abra\u00e7o Joni\u00a0<\/span><\/p>\n<p><span style=\"color:#008000\">&#8211;&gt;link da mat\u00e9ria<\/span><br \/>\n<span style=\"color:#008000\"><a href=\"http:\/\/www.rbvradios.inf.br\/am1320\/noticia.php?noticia=9551\" target=\"_blank\" rel=\"nofollow nofollow\"><span style=\"color:#008000\">http:\/\/www.rbvradios.inf.br\/am1320\/noticia.php?noticia=9551<\/span><\/a><\/span><\/p>\n","protected":false},"excerpt":{"rendered":"<p>Entrevista para r\u00e1dio Vit\u00f3ria sobre a palestra &#8220;Tirando a globaliza\u00e7\u00e3o para dan\u00e7ar&#8221; ministrada no IFC em Videira e Fraiburgo.\u00a0 Parab\u00e9ns aos professores, coordenadores e alunos do Instituto Federal Catarinense pelo bonito trabalho que est\u00e3o\u00a0desenvolvendo. Obrigado pelo convite e espero que esta singela contribui\u00e7\u00e3o possa colaborar com a forma\u00e7\u00e3o e o desenvolvimento dessa nova leva de [&hellip;]<\/p>\n","protected":false},"author":1,"featured_media":0,"comment_status":"open","ping_status":"open","sticky":false,"template":"","format":"standard","meta":{"footnotes":""},"categories":[8],"tags":[364,466,480,585,633,665,881,1259],"class_list":["post-17326","post","type-post","status-publish","format-standard","hentry","category-fraiburguese-opinions","tag-desafios","tag-estudos","tag-exterior","tag-guest-lectures","tag-ifc","tag-instituto-federal-catarinense","tag-palestra","tag-voluntariado"],"_links":{"self":[{"href":"https:\/\/lanofrai.com.br\/en\/wp-json\/wp\/v2\/posts\/17326","targetHints":{"allow":["GET"]}}],"collection":[{"href":"https:\/\/lanofrai.com.br\/en\/wp-json\/wp\/v2\/posts"}],"about":[{"href":"https:\/\/lanofrai.com.br\/en\/wp-json\/wp\/v2\/types\/post"}],"author":[{"embeddable":true,"href":"https:\/\/lanofrai.com.br\/en\/wp-json\/wp\/v2\/users\/1"}],"replies":[{"embeddable":true,"href":"https:\/\/lanofrai.com.br\/en\/wp-json\/wp\/v2\/comments?post=17326"}],"version-history":[{"count":0,"href":"https:\/\/lanofrai.com.br\/en\/wp-json\/wp\/v2\/posts\/17326\/revisions"}],"wp:attachment":[{"href":"https:\/\/lanofrai.com.br\/en\/wp-json\/wp\/v2\/media?parent=17326"}],"wp:term":[{"taxonomy":"category","embeddable":true,"href":"https:\/\/lanofrai.com.br\/en\/wp-json\/wp\/v2\/categories?post=17326"},{"taxonomy":"post_tag","embeddable":true,"href":"https:\/\/lanofrai.com.br\/en\/wp-json\/wp\/v2\/tags?post=17326"}],"curies":[{"name":"wp","href":"https:\/\/api.w.org\/{rel}","templated":true}]}}