{"id":1816,"date":"2012-10-27T18:57:05","date_gmt":"2012-10-27T21:57:05","guid":{"rendered":"http:\/\/lanofrai.com.br\/?p=1816"},"modified":"2012-10-27T18:57:05","modified_gmt":"2012-10-27T21:57:05","slug":"patrimonio-arquitetonico-tchozino-tchozinos-architetonic-heritage","status":"publish","type":"post","link":"https:\/\/lanofrai.com.br\/en\/2012\/10\/27\/patrimonio-arquitetonico-tchozino-tchozinos-architetonic-heritage\/","title":{"rendered":"Patrim\u00f4nio arquitet\u00f4nico Tchozino \/ Tchozino&#8217;s architetonic heritage"},"content":{"rendered":"<p style=\"text-align:justify\"><span style=\"color:#008000\">Para quem lembra do post \u201c<\/span><a style=\"color:#008000\" href=\"https:\/\/lanofrai.com.br\/2012\/05\/04\/analise-architetonica-comparativa-comparative-achitetonic-analisys\/\">An\u00e1lise arquitet\u00f4nica comparativa<\/a><span style=\"color:#008000\">\u201d, seguem duas vers\u00f5es adaptadas de Ca\u00e7ador, uma feita pelo An\u00f4nimo Ca\u00e7ador tch\u00f4 e outra por Nelvio Junior (materializador). Realmente n\u00e3o sabia que tinha chamin\u00e9 por aquelas bandas, ser\u00e1 que \u00e9 irm\u00e3 da do Frai? Fazendo uma pesquisa internet vi que as informa\u00e7\u00f5es das duas torres s\u00e3o muito desencontradas, por exemplo alguns dizem que a do Frai foi feita em 1940 outros 39 e ainda no site da prefeitura 1950. Ainda, qual \u00e9 altura dela? N\u00famero de tijolos (d\u00e1 pra mensurar sim), capacidade de queima, tempo de constru\u00e7\u00e3o, quanto custou a reforma e etc. <\/span><\/p>\n<p style=\"text-align:justify\"><span style=\"color:#008000\">Essas coisas s\u00e3o s\u00f3 o come\u00e7o de uma \u00a0reflex\u00e3o sobre o desenvolvimento tur\u00edstico das cidades e como poder\u00edamos gerar valor monet\u00e1rio a partir de nossos s\u00edmbolos? Na \u00faltima vez que estive no Frai, fui na lojinha de artesanatos ao lado do lago (muito bonitinha por sinal) e encontrei centenas ma\u00e7\u00e3s e recorda\u00e7\u00f5es de Fraiburgo, mas n\u00e3o encontrei nenhuma chamin\u00e9, nem ao menos um chaveirinho de souvenir. Resultado, entrei no modo Tchozinho desacor\u00e7oado :(. Fraiburgo n\u00e3o \u00e9 s\u00f3 ma\u00e7\u00e3, \u00e9 arquitetura, o lago, hist\u00f3ria, dinos e o que mais as pr\u00f3ximas gera\u00e7\u00f5es\u00a0quiserem\u00a0que ela seja.\u00a0<\/span><span style=\"color:#008000\">Pow piazada, tem tanto tch\u00f4 que daria um dedo pra ir pra Paris tirar uma foto na torre Eifel e depois postar no Facebook, ent\u00e3o como n\u00f3s podemos fazer para que os outros venham at\u00e9 nossas cidades, valorizem nossas coisas e divulguem a nossa hist\u00f3ria, o nosso jeito e etc?\u00a0<\/span><\/p>\n<p style=\"text-align:justify\"><a href=\"https:\/\/lanofrai.com.br\/wp-content\/uploads\/2012\/10\/torres-6.jpg\"><img loading=\"lazy\" decoding=\"async\" class=\"aligncenter size-full wp-image-1818\" title=\"Torres 6\" alt=\"\" src=\"https:\/\/lanofrai.com.br\/wp-content\/uploads\/2012\/10\/torres-6.jpg\" width=\"341\" height=\"635\" srcset=\"https:\/\/lanofrai.com.br\/en\/wp-content\/uploads\/sites\/3\/2012\/10\/torres-6.jpg 341w, https:\/\/lanofrai.com.br\/en\/wp-content\/uploads\/sites\/3\/2012\/10\/torres-6-161x300.jpg 161w\" sizes=\"auto, (max-width: 341px) 100vw, 341px\" \/><\/a><\/p>\n","protected":false},"excerpt":{"rendered":"<p>Para quem lembra do post \u201cAn\u00e1lise arquitet\u00f4nica comparativa\u201d, seguem duas vers\u00f5es adaptadas de Ca\u00e7ador, uma feita pelo An\u00f4nimo Ca\u00e7ador tch\u00f4 e outra por Nelvio Junior (materializador). Realmente n\u00e3o sabia que tinha chamin\u00e9 por aquelas bandas, ser\u00e1 que \u00e9 irm\u00e3 da do Frai? Fazendo uma pesquisa internet vi que as informa\u00e7\u00f5es das duas torres s\u00e3o muito [&hellip;]<\/p>\n","protected":false},"author":1,"featured_media":0,"comment_status":"open","ping_status":"open","sticky":false,"template":"","format":"standard","meta":{"footnotes":""},"categories":[9,18,19],"tags":[23,207,246,271,333,421,529,897,1023,1024,1187,1190],"class_list":["post-1816","post","type-post","status-publish","format-standard","hentry","category-historical-pictures","category-the-city-a-cidade","category-turistic-points","tag-23","tag-cacador","tag-chamine","tag-cidades","tag-cultura","tag-eifel","tag-fraiburgo","tag-patrimonio","tag-region","tag-regional","tag-torres","tag-towers"],"_links":{"self":[{"href":"https:\/\/lanofrai.com.br\/en\/wp-json\/wp\/v2\/posts\/1816","targetHints":{"allow":["GET"]}}],"collection":[{"href":"https:\/\/lanofrai.com.br\/en\/wp-json\/wp\/v2\/posts"}],"about":[{"href":"https:\/\/lanofrai.com.br\/en\/wp-json\/wp\/v2\/types\/post"}],"author":[{"embeddable":true,"href":"https:\/\/lanofrai.com.br\/en\/wp-json\/wp\/v2\/users\/1"}],"replies":[{"embeddable":true,"href":"https:\/\/lanofrai.com.br\/en\/wp-json\/wp\/v2\/comments?post=1816"}],"version-history":[{"count":0,"href":"https:\/\/lanofrai.com.br\/en\/wp-json\/wp\/v2\/posts\/1816\/revisions"}],"wp:attachment":[{"href":"https:\/\/lanofrai.com.br\/en\/wp-json\/wp\/v2\/media?parent=1816"}],"wp:term":[{"taxonomy":"category","embeddable":true,"href":"https:\/\/lanofrai.com.br\/en\/wp-json\/wp\/v2\/categories?post=1816"},{"taxonomy":"post_tag","embeddable":true,"href":"https:\/\/lanofrai.com.br\/en\/wp-json\/wp\/v2\/tags?post=1816"}],"curies":[{"name":"wp","href":"https:\/\/api.w.org\/{rel}","templated":true}]}}