{"id":1875,"date":"2012-11-18T12:54:38","date_gmt":"2012-11-18T15:54:38","guid":{"rendered":"http:\/\/lanofrai.com.br\/?p=1875"},"modified":"2012-11-18T12:54:38","modified_gmt":"2012-11-18T15:54:38","slug":"energias-renovaveis-no-frai-renewable-energy-in-fraiburgo","status":"publish","type":"post","link":"https:\/\/lanofrai.com.br\/en\/2012\/11\/18\/energias-renovaveis-no-frai-renewable-energy-in-fraiburgo\/","title":{"rendered":"Energias renov\u00e1veis no Frai &#8211; Renewable energy in Fraiburgo"},"content":{"rendered":"<p><span style=\"color:#008000\">Tchozinhos e tchozinhas,<\/span><\/p>\n<p style=\"text-align:justify\"><span style=\"color:#008000\">\u00a0Segue uma imagem da utiliza\u00e7\u00e3o incipiente de energias renov\u00e1veis no Frai (e\u00f3lica e solar), \u00e9 pouco mas j\u00e1 um come\u00e7o. As mudan\u00e7as come\u00e7am quando mudamos a forma como interpretarmos o problema e quais tecnologias utilizamos. Parab\u00e9ns \u00a0\u00e0 fam\u00edlia respons\u00e1vel por este lindo cen\u00e1rio.<\/span><\/p>\n<p>Dear all.<\/p>\n<p>This pic shows the incipient usage of renewable technologies (sun and wind) in Fraiburgo. Little by little we are changing out mind set towards a responsible way of life. Congratulations to the Family, who created this unique and cute scenario.<\/p>\n<p><a href=\"https:\/\/lanofrai.com.br\/wp-content\/uploads\/2012\/11\/energia-solar-e-ec3b3lica.png\"><img loading=\"lazy\" decoding=\"async\" class=\"aligncenter size-full wp-image-1876\" title=\"energia solar e e\u00f3lica\" alt=\"\" src=\"https:\/\/lanofrai.com.br\/wp-content\/uploads\/2012\/11\/energia-solar-e-ec3b3lica.png\" height=\"222\" width=\"500\" srcset=\"https:\/\/lanofrai.com.br\/en\/wp-content\/uploads\/sites\/3\/2012\/11\/energia-solar-e-ec3b3lica.png 1484w, https:\/\/lanofrai.com.br\/en\/wp-content\/uploads\/sites\/3\/2012\/11\/energia-solar-e-ec3b3lica-300x133.png 300w, https:\/\/lanofrai.com.br\/en\/wp-content\/uploads\/sites\/3\/2012\/11\/energia-solar-e-ec3b3lica-1024x456.png 1024w, https:\/\/lanofrai.com.br\/en\/wp-content\/uploads\/sites\/3\/2012\/11\/energia-solar-e-ec3b3lica-624x277.png 624w\" sizes=\"auto, (max-width: 500px) 100vw, 500px\" \/><\/a><\/p>\n","protected":false},"excerpt":{"rendered":"<p>Tchozinhos e tchozinhas, \u00a0Segue uma imagem da utiliza\u00e7\u00e3o incipiente de energias renov\u00e1veis no Frai (e\u00f3lica e solar), \u00e9 pouco mas j\u00e1 um come\u00e7o. As mudan\u00e7as come\u00e7am quando mudamos a forma como interpretarmos o problema e quais tecnologias utilizamos. Parab\u00e9ns \u00a0\u00e0 fam\u00edlia respons\u00e1vel por este lindo cen\u00e1rio. Dear all. This pic shows the incipient usage of [&hellip;]<\/p>\n","protected":false},"author":1,"featured_media":0,"comment_status":"open","ping_status":"open","sticky":false,"template":"","format":"standard","meta":{"footnotes":""},"categories":[18],"tags":[434,435,445,965,1109,1110,1130,1253,1263,1267],"class_list":["post-1875","post","type-post","status-publish","format-standard","hentry","category-the-city-a-cidade","tag-energias-renovaveis","tag-energy","tag-eolica","tag-power","tag-sol","tag-solar","tag-sun","tag-vista","tag-way-of-life","tag-wind"],"_links":{"self":[{"href":"https:\/\/lanofrai.com.br\/en\/wp-json\/wp\/v2\/posts\/1875","targetHints":{"allow":["GET"]}}],"collection":[{"href":"https:\/\/lanofrai.com.br\/en\/wp-json\/wp\/v2\/posts"}],"about":[{"href":"https:\/\/lanofrai.com.br\/en\/wp-json\/wp\/v2\/types\/post"}],"author":[{"embeddable":true,"href":"https:\/\/lanofrai.com.br\/en\/wp-json\/wp\/v2\/users\/1"}],"replies":[{"embeddable":true,"href":"https:\/\/lanofrai.com.br\/en\/wp-json\/wp\/v2\/comments?post=1875"}],"version-history":[{"count":0,"href":"https:\/\/lanofrai.com.br\/en\/wp-json\/wp\/v2\/posts\/1875\/revisions"}],"wp:attachment":[{"href":"https:\/\/lanofrai.com.br\/en\/wp-json\/wp\/v2\/media?parent=1875"}],"wp:term":[{"taxonomy":"category","embeddable":true,"href":"https:\/\/lanofrai.com.br\/en\/wp-json\/wp\/v2\/categories?post=1875"},{"taxonomy":"post_tag","embeddable":true,"href":"https:\/\/lanofrai.com.br\/en\/wp-json\/wp\/v2\/tags?post=1875"}],"curies":[{"name":"wp","href":"https:\/\/api.w.org\/{rel}","templated":true}]}}