{"id":1892,"date":"2012-11-25T10:12:53","date_gmt":"2012-11-25T13:12:53","guid":{"rendered":"http:\/\/lanofrai.com.br\/?p=1892"},"modified":"2012-11-25T10:12:53","modified_gmt":"2012-11-25T13:12:53","slug":"no-inverno-la-no-frai-in-the-winter-in-fraiburgo","status":"publish","type":"post","link":"https:\/\/lanofrai.com.br\/en\/2012\/11\/25\/no-inverno-la-no-frai-in-the-winter-in-fraiburgo\/","title":{"rendered":"No inverno L\u00e1 no Frai \/ In the winter in Fraiburgo"},"content":{"rendered":"<p><span style=\"color:#008000\">Galeritch\u00f4s,<\/span><\/p>\n<p><span style=\"color:#008000\">Para quem est\u00e1 com saudades do inverno, segue a contribui\u00e7\u00e3o do tch\u00f4 Gustavo Biscaro.<\/span><\/p>\n<p><span style=\"color:#000000\">That&#8217;s is the way Fraiburgo look like during the winter time around june. By Gustavo Biscaro<\/span><\/p>\n<p>&nbsp;<\/p>\n<p><span style=\"color:#008000\"><a href=\"https:\/\/lanofrai.com.br\/wp-content\/uploads\/2012\/11\/foto-em-edic3a7c3a3o.png\"><img loading=\"lazy\" decoding=\"async\" class=\"aligncenter size-full wp-image-1893\" title=\"foto em edi\u00e7\u00e3o\" alt=\"\" src=\"https:\/\/lanofrai.com.br\/wp-content\/uploads\/2012\/11\/foto-em-edic3a7c3a3o.png\" height=\"406\" width=\"500\" srcset=\"https:\/\/lanofrai.com.br\/en\/wp-content\/uploads\/sites\/3\/2012\/11\/foto-em-edic3a7c3a3o.png 688w, https:\/\/lanofrai.com.br\/en\/wp-content\/uploads\/sites\/3\/2012\/11\/foto-em-edic3a7c3a3o-300x243.png 300w, https:\/\/lanofrai.com.br\/en\/wp-content\/uploads\/sites\/3\/2012\/11\/foto-em-edic3a7c3a3o-624x506.png 624w\" sizes=\"auto, (max-width: 500px) 100vw, 500px\" \/><\/a>\u00a0<\/span><\/p>\n<p>&nbsp;<\/p>\n<p>&nbsp;<\/p>\n","protected":false},"excerpt":{"rendered":"<p>Galeritch\u00f4s, Para quem est\u00e1 com saudades do inverno, segue a contribui\u00e7\u00e3o do tch\u00f4 Gustavo Biscaro. That&#8217;s is the way Fraiburgo look like during the winter time around june. By Gustavo Biscaro &nbsp; \u00a0 &nbsp; &nbsp;<\/p>\n","protected":false},"author":1,"featured_media":0,"comment_status":"open","ping_status":"open","sticky":false,"template":"","format":"standard","meta":{"footnotes":""},"categories":[5,18],"tags":[1318,677,1269,1270],"class_list":["post-1892","post","type-post","status-publish","format-standard","hentry","category-sky","category-the-city-a-cidade","tag-gustavo-biscaro","tag-inverno","tag-winter","tag-winter-time"],"_links":{"self":[{"href":"https:\/\/lanofrai.com.br\/en\/wp-json\/wp\/v2\/posts\/1892","targetHints":{"allow":["GET"]}}],"collection":[{"href":"https:\/\/lanofrai.com.br\/en\/wp-json\/wp\/v2\/posts"}],"about":[{"href":"https:\/\/lanofrai.com.br\/en\/wp-json\/wp\/v2\/types\/post"}],"author":[{"embeddable":true,"href":"https:\/\/lanofrai.com.br\/en\/wp-json\/wp\/v2\/users\/1"}],"replies":[{"embeddable":true,"href":"https:\/\/lanofrai.com.br\/en\/wp-json\/wp\/v2\/comments?post=1892"}],"version-history":[{"count":0,"href":"https:\/\/lanofrai.com.br\/en\/wp-json\/wp\/v2\/posts\/1892\/revisions"}],"wp:attachment":[{"href":"https:\/\/lanofrai.com.br\/en\/wp-json\/wp\/v2\/media?parent=1892"}],"wp:term":[{"taxonomy":"category","embeddable":true,"href":"https:\/\/lanofrai.com.br\/en\/wp-json\/wp\/v2\/categories?post=1892"},{"taxonomy":"post_tag","embeddable":true,"href":"https:\/\/lanofrai.com.br\/en\/wp-json\/wp\/v2\/tags?post=1892"}],"curies":[{"name":"wp","href":"https:\/\/api.w.org\/{rel}","templated":true}]}}