{"id":1921,"date":"2012-12-04T20:26:51","date_gmt":"2012-12-04T23:26:51","guid":{"rendered":"http:\/\/lanofrai.com.br\/?p=1921"},"modified":"2012-12-04T20:26:51","modified_gmt":"2012-12-04T23:26:51","slug":"nova-publicacao-sobre-a-cultura-tchozina-obra-prima-portuguese-only","status":"publish","type":"post","link":"https:\/\/lanofrai.com.br\/en\/2012\/12\/04\/nova-publicacao-sobre-a-cultura-tchozina-obra-prima-portuguese-only\/","title":{"rendered":"Nova publica\u00e7\u00e3o sobre a cultura tchozina (obra prima) (Portuguese Only)"},"content":{"rendered":"<p><span style=\"color:#008000\">Galeritch\u00f4s,\u00a0<\/span><\/p>\n<p style=\"text-align:justify\"><span style=\"color:#008000\">Foi lan\u00e7ado essa noite em Desterro o livro &#8220;A Saga do Contestado&#8221;, uma baita obra de arte tch\u00f4 em celebra\u00e7\u00e3o aos cem anos desta batalha que atordou muitas almas na regi\u00e3o do Frai. O autor \u00e9 Eucl\u00e9rito da Concei\u00e7\u00e3o. O autor lamentou que a maioria dos volumes deste livro foram para regi\u00e3o do litoral de Santa Catarina. Mesmo assim, espero que o pessoal no Frai tenham acesso a ele nas escolas de alguma forma. Abaixo fotografei algumas partes desta obra que mistura, hist\u00f3ria e a arte de desenhar com uma qualidade est\u00e9tica invej\u00e1vel. Abaixo algumas fotos incluindo o Tch\u00f4zinho master Z\u00e9 Maria. Ze n\u00e3o encontrarem o exemplar no Frai, vou falar com o autor para distribuir essa obra em meio digital. Para quem est\u00e1 seguiondo o canal do L\u00e1 no Frai no Facebook\/lanofrai &#8211; ser\u00e1 feito um novo \u00e1lbum com imagens e as demais coisaradinhas sobre a guerra do constado. Por hoje \u00e9 isso. <\/span><\/p>\n<p>Sauda\u00e7\u00f5es tchozinas\n\t\t<style type=\"text\/css\">\n\t\t\t#gallery-1 {\n\t\t\t\tmargin: auto;\n\t\t\t}\n\t\t\t#gallery-1 .gallery-item {\n\t\t\t\tfloat: left;\n\t\t\t\tmargin-top: 10px;\n\t\t\t\ttext-align: center;\n\t\t\t\twidth: 50%;\n\t\t\t}\n\t\t\t#gallery-1 img {\n\t\t\t\tborder: 2px solid #cfcfcf;\n\t\t\t}\n\t\t\t#gallery-1 .gallery-caption {\n\t\t\t\tmargin-left: 0;\n\t\t\t}\n\t\t\t\/* see gallery_shortcode() in wp-includes\/media.php *\/\n\t\t<\/style>\n\t\t<div id='gallery-1' class='gallery galleryid-1921 gallery-columns-2 gallery-size-thumbnail'><dl class='gallery-item'>\n\t\t\t<dt class='gallery-icon landscape'>\n\t\t\t\t<a href='https:\/\/lanofrai.com.br\/en\/wp-content\/uploads\/sites\/3\/2012\/12\/dsc_0768.png'><img loading=\"lazy\" decoding=\"async\" width=\"150\" height=\"150\" src=\"https:\/\/lanofrai.com.br\/en\/wp-content\/uploads\/sites\/3\/2012\/12\/dsc_0768-150x150.png\" class=\"attachment-thumbnail size-thumbnail\" alt=\"\" \/><\/a>\n\t\t\t<\/dt><\/dl><dl class='gallery-item'>\n\t\t\t<dt class='gallery-icon portrait'>\n\t\t\t\t<a href='https:\/\/lanofrai.com.br\/en\/wp-content\/uploads\/sites\/3\/2012\/12\/dsc_0771.png'><img loading=\"lazy\" decoding=\"async\" width=\"150\" height=\"150\" src=\"https:\/\/lanofrai.com.br\/en\/wp-content\/uploads\/sites\/3\/2012\/12\/dsc_0771-150x150.png\" class=\"attachment-thumbnail size-thumbnail\" alt=\"\" \/><\/a>\n\t\t\t<\/dt><\/dl><br style=\"clear: both\" \/><dl class='gallery-item'>\n\t\t\t<dt class='gallery-icon portrait'>\n\t\t\t\t<a href='https:\/\/lanofrai.com.br\/en\/wp-content\/uploads\/sites\/3\/2012\/12\/dsc_0770.png'><img loading=\"lazy\" decoding=\"async\" width=\"150\" height=\"150\" src=\"https:\/\/lanofrai.com.br\/en\/wp-content\/uploads\/sites\/3\/2012\/12\/dsc_0770-150x150.png\" class=\"attachment-thumbnail size-thumbnail\" alt=\"\" \/><\/a>\n\t\t\t<\/dt><\/dl><dl class='gallery-item'>\n\t\t\t<dt class='gallery-icon landscape'>\n\t\t\t\t<a href='https:\/\/lanofrai.com.br\/en\/wp-content\/uploads\/sites\/3\/2012\/12\/dsc_0769.png'><img loading=\"lazy\" decoding=\"async\" width=\"150\" height=\"150\" src=\"https:\/\/lanofrai.com.br\/en\/wp-content\/uploads\/sites\/3\/2012\/12\/dsc_0769-150x150.png\" class=\"attachment-thumbnail size-thumbnail\" alt=\"\" \/><\/a>\n\t\t\t<\/dt><\/dl><br style=\"clear: both\" \/>\n\t\t<\/div>\n<\/p>\n","protected":false},"excerpt":{"rendered":"<p>Galeritch\u00f4s,\u00a0 Foi lan\u00e7ado essa noite em Desterro o livro &#8220;A Saga do Contestado&#8221;, uma baita obra de arte tch\u00f4 em celebra\u00e7\u00e3o aos cem anos desta batalha que atordou muitas almas na regi\u00e3o do Frai. O autor \u00e9 Eucl\u00e9rito da Concei\u00e7\u00e3o. O autor lamentou que a maioria dos volumes deste livro foram para regi\u00e3o do litoral [&hellip;]<\/p>\n","protected":false},"author":1,"featured_media":0,"comment_status":"open","ping_status":"open","sticky":false,"template":"","format":"standard","meta":{"footnotes":""},"categories":[9],"tags":[1073],"class_list":["post-1921","post","type-post","status-publish","format-standard","hentry","category-historical-pictures","tag-santa-catarina"],"_links":{"self":[{"href":"https:\/\/lanofrai.com.br\/en\/wp-json\/wp\/v2\/posts\/1921","targetHints":{"allow":["GET"]}}],"collection":[{"href":"https:\/\/lanofrai.com.br\/en\/wp-json\/wp\/v2\/posts"}],"about":[{"href":"https:\/\/lanofrai.com.br\/en\/wp-json\/wp\/v2\/types\/post"}],"author":[{"embeddable":true,"href":"https:\/\/lanofrai.com.br\/en\/wp-json\/wp\/v2\/users\/1"}],"replies":[{"embeddable":true,"href":"https:\/\/lanofrai.com.br\/en\/wp-json\/wp\/v2\/comments?post=1921"}],"version-history":[{"count":0,"href":"https:\/\/lanofrai.com.br\/en\/wp-json\/wp\/v2\/posts\/1921\/revisions"}],"wp:attachment":[{"href":"https:\/\/lanofrai.com.br\/en\/wp-json\/wp\/v2\/media?parent=1921"}],"wp:term":[{"taxonomy":"category","embeddable":true,"href":"https:\/\/lanofrai.com.br\/en\/wp-json\/wp\/v2\/categories?post=1921"},{"taxonomy":"post_tag","embeddable":true,"href":"https:\/\/lanofrai.com.br\/en\/wp-json\/wp\/v2\/tags?post=1921"}],"curies":[{"name":"wp","href":"https:\/\/api.w.org\/{rel}","templated":true}]}}