{"id":1949,"date":"2012-12-15T12:59:27","date_gmt":"2012-12-15T15:59:27","guid":{"rendered":"http:\/\/lanofrai.com.br\/?p=1949"},"modified":"2012-12-15T12:59:27","modified_gmt":"2012-12-15T15:59:27","slug":"do-frai-a-holanda-parte-2-from-fraiburgo-to-the-netherlands-part-2","status":"publish","type":"post","link":"https:\/\/lanofrai.com.br\/en\/2012\/12\/15\/do-frai-a-holanda-parte-2-from-fraiburgo-to-the-netherlands-part-2\/","title":{"rendered":"Do Frai \u00e0 Holanda (parte 2) From Fraiburgo to the Netherlands (part 2)"},"content":{"rendered":"<p style=\"text-align:justify\">English not available yet . Sorry \ud83d\ude41 coming soon \ud83d\ude42 &#8211; well not really<\/p>\n<p style=\"text-align:justify\"><span style=\"color:#008000\">Oi tchozedinhos, pe\u00e7o desculpas pela demora em escrever a segunda parte da miss\u00e3o Econ\u00f4mica Holandesa no Brasil. Os dias tem sido de muitas decis\u00f5es e press\u00e3o aqui em \u00a0Desterro Capital.\u00a0Bom, que foi essa miss\u00e3o? E o que isso tem haver com Fraiburgo? O que est\u00e1 acontecendo entre Brasil e Holanda?<\/span><\/p>\n<p style=\"text-align:justify\"><span style=\"color:#008000\"><a href=\"https:\/\/lanofrai.com.br\/2012\/12\/15\/do-frai-a-holanda-parte-2-from-fraiburgo-to-the-netherlands-part-2\/livro-da-missao\/\" rel=\"attachment wp-att-1959\"><span style=\"color:#008000\"><img loading=\"lazy\" decoding=\"async\" class=\"alignright  wp-image-1959\" title=\"Livro da miss\u00e3o\" alt=\"\" src=\"https:\/\/lanofrai.com.br\/wp-content\/uploads\/2012\/12\/livro-da-missc3a3o.png\" width=\"210\" height=\"272\" srcset=\"https:\/\/lanofrai.com.br\/en\/wp-content\/uploads\/sites\/3\/2012\/12\/livro-da-missc3a3o.png 1215w, https:\/\/lanofrai.com.br\/en\/wp-content\/uploads\/sites\/3\/2012\/12\/livro-da-missc3a3o-231x300.png 231w, https:\/\/lanofrai.com.br\/en\/wp-content\/uploads\/sites\/3\/2012\/12\/livro-da-missc3a3o-789x1024.png 789w, https:\/\/lanofrai.com.br\/en\/wp-content\/uploads\/sites\/3\/2012\/12\/livro-da-missc3a3o-624x808.png 624w\" sizes=\"auto, (max-width: 210px) 100vw, 210px\" \/><\/span><\/a> <\/span><\/p>\n<p style=\"text-align:justify\"><span style=\"color:#008000\">A Holanda, apesar de seu tamanho super mini e ainda zipada (aproximadamente 3 vezes menor que Santa Catarina e com uma gera\u00e7\u00e3o de riquezas 15 vezes maior), ela est\u00e1 sempre entre os 5 pa\u00edses que mais investem no Brasil. Algu\u00e9m ai sabia que a Philips, Shell, Unilever s\u00e3o Holandesas?<\/span><\/p>\n<p style=\"text-align:justify\"><span style=\"color:#008000\">Em resumo a miss\u00e3o consistiu de um baita esfor\u00e7o (maior da hist\u00f3ria) dos dois pa\u00edses, a n\u00edvel de estrat\u00e9gia nacional, para a amplia\u00e7\u00e3o do com\u00e9rcio e outras rela\u00e7\u00f5es bilaterais como educa\u00e7\u00e3o, pesquisa e etc. Em Fraiburgu\u00eas poder\u00edamos dizer que esse \u00e9 um evento pra aligeirar os tch\u00f4 a fazer mais \u201cbriques\u201d. Assim, seguiram uma regra universal dos neg\u00f3cios:<\/span><\/p>\n<p style=\"text-align:justify\"><span style=\"color:#008000\">\u201cQuando algo ou alguma coisa precisa ser feita ligeiro\u201d \u2013 fale direto com o chefe \u2013 \u00a0Ai no meio disso t\u00e1 o Tchozinho como empres\u00e1rio e embaixador do ensino Holand\u00eas no Brasil, representando a galerinha j\u00e1 foi eu ir\u00e1 estudar na Holanda num projeto que se chama HANBRASIL (explico isso melhor depois).<\/span><\/p>\n<blockquote><p><span style=\"color:#008000\">Tchozinho, porque Brasil e Holanda \u201cpercisam\u201d fazer mais briques?<\/span><\/p><\/blockquote>\n<p style=\"text-align:justify\"><span style=\"color:#008000\">\u00a0Porque s\u00e3o duas economias e culturas extremamente assim\u00e9tricas. Ou seja, \u00e9 como se mor\u00e1ssemos em uma ilha que s\u00f3 tem ma\u00e7\u00e3 e eles em uma que s\u00f3 banana. Para aumentar a variedade da \u201ccomidagem\u201d e a qualidade de vida dos dois \u00e9 preciso nadar at\u00e9 no outro lado para trocar as coisas. A tend\u00eancia de todo mercado \u00e9 encontrar um equil\u00edbrio entre as partes. O que impede que esse equil\u00edbrio seja total s\u00e3o os impostos, custos de transporte, diferen\u00e7as culturais, leis, religi\u00e3o, l\u00edngua e milh\u00f5es de outros fatores. No caso do Brasil e Holanda o desiquil\u00edbrio \u00e9 grande porque de um lado o Brasil \u00e9 um monstro gigantesco cheio de recursos naturais e jogadores de futebol \u201csemi-anarfas\u201d. Por outro lado a Holanda desprovida de recursos naturais, mas com uma base tecnol\u00f3gica de produtos e servi\u00e7os de alto valor que pode ajudar o Brasil a crescer de modo mais sustent\u00e1vel e r\u00e1pido. Abaixo fiz uma pequena tabela comparativa n\u00e3o criteriosa mostrando o contraste dos pa\u00edses.<\/span><\/p>\n<p style=\"text-align:justify\"><span style=\"color:#008000\"><!--more--><\/span><\/p>\n<table border=\"1\" cellspacing=\"0\" cellpadding=\"0\">\n<tbody>\n<tr>\n<td valign=\"top\" width=\"213\"><span style=\"color:#008000\">Brasil<\/span><\/td>\n<td valign=\"top\" width=\"213\"><span style=\"color:#008000\">Holanda<\/span><\/td>\n<\/tr>\n<tr>\n<td valign=\"top\" width=\"213\"><span style=\"color:#008000\">Muito Petr\u00f3leo<\/span><\/td>\n<td valign=\"top\" width=\"213\"><span style=\"color:#008000\">Tecnologia de extra\u00e7\u00e3o de petr\u00f3leo e refino<\/span><\/td>\n<\/tr>\n<tr>\n<td valign=\"top\" width=\"213\"><span style=\"color:#008000\">Grande mercado consumidor<\/span><\/td>\n<td valign=\"top\" width=\"213\"><span style=\"color:#008000\">Sistemas de log\u00edstica<\/span><\/td>\n<\/tr>\n<tr>\n<td valign=\"top\" width=\"213\"><span style=\"color:#008000\">Criatividade<\/span><\/td>\n<td valign=\"top\" width=\"213\"><span style=\"color:#008000\">Organiza\u00e7\u00e3o<\/span><\/td>\n<\/tr>\n<tr>\n<td valign=\"top\" width=\"213\"><span style=\"color:#008000\">Futebol<\/span><\/td>\n<td valign=\"top\" width=\"213\"><span style=\"color:#008000\">Educa\u00e7\u00e3o<\/span><\/td>\n<\/tr>\n<tr>\n<td valign=\"top\" width=\"213\"><span style=\"color:#008000\">Rela\u00e7\u00f5es hierarquizadas<\/span><\/td>\n<td valign=\"top\" width=\"213\"><span style=\"color:#008000\">Rela\u00e7\u00f5es horizontalizadas<\/span><\/td>\n<\/tr>\n<tr>\n<td valign=\"top\" width=\"213\"><span style=\"color:#008000\">Sol, praia, Floresta<\/span><\/td>\n<td valign=\"top\" width=\"213\"><span style=\"color:#008000\">Gest\u00e3o de recursos<\/span><\/td>\n<\/tr>\n<tr>\n<td valign=\"top\" width=\"213\"><span style=\"color:#008000\">Milhares de carros<\/span><\/td>\n<td valign=\"top\" width=\"213\"><span style=\"color:#008000\">Milhares de bicicletas<\/span><\/td>\n<\/tr>\n<tr>\n<td valign=\"top\" width=\"213\"><span style=\"color:#008000\">Monolingu\u00edsmo<\/span><\/td>\n<td valign=\"top\" width=\"213\"><span style=\"color:#008000\">Polilingu\u00edsmo<\/span><\/td>\n<\/tr>\n<\/tbody>\n<\/table>\n<p style=\"text-align:justify\"><span style=\"color:#008000\"><strong>Negocia\u00e7\u00f5es em Santa Catarina:<\/strong><\/span><\/p>\n<p style=\"text-align:justify\"><span style=\"color:#008000\">Um parte do grupo mais interessada nas quest\u00f5es de tecnologia da informa\u00e7\u00e3o vieram para Desterro e foram recepcionadas pelo governo do estado no audit\u00f3rio da FIESC.<\/span><\/p>\n<p style=\"text-align:justify\"><span style=\"color:#008000\">Como foi?<\/span><\/p>\n<p style=\"text-align:justify\"><span style=\"color:#008000\">Na inscri\u00e7\u00e3o do evento cada participante tinha acesso de antem\u00e3o ao perfil das empresas e os respons\u00e1veis por cada uma delas, facilitando o networking (conversas de neg\u00f3cios) para descobrir o que as empresas fazem, como fazem e como novos neg\u00f3cios poderiam surgir. Isso n\u00e3o \u00e9 uma tarefa f\u00e1cil ainda mais que a complexidade dos produtos de tecnologia s\u00e3o cada vez maiores. O trabalho destes representantes \u00e9 inversa a do advogado pois tentam trazer conceitos bastante abstratos para o vocabul\u00e1rio mais simples poss\u00edvel, quando h\u00e1 necessidade de usar outro idioma, isso se torna ainda mais desafiante.\u00a0<\/span><\/p>\n<p style=\"text-align:justify\"><span style=\"color:#008000\">Havia tradu\u00e7\u00e3o simult\u00e2nea ingl\u00eas portugu\u00eas e vice versa \u2013 N\u00e3o sei dizer se Holand\u00eas estava sendo traduzido. O fato \u00e9 que 90% de todas as falas foram em portugu\u00eas inclusive a dos Holandeses, o consul honor\u00e1rio e outros representantes conseguiram mandar bem na nossa l\u00edngua vern\u00e1cula. A \u00fanica reclama\u00e7\u00e3o de alguns Holandeses \u00e9 que as apresenta\u00e7\u00f5es dos Brasileiros s\u00e3o muito enroladas, um senhor me perguntou se tinham chamado um padre para falar de neg\u00f3cios! Os holandeses s\u00e3o muito diretos e n\u00e3o ficam puxando o sacode 347 pessoas e o que as institui\u00e7\u00f5es significam pro mundo e etc. Sinceramente, eu fico muito triste a quantidade de blablablabla que se falam nas reuni\u00f5es no Brasil. \u00c9 como se j\u00e1 fossemos desenvolvidos e ter\u00edamos tempo para isso.\u00a0 Basicamente n\u00e3o deu para ver as apresenta\u00e7\u00f5es Holandesas que eu esperava.\u00a0<\/span><\/p>\n<p style=\"text-align:justify\"><span style=\"color:#008000\"><strong>Em S\u00e3o Paulo<\/strong><\/span><\/p>\n<p style=\"text-align:justify\"><span style=\"color:#008000\">O encontro foi com o ministro da educa\u00e7\u00e3o ci\u00eancia e cultura da Holanda os reitores das 14 universidades de pesquisa holandesas, entre elas Delf University of Technology, Erasmus University Rotterdam e VU University Amsterdam e Universidade de Twente (onde estudou o Tchozinho). Tamb\u00e9m participaram representantes da Universidade de S\u00e3o Paulo (USP), Universidade Estadual de Campinas (Unicamp), Universidade Estadual Paulista (Unesp) e Instituto Tecnol\u00f3gico de Aeron\u00e1utica (ITA). \u00a0O foco dessa reuni\u00e3o \u00e9 encontrar formas de criar pontes institucionais e financeiras para que mais Brasileiros v\u00e3o para a Holanda e mais Holandeses venham para o Brasil. Ai entra o projeto da rede de exalunos da HANBRAZIL.<\/span><\/p>\n<div id=\"attachment_1956\" style=\"width: 829px\" class=\"wp-caption aligncenter\"><a href=\"https:\/\/lanofrai.com.br\/2012\/12\/15\/do-frai-a-holanda-parte-2-from-fraiburgo-to-the-netherlands-part-2\/eli_9837\/\" rel=\"attachment wp-att-1956\"><img loading=\"lazy\" decoding=\"async\" aria-describedby=\"caption-attachment-1956\" class=\" wp-image-1956 \" title=\"Todos\" alt=\"\" src=\"https:\/\/lanofrai.com.br\/wp-content\/uploads\/2012\/12\/eli_9837.jpg?w=1024\" width=\"819\" height=\"560\" srcset=\"https:\/\/lanofrai.com.br\/en\/wp-content\/uploads\/sites\/3\/2012\/12\/eli_9837.jpg 2244w, https:\/\/lanofrai.com.br\/en\/wp-content\/uploads\/sites\/3\/2012\/12\/eli_9837-300x205.jpg 300w, https:\/\/lanofrai.com.br\/en\/wp-content\/uploads\/sites\/3\/2012\/12\/eli_9837-1024x700.jpg 1024w, https:\/\/lanofrai.com.br\/en\/wp-content\/uploads\/sites\/3\/2012\/12\/eli_9837-624x426.jpg 624w\" sizes=\"auto, (max-width: 819px) 100vw, 819px\" \/><\/a><p id=\"caption-attachment-1956\" class=\"wp-caption-text\">Professores, reitores, secret\u00e1rios, diretores, exalunos, tchozinho e etc.<\/p><\/div>\n<blockquote><p><span style=\"color:#008000\">Para que serve uma rede de exalunos?<\/span><\/p><\/blockquote>\n<p style=\"text-align:justify\"><span style=\"color:#008000\"><a href=\"https:\/\/lanofrai.com.br\/2012\/12\/15\/do-frai-a-holanda-parte-2-from-fraiburgo-to-the-netherlands-part-2\/eli_9964\/\" rel=\"attachment wp-att-1954\"><span style=\"color:#008000\"><img loading=\"lazy\" decoding=\"async\" class=\"alignleft size-medium wp-image-1954\" alt=\"eli_9964\" src=\"https:\/\/lanofrai.com.br\/wp-content\/uploads\/2012\/12\/eli_9964.jpg?w=199\" width=\"199\" height=\"300\" srcset=\"https:\/\/lanofrai.com.br\/en\/wp-content\/uploads\/sites\/3\/2012\/12\/eli_9964.jpg 2244w, https:\/\/lanofrai.com.br\/en\/wp-content\/uploads\/sites\/3\/2012\/12\/eli_9964-199x300.jpg 199w, https:\/\/lanofrai.com.br\/en\/wp-content\/uploads\/sites\/3\/2012\/12\/eli_9964-681x1024.jpg 681w, https:\/\/lanofrai.com.br\/en\/wp-content\/uploads\/sites\/3\/2012\/12\/eli_9964-624x937.jpg 624w\" sizes=\"auto, (max-width: 199px) 100vw, 199px\" \/><\/span><\/a><\/span><\/p>\n<p style=\"text-align:justify\"><span style=\"color:#008000\">As pessoas que j\u00e1 estudaram na Holanda s\u00e3o uma galera extremamente talentosa que inevitavelmente se dispersa pelo mundo. Conectar esses talentos via Holanda \u00e9 muito valioso para quem at\u00e9 querendo ir para Holanda ou para os que j\u00e1 estudou. Como a educa\u00e7\u00e3o Holandesa \u00e9 voltada para forma\u00e7\u00e3o de lideres, \u00e9 muito grande a probabilidade de que depois de uns 10, 20, 30 anos esses alunos venham a se tornar pessoas importantes no desenvolvimento de seus pa\u00edses, trabalhando com projetos cada vez maiores e de maior impacto social e econ\u00f4mico. Com isso a Holanda \u00e9 um dos poucos pa\u00edses que d\u00e3o um suporte personalizado aos alunos estrangeiros antes, durante e depois de seus estudos. Nesse sentido, seria importante fazer um mapeamento e reuni\u00e3o dos diversos Fraiburguenses que foram para o mundo e gostariam de colaborar de alguma forma com o desenvolvimento da cidade e da regi\u00e3o.<\/span><\/p>\n<p style=\"text-align:justify\"><span style=\"color:#008000\">Projetos de Alumni tentam responder quest\u00f5es como essas:<\/span><\/p>\n<p style=\"text-align:justify\"><span style=\"color:#008000\">&#8211; Como \u00e9 estudar na Holanda?<\/span><\/p>\n<p style=\"text-align:justify\"><span style=\"color:#008000\">&#8211; J\u00e1 estou na Holanda e estou com problemas nessa quest\u00e3o, algu\u00e9m j\u00e1 passou por isso?<\/span><\/p>\n<p style=\"text-align:justify\"><span style=\"color:#008000\">&#8211; Terminei meus estudos e agora busco coloca\u00e7\u00e3o profissionais? Algu\u00e9m dessa \u00e1rea para ajudar?<\/span><\/p>\n<p style=\"text-align:justify\"><span style=\"color:#008000\"><img loading=\"lazy\" decoding=\"async\" class=\"aligncenter size-full wp-image-1958\" title=\"ExAlunos e o Ministro da Educa\u00e7\u00e3o Ci\u00eancia e Cultura da Holanda\" alt=\"eli_9624\" src=\"https:\/\/lanofrai.com.br\/wp-content\/uploads\/2012\/12\/eli_9624.jpg\" width=\"500\" height=\"332\" srcset=\"https:\/\/lanofrai.com.br\/en\/wp-content\/uploads\/sites\/3\/2012\/12\/eli_9624.jpg 2244w, https:\/\/lanofrai.com.br\/en\/wp-content\/uploads\/sites\/3\/2012\/12\/eli_9624-300x199.jpg 300w, https:\/\/lanofrai.com.br\/en\/wp-content\/uploads\/sites\/3\/2012\/12\/eli_9624-1024x681.jpg 1024w, https:\/\/lanofrai.com.br\/en\/wp-content\/uploads\/sites\/3\/2012\/12\/eli_9624-624x415.jpg 624w\" sizes=\"auto, (max-width: 500px) 100vw, 500px\" \/> <a href=\"https:\/\/lanofrai.com.br\/2012\/12\/15\/do-frai-a-holanda-parte-2-from-fraiburgo-to-the-netherlands-part-2\/eli_9964\/\" rel=\"attachment wp-att-1954\"><span style=\"color:#008000\"><br \/>\n<\/span><\/a> <a href=\"https:\/\/lanofrai.com.br\/2012\/12\/15\/do-frai-a-holanda-parte-2-from-fraiburgo-to-the-netherlands-part-2\/eli_9869\/\" rel=\"attachment wp-att-1955\"><span style=\"color:#008000\"><br \/>\n<\/span><\/a><span style=\"color:#008000\">Por hora \u00e9 isso, trabalhar com os Holandeses \u00e9 muito legal e os resultados de anos e esfor\u00e7os est\u00e3o come\u00e7ando a aparecer. Inclusive exitem v\u00e1rios Fraiburguenses na Holanda e uma m\u00e1quina de l\u00e1 foi instalada na Fischer recentemente, o mundo est\u00e1 ficando mais pr\u00f3ximo. Para a piazada do Frai e do Brasil o recado \u00e9 &#8220;tem dinheiro de sobra para estudarem na Holanda s\u00f3 que voc\u00eas ter\u00e3o se qualificar para tal sobre tudo aprender o ingl\u00eas mesmo isso n\u00e3o fa\u00e7a parta da realidade de voc\u00eas hoje&#8221;. Aqui vai um link que fala um pouco mais do assunto na vis\u00e3o tchozina:\u00a0<\/span><\/span><\/p>\n<h2><a href=\"https:\/\/lanofrai.com.br\/2012\/03\/28\/bolsa-na-holanda\/\" target=\"_blank\">Guia de bolsa de estudos na Holanda para Tchozinhos e Tchoazinhas<\/a><\/h2>\n<p style=\"text-align:justify\"><span style=\"color:#008000\"><span style=\"color:#008000\">Abaixo vai uma homenagem do Frai (a cidade mais colorida do universo) para a Holanda.\u00a0<\/span><\/span><\/p>\n<p style=\"text-align:left\"><span style=\"color:#008000\"><span style=\"color:#008000\"><a href=\"https:\/\/lanofrai.com.br\/2012\/12\/15\/do-frai-a-holanda-parte-2-from-fraiburgo-to-the-netherlands-part-2\/tchozino-holandesa-2\/\" rel=\"attachment wp-att-1971\"><img loading=\"lazy\" decoding=\"async\" class=\"aligncenter size-full wp-image-1971\" alt=\"tchozino-holandesa 2\" src=\"https:\/\/lanofrai.com.br\/wp-content\/uploads\/2012\/12\/tchozino-holandesa-2.jpg\" width=\"500\" height=\"390\" srcset=\"https:\/\/lanofrai.com.br\/en\/wp-content\/uploads\/sites\/3\/2012\/12\/tchozino-holandesa-2.jpg 1752w, https:\/\/lanofrai.com.br\/en\/wp-content\/uploads\/sites\/3\/2012\/12\/tchozino-holandesa-2-300x234.jpg 300w, https:\/\/lanofrai.com.br\/en\/wp-content\/uploads\/sites\/3\/2012\/12\/tchozino-holandesa-2-1024x798.jpg 1024w, https:\/\/lanofrai.com.br\/en\/wp-content\/uploads\/sites\/3\/2012\/12\/tchozino-holandesa-2-624x486.jpg 624w\" sizes=\"auto, (max-width: 500px) 100vw, 500px\" \/><\/a>\u00a0<a href=\"https:\/\/lanofrai.com.br\/2012\/12\/15\/do-frai-a-holanda-parte-2-from-fraiburgo-to-the-netherlands-part-2\/eli_9837\/\" rel=\"attachment wp-att-1956\"><br \/>\n<\/a><\/span> <a href=\"https:\/\/lanofrai.com.br\/2012\/12\/15\/do-frai-a-holanda-parte-2-from-fraiburgo-to-the-netherlands-part-2\/eli_9638\/\" rel=\"attachment wp-att-1957\"><span style=\"color:#008000\"><br \/>\n<\/span><\/a><\/span><\/p>\n<p style=\"text-align:justify\"><span style=\"color:#008000\">\u00a0<\/span><\/p>\n","protected":false},"excerpt":{"rendered":"<p>English not available yet . Sorry \ud83d\ude41 coming soon \ud83d\ude42 &#8211; well not really Oi tchozedinhos, pe\u00e7o desculpas pela demora em escrever a segunda parte da miss\u00e3o Econ\u00f4mica Holandesa no Brasil. Os dias tem sido de muitas decis\u00f5es e press\u00e3o aqui em \u00a0Desterro Capital.\u00a0Bom, que foi essa miss\u00e3o? E o que isso tem haver com [&hellip;]<\/p>\n","protected":false},"author":1,"featured_media":0,"comment_status":"open","ping_status":"open","sticky":false,"template":"","format":"standard","meta":{"footnotes":""},"categories":[8,18],"tags":[195,369,409,466,604,606,802,889,993],"class_list":["post-1949","post","type-post","status-publish","format-standard","hentry","category-fraiburguese-opinions","category-the-city-a-cidade","tag-briques","tag-desenvolvimento","tag-dutch","tag-estudos","tag-holanda","tag-holandesa","tag-missao","tag-parcerias","tag-qualidade-de-vida"],"_links":{"self":[{"href":"https:\/\/lanofrai.com.br\/en\/wp-json\/wp\/v2\/posts\/1949","targetHints":{"allow":["GET"]}}],"collection":[{"href":"https:\/\/lanofrai.com.br\/en\/wp-json\/wp\/v2\/posts"}],"about":[{"href":"https:\/\/lanofrai.com.br\/en\/wp-json\/wp\/v2\/types\/post"}],"author":[{"embeddable":true,"href":"https:\/\/lanofrai.com.br\/en\/wp-json\/wp\/v2\/users\/1"}],"replies":[{"embeddable":true,"href":"https:\/\/lanofrai.com.br\/en\/wp-json\/wp\/v2\/comments?post=1949"}],"version-history":[{"count":0,"href":"https:\/\/lanofrai.com.br\/en\/wp-json\/wp\/v2\/posts\/1949\/revisions"}],"wp:attachment":[{"href":"https:\/\/lanofrai.com.br\/en\/wp-json\/wp\/v2\/media?parent=1949"}],"wp:term":[{"taxonomy":"category","embeddable":true,"href":"https:\/\/lanofrai.com.br\/en\/wp-json\/wp\/v2\/categories?post=1949"},{"taxonomy":"post_tag","embeddable":true,"href":"https:\/\/lanofrai.com.br\/en\/wp-json\/wp\/v2\/tags?post=1949"}],"curies":[{"name":"wp","href":"https:\/\/api.w.org\/{rel}","templated":true}]}}