{"id":19875,"date":"2013-07-20T20:54:02","date_gmt":"2013-07-20T23:54:02","guid":{"rendered":"http:\/\/lanofrai.com.br\/?p=19875"},"modified":"2013-07-20T20:54:02","modified_gmt":"2013-07-20T23:54:02","slug":"uma-visao-do-rio-a-view-of-rio-de-janeiro","status":"publish","type":"post","link":"https:\/\/lanofrai.com.br\/en\/2013\/07\/20\/uma-visao-do-rio-a-view-of-rio-de-janeiro\/","title":{"rendered":"Uma vis\u00e3o do Rio \/ A view of Rio de Janeiro"},"content":{"rendered":"<p><span style=\"color:#008000\">Ai est\u00e1 uma representa\u00e7\u00e3o hist\u00f3rica\/art\u00edstica do que seria o nosso querido Rio de Janeiro se os Alem\u00e3es tivessem chegado um pouco mais cedo no continente. A cidade maravilhosa seria mais maravilhosa ainda tch\u00f4! \u00a0<\/span><\/p>\n<p>Here an view of how the city of Rio de Janeiro would look like if the German brothers who founded Fraiburgo had come to Brazil some time earlier. The marvelous city would be even more marvelous. No doubts about it!<\/p>\n<p><a href=\"https:\/\/lanofrai.com.br\/wp-content\/uploads\/2013\/07\/riodejaneirobrazil-1000x.jpg\"><img loading=\"lazy\" decoding=\"async\" class=\"aligncenter size-full wp-image-19876\" alt=\"RioDeJaneiroBrazil 1000x\" src=\"https:\/\/lanofrai.com.br\/wp-content\/uploads\/2013\/07\/riodejaneirobrazil-1000x.jpg\" width=\"500\" height=\"353\" srcset=\"https:\/\/lanofrai.com.br\/en\/wp-content\/uploads\/sites\/3\/2013\/07\/riodejaneirobrazil-1000x.jpg 1000w, https:\/\/lanofrai.com.br\/en\/wp-content\/uploads\/sites\/3\/2013\/07\/riodejaneirobrazil-1000x-300x212.jpg 300w, https:\/\/lanofrai.com.br\/en\/wp-content\/uploads\/sites\/3\/2013\/07\/riodejaneirobrazil-1000x-624x441.jpg 624w\" sizes=\"auto, (max-width: 500px) 100vw, 500px\" \/><\/a><\/p>\n","protected":false},"excerpt":{"rendered":"<p>Ai est\u00e1 uma representa\u00e7\u00e3o hist\u00f3rica\/art\u00edstica do que seria o nosso querido Rio de Janeiro se os Alem\u00e3es tivessem chegado um pouco mais cedo no continente. A cidade maravilhosa seria mais maravilhosa ainda tch\u00f4! \u00a0 Here an view of how the city of Rio de Janeiro would look like if the German brothers who founded Fraiburgo [&hellip;]<\/p>\n","protected":false},"author":1,"featured_media":0,"comment_status":"open","ping_status":"open","sticky":false,"template":"","format":"standard","meta":{"footnotes":""},"categories":[9,18],"tags":[269,270,485,550,684,784,1051],"class_list":["post-19875","post","type-post","status-publish","format-standard","hentry","category-historical-pictures","category-the-city-a-cidade","tag-cidade","tag-cidade-maravilhosa","tag-familia","tag-fundacao","tag-irmaos-frey","tag-marvelous","tag-rio-de-janeiro"],"_links":{"self":[{"href":"https:\/\/lanofrai.com.br\/en\/wp-json\/wp\/v2\/posts\/19875","targetHints":{"allow":["GET"]}}],"collection":[{"href":"https:\/\/lanofrai.com.br\/en\/wp-json\/wp\/v2\/posts"}],"about":[{"href":"https:\/\/lanofrai.com.br\/en\/wp-json\/wp\/v2\/types\/post"}],"author":[{"embeddable":true,"href":"https:\/\/lanofrai.com.br\/en\/wp-json\/wp\/v2\/users\/1"}],"replies":[{"embeddable":true,"href":"https:\/\/lanofrai.com.br\/en\/wp-json\/wp\/v2\/comments?post=19875"}],"version-history":[{"count":0,"href":"https:\/\/lanofrai.com.br\/en\/wp-json\/wp\/v2\/posts\/19875\/revisions"}],"wp:attachment":[{"href":"https:\/\/lanofrai.com.br\/en\/wp-json\/wp\/v2\/media?parent=19875"}],"wp:term":[{"taxonomy":"category","embeddable":true,"href":"https:\/\/lanofrai.com.br\/en\/wp-json\/wp\/v2\/categories?post=19875"},{"taxonomy":"post_tag","embeddable":true,"href":"https:\/\/lanofrai.com.br\/en\/wp-json\/wp\/v2\/tags?post=19875"}],"curies":[{"name":"wp","href":"https:\/\/api.w.org\/{rel}","templated":true}]}}