{"id":2025,"date":"2012-12-29T22:40:15","date_gmt":"2012-12-30T01:40:15","guid":{"rendered":"http:\/\/lanofrai.com.br\/?p=2025"},"modified":"2012-12-29T22:40:15","modified_gmt":"2012-12-30T01:40:15","slug":"segunda-carta-ao-papai-noel-portuguese-only","status":"publish","type":"post","link":"https:\/\/lanofrai.com.br\/en\/2012\/12\/29\/segunda-carta-ao-papai-noel-portuguese-only\/","title":{"rendered":"Segunda carta ao Papai Noel (Portuguese only)"},"content":{"rendered":"<p><span style=\"color:#008000\">Querido Papai Noel, fiquei muito desacor\u00e7oado por voc\u00ea n\u00e3o ter me visitado aqui no Frai nesse natal, queria muito ver voc\u00ea as renas e os bambis descendinho na nossa chamin\u00e9! Mas tudo bem, eu entendo que voc\u00ea detonou seu tren\u00f3 no trecho Videira-Fraiburgo, que pena! O pai me disse a estrada ali t\u00e1 t\u00e3o ruim que at\u00e9 caminhando detona os garr\u00e3o. Al\u00e9m disso deve de ter sido dif\u00edcil encontrar algum borracharia de tren\u00f3 nessa regi\u00e3o, principalmente agora no ver\u00e3o. At\u00e9 o pr\u00f3ximo natal papai Noel. Ass. Com carinho Tchozinho Quenorris.<\/span><\/p>\n<p><span class=\"userContent translationEligibleUserMessage\" style=\"font-family:'lucida grande', tahoma, verdana, arial, sans-serif;line-height:17px;background-color:#ffffff\">\u00a0<\/span><\/p>\n","protected":false},"excerpt":{"rendered":"<p>Querido Papai Noel, fiquei muito desacor\u00e7oado por voc\u00ea n\u00e3o ter me visitado aqui no Frai nesse natal, queria muito ver voc\u00ea as renas e os bambis descendinho na nossa chamin\u00e9! Mas tudo bem, eu entendo que voc\u00ea detonou seu tren\u00f3 no trecho Videira-Fraiburgo, que pena! O pai me disse a estrada ali t\u00e1 t\u00e3o ruim [&hellip;]<\/p>\n","protected":false},"author":1,"featured_media":0,"comment_status":"open","ping_status":"open","sticky":false,"template":"","format":"standard","meta":{"footnotes":""},"categories":[18],"tags":[],"class_list":["post-2025","post","type-post","status-publish","format-standard","hentry","category-the-city-a-cidade"],"_links":{"self":[{"href":"https:\/\/lanofrai.com.br\/en\/wp-json\/wp\/v2\/posts\/2025","targetHints":{"allow":["GET"]}}],"collection":[{"href":"https:\/\/lanofrai.com.br\/en\/wp-json\/wp\/v2\/posts"}],"about":[{"href":"https:\/\/lanofrai.com.br\/en\/wp-json\/wp\/v2\/types\/post"}],"author":[{"embeddable":true,"href":"https:\/\/lanofrai.com.br\/en\/wp-json\/wp\/v2\/users\/1"}],"replies":[{"embeddable":true,"href":"https:\/\/lanofrai.com.br\/en\/wp-json\/wp\/v2\/comments?post=2025"}],"version-history":[{"count":0,"href":"https:\/\/lanofrai.com.br\/en\/wp-json\/wp\/v2\/posts\/2025\/revisions"}],"wp:attachment":[{"href":"https:\/\/lanofrai.com.br\/en\/wp-json\/wp\/v2\/media?parent=2025"}],"wp:term":[{"taxonomy":"category","embeddable":true,"href":"https:\/\/lanofrai.com.br\/en\/wp-json\/wp\/v2\/categories?post=2025"},{"taxonomy":"post_tag","embeddable":true,"href":"https:\/\/lanofrai.com.br\/en\/wp-json\/wp\/v2\/tags?post=2025"}],"curies":[{"name":"wp","href":"https:\/\/api.w.org\/{rel}","templated":true}]}}