{"id":2044,"date":"2013-01-06T23:30:15","date_gmt":"2013-01-07T02:30:15","guid":{"rendered":"http:\/\/lanofrai.com.br\/?p=2044"},"modified":"2013-01-06T23:30:15","modified_gmt":"2013-01-07T02:30:15","slug":"la-na-mae-videira-anoiteceu-assim-videiras-sunset","status":"publish","type":"post","link":"https:\/\/lanofrai.com.br\/en\/2013\/01\/06\/la-na-mae-videira-anoiteceu-assim-videiras-sunset\/","title":{"rendered":"L\u00e1 na M\u00e3e Videira anoiteceu assim \/ Videira&#8217;s sunset"},"content":{"rendered":"<p><span style=\"color:#008000\">Garelitch\u00f4s, a m\u00e3e do Frai tem coisas lindas para mostrar. L\u00e1 na Videira \u00e9 assim! Segue as fotos tiradas por Karoline Kramer e Rodrigo Cherobin. Um abra\u00e7o especial para os tchozinhos e tchozinhas de Videira que vem, h\u00e1 um bom tempo, acompanhando como s\u00e3o as coisas L\u00e1 no Frai! \u00a0<\/span><\/p>\n<p>Nice sunset in Videira, a city located 25km away from Fraiburgo. A very montaneous place, soon I will show some more pictures of this lovely Italo-German-Brazilian city.<\/p>\n\n\t\t<style type=\"text\/css\">\n\t\t\t#gallery-1 {\n\t\t\t\tmargin: auto;\n\t\t\t}\n\t\t\t#gallery-1 .gallery-item {\n\t\t\t\tfloat: left;\n\t\t\t\tmargin-top: 10px;\n\t\t\t\ttext-align: center;\n\t\t\t\twidth: 100%;\n\t\t\t}\n\t\t\t#gallery-1 img {\n\t\t\t\tborder: 2px solid #cfcfcf;\n\t\t\t}\n\t\t\t#gallery-1 .gallery-caption {\n\t\t\t\tmargin-left: 0;\n\t\t\t}\n\t\t\t\/* see gallery_shortcode() in wp-includes\/media.php *\/\n\t\t<\/style>\n\t\t<div id='gallery-1' class='gallery galleryid-2044 gallery-columns-1 gallery-size-thumbnail'><dl class='gallery-item'>\n\t\t\t<dt class='gallery-icon landscape'>\n\t\t\t\t<a href='https:\/\/lanofrai.com.br\/en\/738319_4123613690493_424505709_o\/'><img loading=\"lazy\" decoding=\"async\" width=\"150\" height=\"150\" src=\"https:\/\/lanofrai.com.br\/en\/wp-content\/uploads\/sites\/3\/2013\/01\/738319_4123613690493_424505709_o-150x150.png\" class=\"attachment-thumbnail size-thumbnail\" alt=\"\" aria-describedby=\"gallery-1-2045\" \/><\/a>\n\t\t\t<\/dt>\n\t\t\t\t<dd class='wp-caption-text gallery-caption' id='gallery-1-2045'>\n\t\t\t\tBy Karoline Kramer\n\t\t\t\t<\/dd><\/dl><br style=\"clear: both\" \/><dl class='gallery-item'>\n\t\t\t<dt class='gallery-icon landscape'>\n\t\t\t\t<a href='https:\/\/lanofrai.com.br\/en\/737549_4123613890498_1775569919_o\/'><img loading=\"lazy\" decoding=\"async\" width=\"150\" height=\"150\" src=\"https:\/\/lanofrai.com.br\/en\/wp-content\/uploads\/sites\/3\/2013\/01\/737549_4123613890498_1775569919_o-150x150.png\" class=\"attachment-thumbnail size-thumbnail\" alt=\"\" aria-describedby=\"gallery-1-2046\" \/><\/a>\n\t\t\t<\/dt>\n\t\t\t\t<dd class='wp-caption-text gallery-caption' id='gallery-1-2046'>\n\t\t\t\tby Karoline Kramer\n\t\t\t\t<\/dd><\/dl><br style=\"clear: both\" \/><dl class='gallery-item'>\n\t\t\t<dt class='gallery-icon landscape'>\n\t\t\t\t<a href='https:\/\/lanofrai.com.br\/en\/20093_4123613650492_890783297_n\/'><img loading=\"lazy\" decoding=\"async\" width=\"150\" height=\"150\" src=\"https:\/\/lanofrai.com.br\/en\/wp-content\/uploads\/sites\/3\/2013\/01\/20093_4123613650492_890783297_n-150x150.png\" class=\"attachment-thumbnail size-thumbnail\" alt=\"\" aria-describedby=\"gallery-1-2048\" \/><\/a>\n\t\t\t<\/dt>\n\t\t\t\t<dd class='wp-caption-text gallery-caption' id='gallery-1-2048'>\n\t\t\t\tBy Karoline Kramer\n\t\t\t\t<\/dd><\/dl><br style=\"clear: both\" \/><dl class='gallery-item'>\n\t\t\t<dt class='gallery-icon landscape'>\n\t\t\t\t<a href='https:\/\/lanofrai.com.br\/en\/309633_4123635451037_52592073_n-2\/'><img loading=\"lazy\" decoding=\"async\" width=\"150\" height=\"150\" src=\"https:\/\/lanofrai.com.br\/en\/wp-content\/uploads\/sites\/3\/2013\/01\/309633_4123635451037_52592073_n-150x150.jpg\" class=\"attachment-thumbnail size-thumbnail\" alt=\"\" aria-describedby=\"gallery-1-2052\" \/><\/a>\n\t\t\t<\/dt>\n\t\t\t\t<dd class='wp-caption-text gallery-caption' id='gallery-1-2052'>\n\t\t\t\tby Rodrigo Cherobin\n\t\t\t\t<\/dd><\/dl><br style=\"clear: both\" \/>\n\t\t<\/div>\n\n","protected":false},"excerpt":{"rendered":"<p>Garelitch\u00f4s, a m\u00e3e do Frai tem coisas lindas para mostrar. L\u00e1 na Videira \u00e9 assim! Segue as fotos tiradas por Karoline Kramer e Rodrigo Cherobin. Um abra\u00e7o especial para os tchozinhos e tchozinhas de Videira que vem, h\u00e1 um bom tempo, acompanhando como s\u00e3o as coisas L\u00e1 no Frai! \u00a0 Nice sunset in Videira, a [&hellip;]<\/p>\n","protected":false},"author":1,"featured_media":0,"comment_status":"open","ping_status":"open","sticky":false,"template":"","format":"standard","meta":{"footnotes":""},"categories":[12,5],"tags":[708,960,1240],"class_list":["post-2044","post","type-post","status-publish","format-standard","hentry","category-na-regiao-in-the-region","category-sky","tag-la-na-videira","tag-por-do-sol","tag-videira"],"_links":{"self":[{"href":"https:\/\/lanofrai.com.br\/en\/wp-json\/wp\/v2\/posts\/2044","targetHints":{"allow":["GET"]}}],"collection":[{"href":"https:\/\/lanofrai.com.br\/en\/wp-json\/wp\/v2\/posts"}],"about":[{"href":"https:\/\/lanofrai.com.br\/en\/wp-json\/wp\/v2\/types\/post"}],"author":[{"embeddable":true,"href":"https:\/\/lanofrai.com.br\/en\/wp-json\/wp\/v2\/users\/1"}],"replies":[{"embeddable":true,"href":"https:\/\/lanofrai.com.br\/en\/wp-json\/wp\/v2\/comments?post=2044"}],"version-history":[{"count":0,"href":"https:\/\/lanofrai.com.br\/en\/wp-json\/wp\/v2\/posts\/2044\/revisions"}],"wp:attachment":[{"href":"https:\/\/lanofrai.com.br\/en\/wp-json\/wp\/v2\/media?parent=2044"}],"wp:term":[{"taxonomy":"category","embeddable":true,"href":"https:\/\/lanofrai.com.br\/en\/wp-json\/wp\/v2\/categories?post=2044"},{"taxonomy":"post_tag","embeddable":true,"href":"https:\/\/lanofrai.com.br\/en\/wp-json\/wp\/v2\/tags?post=2044"}],"curies":[{"name":"wp","href":"https:\/\/api.w.org\/{rel}","templated":true}]}}