{"id":2074,"date":"2013-01-13T13:39:03","date_gmt":"2013-01-13T16:39:03","guid":{"rendered":"http:\/\/lanofrai.com.br\/?p=2074"},"modified":"2013-01-13T13:39:03","modified_gmt":"2013-01-13T16:39:03","slug":"la-no-frai-em-tintas-old-fraiburgo-brazilian-standards","status":"publish","type":"post","link":"https:\/\/lanofrai.com.br\/en\/2013\/01\/13\/la-no-frai-em-tintas-old-fraiburgo-brazilian-standards\/","title":{"rendered":"L\u00e1 no Frai em tintas \/ Old Fraiburgo"},"content":{"rendered":"<p style=\"text-align:justify\"><span style=\"color:#008000\">Bem vindos \u00e0 casa da cultura de Fraiburgo, l\u00e1 voc\u00ea vai encontrar coisas super interessantes como este retrato dos primeiros anos do famoso Lago das Arauc\u00e1rias. Ser\u00e1 que ter\u00edamos algum artista e patrocinadores para uma desenho atual nesta mesma perspectiva? A prop\u00f3sito, quem souber do autor desde quadro pode nos informar para darmos os devidos cr\u00e9ditos? Obrigado.\u00a0<\/span><\/p>\n<p>Fraiburgo not so long ago. The first years of the Arauc\u00e1ria&#8217;s lake (The house of Culture 2010).<\/p>\n<p><a href=\"https:\/\/lanofrai.com.br\/wp-content\/uploads\/2013\/01\/quadro-desenhado-do-frai.jpg\"><img loading=\"lazy\" decoding=\"async\" class=\"aligncenter size-full wp-image-2075\" alt=\"Quadro desenhado do Frai\" src=\"https:\/\/lanofrai.com.br\/wp-content\/uploads\/2013\/01\/quadro-desenhado-do-frai.jpg\" width=\"500\" height=\"190\" srcset=\"https:\/\/lanofrai.com.br\/en\/wp-content\/uploads\/sites\/3\/2013\/01\/quadro-desenhado-do-frai.jpg 1766w, https:\/\/lanofrai.com.br\/en\/wp-content\/uploads\/sites\/3\/2013\/01\/quadro-desenhado-do-frai-300x114.jpg 300w, https:\/\/lanofrai.com.br\/en\/wp-content\/uploads\/sites\/3\/2013\/01\/quadro-desenhado-do-frai-1024x389.jpg 1024w, https:\/\/lanofrai.com.br\/en\/wp-content\/uploads\/sites\/3\/2013\/01\/quadro-desenhado-do-frai-624x237.jpg 624w\" sizes=\"auto, (max-width: 500px) 100vw, 500px\" \/><\/a><\/p>\n","protected":false},"excerpt":{"rendered":"<p>Bem vindos \u00e0 casa da cultura de Fraiburgo, l\u00e1 voc\u00ea vai encontrar coisas super interessantes como este retrato dos primeiros anos do famoso Lago das Arauc\u00e1rias. Ser\u00e1 que ter\u00edamos algum artista e patrocinadores para uma desenho atual nesta mesma perspectiva? A prop\u00f3sito, quem souber do autor desde quadro pode nos informar para darmos os devidos [&hellip;]<\/p>\n","protected":false},"author":1,"featured_media":0,"comment_status":"open","ping_status":"open","sticky":false,"template":"","format":"standard","meta":{"footnotes":""},"categories":[9],"tags":[232,242,339,367,623],"class_list":["post-2074","post","type-post","status-publish","format-standard","hentry","category-historical-pictures","tag-casa-da-cultura","tag-centro","tag-culture","tag-desenho","tag-house"],"_links":{"self":[{"href":"https:\/\/lanofrai.com.br\/en\/wp-json\/wp\/v2\/posts\/2074","targetHints":{"allow":["GET"]}}],"collection":[{"href":"https:\/\/lanofrai.com.br\/en\/wp-json\/wp\/v2\/posts"}],"about":[{"href":"https:\/\/lanofrai.com.br\/en\/wp-json\/wp\/v2\/types\/post"}],"author":[{"embeddable":true,"href":"https:\/\/lanofrai.com.br\/en\/wp-json\/wp\/v2\/users\/1"}],"replies":[{"embeddable":true,"href":"https:\/\/lanofrai.com.br\/en\/wp-json\/wp\/v2\/comments?post=2074"}],"version-history":[{"count":0,"href":"https:\/\/lanofrai.com.br\/en\/wp-json\/wp\/v2\/posts\/2074\/revisions"}],"wp:attachment":[{"href":"https:\/\/lanofrai.com.br\/en\/wp-json\/wp\/v2\/media?parent=2074"}],"wp:term":[{"taxonomy":"category","embeddable":true,"href":"https:\/\/lanofrai.com.br\/en\/wp-json\/wp\/v2\/categories?post=2074"},{"taxonomy":"post_tag","embeddable":true,"href":"https:\/\/lanofrai.com.br\/en\/wp-json\/wp\/v2\/tags?post=2074"}],"curies":[{"name":"wp","href":"https:\/\/api.w.org\/{rel}","templated":true}]}}