{"id":208581,"date":"2014-05-31T18:37:49","date_gmt":"2014-05-31T21:37:49","guid":{"rendered":"http:\/\/lanofrai.com.br\/?p=208581"},"modified":"2014-05-31T18:37:49","modified_gmt":"2014-05-31T21:37:49","slug":"5-comentarios-catarinas-sobre-o-pais-da-copa-suica","status":"publish","type":"post","link":"https:\/\/lanofrai.com.br\/en\/2014\/05\/31\/5-comentarios-catarinas-sobre-o-pais-da-copa-suica\/","title":{"rendered":"5 coment\u00e1rios catarinas sobre o pa\u00eds da copa (Su\u00ed\u00e7a) \/ 5 tchozinus comments about the Would Cup country (Switzerland)"},"content":{"rendered":"<p style=\"text-align: justify\"><span style=\"color: #008000\">Tchozinhos e tchozinhas, \u00a0\/\u00a0<\/span>Ladies and Gentlemen<\/p>\n<p style=\"text-align: justify\"><span style=\"color: #008000\">Quando tive a oportunidade de passar um tempo na Su\u00ed\u00e7a, queria expor o meu c\u00f3rtex tchozino naquela cultura. Queria conhecer como s\u00e3o as coisaradinhas de l\u00e1, aquelas que v\u00e3o al\u00e9m dos canivetes, queijos, chocolates, rel\u00f3gios, bancos e tudo mais que est\u00e1 sempre associado as coisas boas su\u00ed\u00e7as. Queria \u201cnegaci\u00e1\u201d de perto o jeit\u00e3o e o modo de pensar deles, queria saber como se d\u00e1 a confus\u00e3o mental das \u201cl\u00faitas\u201d idiom\u00e1ticas, pol\u00edticas e culturais entre os estados de l\u00e1 (chamados de cant\u00f5es), e de onde se extra\u00ed tanta riqueza num pa\u00eds t\u00e3o pequeno que h\u00e1 100 anos atr\u00e1s era pobrezito a ponto de mandar emigrantes para o Brasil. Como resultado, posso dizer que o pa\u00eds da copa \u00e9 fant\u00e1stico e abaixo explico o por qu\u00ea.<\/span><\/p>\n<p class=\"western\" lang=\"en-GB\" style=\"text-align: justify\">When I had the opportunity to invest my time in Switzerland, what I wanted from that experience was to simply expose my cortex to what goes beyond the widely known stuff like knives, cheeses, chocolates, watches and Swiss banks. I wanted very much to grasp the swiss culture in its core. I wanted to see how is the confusion and the struggles between lingual, political, and cultural ties within the country. I wanted to better understand how this country raise and maintain so its wealth in contrast to a not so distant past, which looking back just 100 years ago the poverty expelled people to Brazil for instance. As a result, I can say that this tiny little country is fantastic and below I explain why.<\/p>\n<div id=\"attachment_208588\" style=\"width: 2271px\" class=\"wp-caption aligncenter\"><img loading=\"lazy\" decoding=\"async\" aria-describedby=\"caption-attachment-208588\" class=\"wp-image-208588 size-full\" src=\"https:\/\/lanofrai.com.br\/wp-content\/uploads\/2014\/05\/dsc00872.jpg\" alt=\"DSC00872\" width=\"2261\" height=\"1694\" srcset=\"https:\/\/lanofrai.com.br\/en\/wp-content\/uploads\/sites\/3\/2014\/05\/dsc00872.jpg 2261w, https:\/\/lanofrai.com.br\/en\/wp-content\/uploads\/sites\/3\/2014\/05\/dsc00872-300x224.jpg 300w, https:\/\/lanofrai.com.br\/en\/wp-content\/uploads\/sites\/3\/2014\/05\/dsc00872-1024x767.jpg 1024w, https:\/\/lanofrai.com.br\/en\/wp-content\/uploads\/sites\/3\/2014\/05\/dsc00872-624x467.jpg 624w\" sizes=\"auto, (max-width: 2261px) 100vw, 2261px\" \/><p id=\"caption-attachment-208588\" class=\"wp-caption-text\">Vista de uma das trilhas nas montanhas \/ View from the moutains<\/p><\/div>\n<p><span style=\"color: #008000\">\u00a0<\/span> <span style=\"color: #008000\">\u00a0<\/span><\/p>\n<h2><span style=\"color: #008000\">01 \u2013 \u00c9 um pa\u00eds diverso \/\u00a0<\/span>It is a country of diversity<\/h2>\n<h1><\/h1>\n<p style=\"text-align: justify\"><span style=\"color: #008000\">A Su\u00ed\u00e7a \u00e9 um pa\u00eds bem pequeno com formato de \u00e1caro (Aquele bichinho que dizem que fica no ar condicionado mesmo!) e fica bem no centro da Europa, mais especificamente nas montanhas que separam a Europa quente (sul) da fria (norte). Ali eles integram e congregam 3 grandes universos de conhecimento, o alem\u00e3o o italiano e o franc\u00eas. H\u00e1 pessoas que falam Roman\u00eas e quase todos falam ingl\u00eas. \u00c9 um pa\u00eds que assim como a Holanda sempre atraiu e abrigou muitos pensadores que n\u00e3o eram aceitos e at\u00e9 amea\u00e7ados em seus mundos por divergirem do pensamento comum. O pa\u00eds da copa, \u00e9 muito bonito, l\u00e1 tem montanhas, lagos, vales, florestas, campos, vacas, neve e da pra se \u201cpinch\u00e1\u201d em quase todos os lugares com \u00e1gua inclusive nos rios que ficam no meio das cidades. \u00c9 uma locurage tch\u00f4! O pa\u00eds \u00e9 diverso tanto culturalmente como \u00a0geograficamente.\u00a0<\/span><\/p>\n<p class=\"western\" lang=\"en-GB\" style=\"text-align: justify\">Switzerland is a tiny country that geographically looks like a mite (yes, that ones in you sofa). Its is located at the heart of Europe, dividing the warm south and the cold north. In there, they integrate and congregate (bring togheter) 3 large universes of knowledge (German, French and Italian). It is a country, in the same way as Holland, that has always attracted and sheltered many thinkers who were not accepted and even threatened in their home lands for posing serious threats to the common thought.\u00a0The world cup country is beautiful with moutains, lakes, valleys, forests, green fields, cows, snow and you can jump virtually in any part where you see water, even in rivers located in the middle of the cities. From a Brazilian point of view, it is crazy.<\/p>\n<div id=\"attachment_208585\" style=\"width: 1034px\" class=\"wp-caption aligncenter\"><img loading=\"lazy\" decoding=\"async\" aria-describedby=\"caption-attachment-208585\" class=\"wp-image-208585 size-full\" src=\"https:\/\/lanofrai.com.br\/wp-content\/uploads\/2014\/05\/friburgo-suc3adc3a7a.png\" alt=\"Friburgo su\u00ed\u00e7a\" width=\"1024\" height=\"576\" srcset=\"https:\/\/lanofrai.com.br\/en\/wp-content\/uploads\/sites\/3\/2014\/05\/friburgo-suc3adc3a7a.png 1024w, https:\/\/lanofrai.com.br\/en\/wp-content\/uploads\/sites\/3\/2014\/05\/friburgo-suc3adc3a7a-300x168.png 300w, https:\/\/lanofrai.com.br\/en\/wp-content\/uploads\/sites\/3\/2014\/05\/friburgo-suc3adc3a7a-624x351.png 624w\" sizes=\"auto, (max-width: 1024px) 100vw, 1024px\" \/><p id=\"caption-attachment-208585\" class=\"wp-caption-text\"><span style=\"color: #008000\">Friburgo em franc\u00eas: Fribourg; em alem\u00e3o: Freiburg- Lugar onde a l\u00edngua francesa e a alem\u00e3 colidem&#8230; \/ <span style=\"color: #000000\">Fribourg the capital of the Swiss canton of Fribourg and the district of Sarine the place where the French and German languages colide&#8230;<\/span><\/span><\/p><\/div>\n<h1><\/h1>\n<h2><span style=\"color: #008000\">02 \u2013 \u00c9 um pa\u00eds chique e seguro \/\u00a0<\/span>It is a fancy and safe country<\/h2>\n<h2><\/h2>\n<p style=\"text-align: justify\"><span style=\"color: #008000\">Estava passando por um esta\u00e7\u00e3o e havia alguns pedintes, n\u00e3o se se poderia chamar eles de mendigos porque se vestiam bem at\u00e9 e quando me pediram algo e n\u00e3o respondi eles trocam o idioma, porque talvez eu n\u00e3o fosse entender o franc\u00eas ou o alem\u00e3o. Pra conseguir uma vaga de mendigo ou melhor \u201cMindingo\u201d tem que ter boa qualifica\u00e7\u00e3o, se n\u00e3o o mercado n\u00e3o absorve. Al\u00e9m disso, uma vez pedi onde ficava tal lugar, o senhor me explicou tudo e quando pedi se o lugar era seguro ele riu e eu entendi que poderia ficar tranquilo.\u00a0<\/span><\/p>\n<p class=\"western\" lang=\"en-GB\" style=\"text-align: justify\">Was going through a train station and there were some beggars, no one could actually call them beggars because they dressed up well. When they asked for something and I did not answer, they promply switch the language, because maybe I would not understand French or German. To get a job as a beggar in Switzerland you have to have good qualification and language skills, if not the market will not absorb you. Moreover, once asked where was a certain place a guy responded and when I asked if the place was safe he laughed at my face and I knew I could relax it is safe.<\/p>\n<div id=\"attachment_208589\" style=\"width: 2570px\" class=\"wp-caption aligncenter\"><img loading=\"lazy\" decoding=\"async\" aria-describedby=\"caption-attachment-208589\" class=\"wp-image-208589 size-full\" src=\"https:\/\/lanofrai.com.br\/wp-content\/uploads\/2014\/05\/pict0008.jpg\" alt=\"KONICA MINOLTA DIGITAL CAMERA\" width=\"2560\" height=\"1920\" srcset=\"https:\/\/lanofrai.com.br\/en\/wp-content\/uploads\/sites\/3\/2014\/05\/pict0008.jpg 2560w, https:\/\/lanofrai.com.br\/en\/wp-content\/uploads\/sites\/3\/2014\/05\/pict0008-300x225.jpg 300w, https:\/\/lanofrai.com.br\/en\/wp-content\/uploads\/sites\/3\/2014\/05\/pict0008-1024x768.jpg 1024w, https:\/\/lanofrai.com.br\/en\/wp-content\/uploads\/sites\/3\/2014\/05\/pict0008-624x468.jpg 624w\" sizes=\"auto, (max-width: 2560px) 100vw, 2560px\" \/><p id=\"caption-attachment-208589\" class=\"wp-caption-text\"><span style=\"color: #008000\">M\u00f4tiers &#8211; Munic\u00edpio do Vale da Travessa \u00a0do cant\u00e3o de Neuch\u00e2tel \u00a0lugar onde trabalhamos &#8211; Regi\u00e3o francesa. &#8211;\u00a0<\/span>Val-de-Travers is a municipality in the district of Val-de-Travers in the canton of Neuch\u00e2tel in Switzerland<\/p><\/div>\n<h1><\/h1>\n<p><!--more--><\/p>\n<h2><span style=\"color: #008000\">03 \u2013 Pa\u00eds educado,\u00a0 gentil e com tradi\u00e7\u00f5es \/\u00a0<\/span>A polite, kind country with traditions<\/h2>\n<h1><\/h1>\n<p style=\"text-align: justify\"><span style=\"color: #008000\">Quando faz\u00edamos as trilhas nas montanhas,\u00a0 todas as pessoas que por n\u00f3s passavam nos saudavam com um \u201cGr\u00fcezi\u201d que \u00e9 mais ou menos parecido com o nosso \u201copa, b\u00e3o tch\u00f4?\u201d Nas ruas tamb\u00e9m, o por favor, bom dia, obrigado e tudo mais era praticamente obrigat\u00f3rio. Na parte francesa se falava o \u201cSalut, \u00e7a v\u00e1?\u201d Todas as manh\u00e3s \u00e9ramos acordados no dormit\u00f3rio com a seguinte m\u00fasica \u201cNON, JE NE REGRETTE RIEN\u201d que traduzindo significa \u201cN\u00e3o, n\u00e3o me \u00a0arrependo de nada\u201d pra mim uma das m\u00fasicas mais bonitas da l\u00edngua francesa e tamb\u00e9m algo que me marcou muito nesse per\u00edodo porque cuidaram muito bem da gente. Dentre as tantas tradi\u00e7\u00f5es que fomos convidados a conhecer lembro bem do ch\u00e1 quente com barras chocolate no intervalo do trabalho.\u00a0<\/span><\/p>\n<p class=\"western\" lang=\"en-GB\" style=\"text-align: justify\">When we went hiking in the mountains, all the people who passed by us greeted us with a traditional &#8220;Gr\u00fcezi &#8221; In the streets too, please, good morning, and thank you were frequent mandatory words. In the French speaking part was the &#8220;Salut , \u00e7a va ?&#8221; Every morning we were awake in our dormitory with the song &#8220;NON, JE NE Regrette Rien &#8216; translating means&#8221; No, I do not regret anything&#8221; for me one of the most beautiful French music ever and also something that impressed me as much as they way they treated us. Among many traditions that I was introduced to. I recall of hot tea with chocolate bars in our pick-nicks.<\/p>\n<p><span style=\"color: #008000\"><iframe loading=\"lazy\" title=\"Edith Piaf - Non, Je ne regrette rien\" width=\"625\" height=\"469\" src=\"https:\/\/www.youtube.com\/embed\/Q3Kvu6Kgp88?feature=oembed\" frameborder=\"0\" allow=\"accelerometer; autoplay; clipboard-write; encrypted-media; gyroscope; picture-in-picture; web-share\" referrerpolicy=\"strict-origin-when-cross-origin\" allowfullscreen><\/iframe><\/span><\/p>\n<h1><\/h1>\n<h2><span style=\"color: #008000\">04 \u2013 Pa\u00eds da copa do mundo \/\u00a0<\/span>The world cup country<\/h2>\n<h1><\/h1>\n<p style=\"text-align: justify\"><span style=\"color: #008000\">Os su\u00ed\u00e7os abrigam sedes das principais empresas do mundo, as quais s\u00e3o muito bem acolhidas e protegidas por uma legisla\u00e7\u00e3o independente da uni\u00e3o europeia. Os melhores profissionais do mundo s\u00e3o atra\u00eddos pra l\u00e1 para desenvolver estrat\u00e9gias, cen\u00e1rios e planos de a\u00e7\u00e3o de coordena\u00e7\u00e3o de muitos projetos globais do qual a F-I-F-A \u00e9 apenas um deles. Seria complicado fazer cr\u00edticas para um sistema que funciona t\u00e3o bem ou aparente bem. Pra mim l\u00e1 \u00e9 o pa\u00eds da copa por que \u00e9 l\u00e1 que a coisa acontece de verdade, no Brasil esse evento \u00e9 apenas o lugar onde circo se instala e depois de um m\u00eas as lonas baixam e a caravana segue seu rumo.<\/span><\/p>\n<p class=\"western\" lang=\"en-GB\" style=\"text-align: justify\">The Swiss host offices of the main coorporations in the world, which are very welcomed and protected by an independent laws not connected to the european legislation. The best people in the world are attracted to there to develop strategies, scenarios and action plans in order to coordinate many global projects which FIFA is just one of them. It would be difficult to make myself critical for a system that works as well or at least seems to. For me, this is the real world Cup country, because it is where all the things actually happen, the Brazilian event is just the place where circus settles and after a month the pads lower and the caravan follows its course.<\/p>\n<p><span style=\"color: #008000\">\u00a0<\/span><\/p>\n<div id=\"attachment_208584\" style=\"width: 3538px\" class=\"wp-caption aligncenter\"><img loading=\"lazy\" decoding=\"async\" aria-describedby=\"caption-attachment-208584\" class=\"wp-image-208584 size-full\" src=\"https:\/\/lanofrai.com.br\/wp-content\/uploads\/2014\/05\/dsc00345.jpg\" alt=\"DSC00345\" width=\"3528\" height=\"2500\" srcset=\"https:\/\/lanofrai.com.br\/en\/wp-content\/uploads\/sites\/3\/2014\/05\/dsc00345.jpg 3528w, https:\/\/lanofrai.com.br\/en\/wp-content\/uploads\/sites\/3\/2014\/05\/dsc00345-300x212.jpg 300w, https:\/\/lanofrai.com.br\/en\/wp-content\/uploads\/sites\/3\/2014\/05\/dsc00345-1024x725.jpg 1024w, https:\/\/lanofrai.com.br\/en\/wp-content\/uploads\/sites\/3\/2014\/05\/dsc00345-624x442.jpg 624w\" sizes=\"auto, (max-width: 3528px) 100vw, 3528px\" \/><p id=\"caption-attachment-208584\" class=\"wp-caption-text\">Um merg\u00faio tchozino alpino, na terra do futebol! \u00a0Great swimming in the alps \u00a0of the world cup country.<\/p><\/div>\n<p><span style=\"color: #008000\">\u00a0\u00a0<\/span><\/p>\n<h2><span style=\"color: #008000\">05 \u2013 \u00c9 um pa\u00eds justo at\u00e9 \/\u00a0<\/span>It&#8217;s a country fair even<\/h2>\n<h1><\/h1>\n<p style=\"text-align: justify\"><span style=\"color: #008000\">Esse \u00e9 um ponto bastante debatido e pol\u00eamico, principalmente com rela\u00e7\u00e3o as guerras mundiais. N\u00e3o quero entrar nisso. O meu ponto, \u00e9 que se os caras investiram muito em educa\u00e7\u00e3o, fizeram uma grande rede de contatos, aproveitam as oportunidades e adversidades para evoluir \u00e9 justo que tenham e mantenham sua riqueza. \u00c9 justo que gerem riqueza por entenderem a import\u00e2ncia das tradi\u00e7\u00f5es, das paix\u00f5es, dos s\u00edmbolos e das marcas. &#8220;Carcule&#8221; se n\u00e3o \u00e9 genial eles fazerem um esporte como o futebol criado na Inglaterra para fazer eventos globais dos quais quanto mais se discute mais a marca cresce? A culpa n\u00e3o \u00e9 deles se n\u00f3s n\u00e3o investimos em nossas pessoas, nas nossas marcas e nas nossas tradi\u00e7\u00f5es. N\u00f3s n\u00e3o criamos valor das nossas coisas e acabamos aceitando o que eles nos oferecem. N\u00e3o \u00e9 culpa deles se n\u00f3s n\u00e3o conseguimos desassociar a cor azul ao gr\u00eamio e o vermelho ao Inter, Flamengo ou o que for uma vez que isso \u00e9 um fato totalmente irrelevante. N\u00e3o \u00e9 culpa deles ter um monte de gente querendo criar coisas no Brasil e o governo daqui manda o dinheiro pra CUBA. A gente \u00e9 t\u00e3o fraco de formadores de opini\u00e3o no Brasil como somos de estradas, escolas e hospitais, e etc. \u00a0At\u00e9 nosso vocabul\u00e1rio \u00e9 utilizado de maneira fraca \u201cVEJE s\u00f3\u201d isso \u00e9 muito s\u00e9rio. Quando quero dizer:<\/span><\/p>\n<p class=\"western\" lang=\"en-GB\" style=\"text-align: justify\">This is a very debated and controversial issue, especially regarding the world wars. I will not get to it. My point is that if the guys have invested a lot in education, have a large network of contacts, use the opportunities and adversities to evolve, it is certainly fair to have and maintain their wealth. It is fair to generate wealth by understanding the importance of traditions, passions, symbols and brands. Look, is isn&#8217;t genius what they did? taking a Britsh sport like football and created global events in which the more it is discussed the more the brand grows? This is not their fault (Swiss fault) if we (Brazilians) do not invest in our people, our brands and in our traditions, we do not create value out of our things and just blindly accept what they offer us. It&#8217;s not their fault if we did not manage to disassociate our daily activities to completely irrelevant fact of an almost useless sport. Although there is a lot of people struggling to create things of real value in Brazil, our government sends the money to Cuba. It is our fault. We are so weak in opinion makers in Brazil as we are in infrastructure, roads, schools and hospitals, even our vocabulary is changed to express our feelings in a weak way using football expressions all the time. It is horrendous!<\/p>\n<div id=\"attachment_208586\" style=\"width: 778px\" class=\"wp-caption aligncenter\"><img loading=\"lazy\" decoding=\"async\" aria-describedby=\"caption-attachment-208586\" class=\"wp-image-208586 size-full\" src=\"https:\/\/lanofrai.com.br\/wp-content\/uploads\/2014\/05\/dscn25921.png\" alt=\"DSCN2592\" width=\"768\" height=\"1024\" srcset=\"https:\/\/lanofrai.com.br\/en\/wp-content\/uploads\/sites\/3\/2014\/05\/dscn25921.png 768w, https:\/\/lanofrai.com.br\/en\/wp-content\/uploads\/sites\/3\/2014\/05\/dscn25921-225x300.png 225w, https:\/\/lanofrai.com.br\/en\/wp-content\/uploads\/sites\/3\/2014\/05\/dscn25921-624x832.png 624w\" sizes=\"auto, (max-width: 768px) 100vw, 768px\" \/><p id=\"caption-attachment-208586\" class=\"wp-caption-text\"><span style=\"color: #008000\">Um riacho ao lado de onde est\u00e1vamos organizando o evento na cidade de Moti\u00ears no vale da travessa perto de Neuch\u00e2tel, regi\u00e3o de l\u00edngua francesa. P<\/span>hoto of a little stream\u00a0next to where we were holding the event in the city of M\u00f4tiers in the valley of the beam near Neuch\u00e2tel , to French-speaking region .<\/p><\/div>\n<p><span style=\"color: #008000\">\u00a0<\/span> <span style=\"color: #008000\">Algo muito caro, digo em n\u00famero de Itaqueir\u00f5es;<\/span> <span style=\"color: #008000\">Algo muito grande, digo n\u00famero de campos de futebol;<\/span> <span style=\"color: #008000\">Algo que n\u00e3o deu certo digo que foi \u201cna trave\u201d<\/span> <span style=\"color: #008000\">Algo bom\u00a0 \u201cshow de bola\u201d<\/span> <span style=\"color: #008000\">\u2026<\/span> <span style=\"color: #008000\">\u2026<\/span><\/p>\n<p style=\"text-align: justify\"><span style=\"color: #008000\">E assim o boi vai com a corda!<\/span><\/p>\n<p style=\"text-align: justify\"><span style=\"color: #008000\">Pensando bem, n\u00e3o seria justo que o Brasil se desenvolvesse a tal ponto se ele nunca investiu em si mesmo. Caso se desenvolvesse sem educa\u00e7\u00e3o de base seria um milagre tal fato ocorrer. Seria injusto colher frutos que n\u00e3o foram plantados. Por essa e outras, o Brasil precisa estudar outras culturas, a s\u00ed pr\u00f3prio e investir nos Brasileiros e n\u00e3o cubanos pra tentar evoluir e diminuir sua depend\u00eancia mental do pa\u00eds da copa e de v\u00e1rios outros. A dificuldade, \u00e9 que voc\u00ea nunca pode tirar uma cren\u00e7a (esperan\u00e7a) de algu\u00e9m ou de um povo sem colocar outra no lugar, o que voc\u00ea colocaria no lugar do futebol? O Brasil anda bem confuso ultimamente, mas continuar\u00e1 firme focado em coisas irrelevantes at\u00e9 que outras formas de escravid\u00e3o sejam criadas.\u00a0<\/span><\/p>\n<p style=\"text-align: justify\"><span style=\"color: #008000\">Sauda\u00e7\u00f5es tchozinas!\u00a0<\/span><\/p>\n<p class=\"western\" lang=\"en-GB\" style=\"text-align: justify\"><span style=\"font-family: sans-serif, Arial\">All in all, It would not be fair that Brazil would develop to this point if it never invested in itself. If Brazil proceed without strong and resilient basic education it would be a miracle that fact occur. For this and others, Brazil needs to study other cultures and invest in itself to try to evolve and diminish their mental dependence of the world cup country and several others. You can never take away hope from someone or a people without putting another in its place, which would you put in place of football? The Brazil is walking pretty confused those days, but it is still firmly focused on irrelevant things until other forms of slavery are created. Greetings from Brazil<\/span><\/p>\n<p>\u00a0 <span style=\"color: #008000\">\u00a0<\/span><\/p>\n","protected":false},"excerpt":{"rendered":"<p>Tchozinhos e tchozinhas, \u00a0\/\u00a0Ladies and Gentlemen Quando tive a oportunidade de passar um tempo na Su\u00ed\u00e7a, queria expor o meu c\u00f3rtex tchozino naquela cultura. Queria conhecer como s\u00e3o as coisaradinhas de l\u00e1, aquelas que v\u00e3o al\u00e9m dos canivetes, queijos, chocolates, rel\u00f3gios, bancos e tudo mais que est\u00e1 sempre associado as coisas boas su\u00ed\u00e7as. Queria \u201cnegaci\u00e1\u201d [&hellip;]<\/p>\n","protected":false},"author":1,"featured_media":0,"comment_status":"open","ping_status":"open","sticky":false,"template":"","format":"standard","meta":{"footnotes":""},"categories":[8],"tags":[318,454,472,502,544,545,552,875,956,1016,1128,1134,1236,1243],"class_list":["post-208581","post","type-post","status-publish","format-standard","hentry","category-fraiburguese-opinions","tag-copa","tag-esporte","tag-expedicao","tag-fifa","tag-fribourg","tag-friburgo","tag-futebol","tag-pais","tag-ponto-de-vista","tag-reflexao","tag-suica","tag-switzerland","tag-viagem","tag-view-point"],"_links":{"self":[{"href":"https:\/\/lanofrai.com.br\/en\/wp-json\/wp\/v2\/posts\/208581","targetHints":{"allow":["GET"]}}],"collection":[{"href":"https:\/\/lanofrai.com.br\/en\/wp-json\/wp\/v2\/posts"}],"about":[{"href":"https:\/\/lanofrai.com.br\/en\/wp-json\/wp\/v2\/types\/post"}],"author":[{"embeddable":true,"href":"https:\/\/lanofrai.com.br\/en\/wp-json\/wp\/v2\/users\/1"}],"replies":[{"embeddable":true,"href":"https:\/\/lanofrai.com.br\/en\/wp-json\/wp\/v2\/comments?post=208581"}],"version-history":[{"count":0,"href":"https:\/\/lanofrai.com.br\/en\/wp-json\/wp\/v2\/posts\/208581\/revisions"}],"wp:attachment":[{"href":"https:\/\/lanofrai.com.br\/en\/wp-json\/wp\/v2\/media?parent=208581"}],"wp:term":[{"taxonomy":"category","embeddable":true,"href":"https:\/\/lanofrai.com.br\/en\/wp-json\/wp\/v2\/categories?post=208581"},{"taxonomy":"post_tag","embeddable":true,"href":"https:\/\/lanofrai.com.br\/en\/wp-json\/wp\/v2\/tags?post=208581"}],"curies":[{"name":"wp","href":"https:\/\/api.w.org\/{rel}","templated":true}]}}