{"id":2115,"date":"2013-02-04T22:09:53","date_gmt":"2013-02-05T01:09:53","guid":{"rendered":"http:\/\/lanofrai.com.br\/?p=2115"},"modified":"2013-02-04T22:09:53","modified_gmt":"2013-02-05T01:09:53","slug":"la-no-frai-a-cidade-das-cores-fraiburgo-the-city-of-colors","status":"publish","type":"post","link":"https:\/\/lanofrai.com.br\/en\/2013\/02\/04\/la-no-frai-a-cidade-das-cores-fraiburgo-the-city-of-colors\/","title":{"rendered":"L\u00e1 no Frai, a cidade das cores \/ Fraiburgo, the city of colors"},"content":{"rendered":"<p><span style=\"color:#008000\">L\u00e1 no Frai \u00e9 assim na vis\u00e3o de Precila Jung Seiddel \ud83d\ude42 &#8211; Ver\u00e3o de 2013.\u00a0<\/span><\/p>\n<p><span style=\"color:#000000\">Fraiburgo according to Precile Jung Seiddel &#8211; January &#8211; Summer 2013.\u00a0<\/span><\/p>\n<p><a href=\"https:\/\/lanofrai.com.br\/wp-content\/uploads\/2013\/02\/480381_560845153945457_860813845_n-1.jpg\"><img loading=\"lazy\" decoding=\"async\" class=\"aligncenter size-full wp-image-2116\" alt=\"Precila Jung\" src=\"https:\/\/lanofrai.com.br\/wp-content\/uploads\/2013\/02\/480381_560845153945457_860813845_n-1.jpg\" width=\"500\" height=\"364\" srcset=\"https:\/\/lanofrai.com.br\/en\/wp-content\/uploads\/sites\/3\/2013\/02\/480381_560845153945457_860813845_n-1.jpg 947w, https:\/\/lanofrai.com.br\/en\/wp-content\/uploads\/sites\/3\/2013\/02\/480381_560845153945457_860813845_n-1-300x218.jpg 300w, https:\/\/lanofrai.com.br\/en\/wp-content\/uploads\/sites\/3\/2013\/02\/480381_560845153945457_860813845_n-1-624x454.jpg 624w\" sizes=\"auto, (max-width: 500px) 100vw, 500px\" \/><\/a><\/p>\n","protected":false},"excerpt":{"rendered":"<p>L\u00e1 no Frai \u00e9 assim na vis\u00e3o de Precila Jung Seiddel \ud83d\ude42 &#8211; Ver\u00e3o de 2013.\u00a0 Fraiburgo according to Precile Jung Seiddel &#8211; January &#8211; Summer 2013.\u00a0<\/p>\n","protected":false},"author":1,"featured_media":0,"comment_status":"open","ping_status":"open","sticky":false,"template":"","format":"standard","meta":{"footnotes":""},"categories":[5,18],"tags":[],"class_list":["post-2115","post","type-post","status-publish","format-standard","hentry","category-sky","category-the-city-a-cidade"],"_links":{"self":[{"href":"https:\/\/lanofrai.com.br\/en\/wp-json\/wp\/v2\/posts\/2115","targetHints":{"allow":["GET"]}}],"collection":[{"href":"https:\/\/lanofrai.com.br\/en\/wp-json\/wp\/v2\/posts"}],"about":[{"href":"https:\/\/lanofrai.com.br\/en\/wp-json\/wp\/v2\/types\/post"}],"author":[{"embeddable":true,"href":"https:\/\/lanofrai.com.br\/en\/wp-json\/wp\/v2\/users\/1"}],"replies":[{"embeddable":true,"href":"https:\/\/lanofrai.com.br\/en\/wp-json\/wp\/v2\/comments?post=2115"}],"version-history":[{"count":0,"href":"https:\/\/lanofrai.com.br\/en\/wp-json\/wp\/v2\/posts\/2115\/revisions"}],"wp:attachment":[{"href":"https:\/\/lanofrai.com.br\/en\/wp-json\/wp\/v2\/media?parent=2115"}],"wp:term":[{"taxonomy":"category","embeddable":true,"href":"https:\/\/lanofrai.com.br\/en\/wp-json\/wp\/v2\/categories?post=2115"},{"taxonomy":"post_tag","embeddable":true,"href":"https:\/\/lanofrai.com.br\/en\/wp-json\/wp\/v2\/tags?post=2115"}],"curies":[{"name":"wp","href":"https:\/\/api.w.org\/{rel}","templated":true}]}}