{"id":21278,"date":"2013-07-23T21:52:16","date_gmt":"2013-07-24T00:52:16","guid":{"rendered":"http:\/\/lanofrai.com.br\/?p=21278"},"modified":"2013-07-23T21:52:16","modified_gmt":"2013-07-24T00:52:16","slug":"conversa-de-tcho-para-tchozinho-no-pos-neve-em-fraiburgo","status":"publish","type":"post","link":"https:\/\/lanofrai.com.br\/en\/2013\/07\/23\/conversa-de-tcho-para-tchozinho-no-pos-neve-em-fraiburgo\/","title":{"rendered":"Conversa de Tch\u00f4 para Tchozinho no p\u00f3s-neve em Fraiburgo!"},"content":{"rendered":"<p><span style=\"color:#0000ff\">Tch\u00f4 Quenorris falando:<\/span><\/p>\n<p><span style=\"font-size:13px;line-height:19px;color:#0000ff\">&#8211; Ent\u00e3o tchozinho, b\u00e3o? curtiu a neve?\u00a0<\/span><\/p>\n<p><span style=\"color:#0000ff\">Tchozinho prontamente retruca!<\/span><\/p>\n<p><span style=\"color:#0000ff\">&#8211; De certeza n\u00e9! Onte fiz um boneco de neve gra\u00fado de chapel e tudo e gritei pros pi\u00e1 &#8220;Gelem pra mim&#8221; foi muito massa!\u00a0<\/span><\/p>\n<p><span style=\"color:#0000ff\">Tch\u00f4 Quenorris com rosto s\u00e9rio escuita \u00f3ia s\u00e9rio, passa a m\u00e3o na barba, ajeita o chapel e diz seriamente:\u00a0<\/span><\/p>\n<p><span style=\"font-size:13px;line-height:19px;color:#0000ff\">&#8211; Que bom tchozinho! Mas tenho que conversa um causo s\u00e9rio com voc\u00ea, bem de perto.<\/span><\/p>\n<p><span style=\"font-size:13px;line-height:19px;color:#0000ff\">Tchozinho z\u00f3io arregalado diz:\u00a0<\/span><\/p>\n<p><span style=\"color:#0000ff\">&#8211; Ihhh tch\u00f4, como assim? Que que eu fiz\u00a0agora? N\u00e3o d\u00e1 de fazer mais boneco de chapel?\u00a0<\/span><\/p>\n<p><span style=\"color:#0000ff\">&#8211; Eu vi as foto de voceis no facebook e tudo, mas queria sab\u00ea de onde que vem esse rancor de &#8220;S\u00e3o Joaquim&#8221; j\u00e1 que voc\u00ea nunca foi pra l\u00e1, nem conhece ningu\u00e9m de l\u00e1! Com\u00e9 que pode isso? Voc\u00ea s\u00f3 tem 8 ano pi\u00e1, se enxergue!\u00a0<\/span><\/p>\n<p><span style=\"color:#0000ff\">&#8211; Ah sei-la pai, os pi\u00e1 tavam dizendo eu fui l\u00e1 e escrevinhei\u2026nem carculegei isso&#8230;S\u00e9rio!!!<\/span><\/p>\n<p><span style=\"color:#0000ff\">&#8211; Tchozinho, se ligue! rancor s\u00f3 faz mal, ainda mas quando voc\u00ea nem tem nada haver com isso, da pr\u00f3xima vez escreve assim\u2026&#8221;Frai eu te amo&#8221; ou &#8220;Frai eu te amo mesmo com frio&#8221;! Ai eu v\u00f4 fic\u00e1 bem mais orgulhoso de voc\u00ea e n\u00e3o v\u00f4 te passa a cinta como agora!\u00a0<\/span><\/p>\n<p><span style=\"color:#0000ff\">&#8211; aaahhhhhh paiee\u00ea, te amo, desculpa eu. T\u00e1 muito frio pra apanh\u00e1 agora! J\u00e1 v\u00f4 apaga do face a foto l\u00e1 sobre S\u00e3o Joaquim&#8221;<\/span><\/p>\n<p><span style=\"color:#0000ff\">Fim<\/span><\/p>\n","protected":false},"excerpt":{"rendered":"<p>Tch\u00f4 Quenorris falando: &#8211; Ent\u00e3o tchozinho, b\u00e3o? curtiu a neve?\u00a0 Tchozinho prontamente retruca! &#8211; De certeza n\u00e9! Onte fiz um boneco de neve gra\u00fado de chapel e tudo e gritei pros pi\u00e1 &#8220;Gelem pra mim&#8221; foi muito massa!\u00a0 Tch\u00f4 Quenorris com rosto s\u00e9rio escuita \u00f3ia s\u00e9rio, passa a m\u00e3o na barba, ajeita o chapel e [&hellip;]<\/p>\n","protected":false},"author":1,"featured_media":0,"comment_status":"open","ping_status":"open","sticky":false,"template":"","format":"standard","meta":{"footnotes":""},"categories":[1],"tags":[71,317,333,503,595,873,907,1006],"class_list":["post-21278","post","type-post","status-publish","format-standard","hentry","category-without-categorie","tag-analise","tag-conversa","tag-cultura","tag-filho","tag-heranca","tag-pai","tag-pensamento","tag-rancor"],"_links":{"self":[{"href":"https:\/\/lanofrai.com.br\/en\/wp-json\/wp\/v2\/posts\/21278","targetHints":{"allow":["GET"]}}],"collection":[{"href":"https:\/\/lanofrai.com.br\/en\/wp-json\/wp\/v2\/posts"}],"about":[{"href":"https:\/\/lanofrai.com.br\/en\/wp-json\/wp\/v2\/types\/post"}],"author":[{"embeddable":true,"href":"https:\/\/lanofrai.com.br\/en\/wp-json\/wp\/v2\/users\/1"}],"replies":[{"embeddable":true,"href":"https:\/\/lanofrai.com.br\/en\/wp-json\/wp\/v2\/comments?post=21278"}],"version-history":[{"count":0,"href":"https:\/\/lanofrai.com.br\/en\/wp-json\/wp\/v2\/posts\/21278\/revisions"}],"wp:attachment":[{"href":"https:\/\/lanofrai.com.br\/en\/wp-json\/wp\/v2\/media?parent=21278"}],"wp:term":[{"taxonomy":"category","embeddable":true,"href":"https:\/\/lanofrai.com.br\/en\/wp-json\/wp\/v2\/categories?post=21278"},{"taxonomy":"post_tag","embeddable":true,"href":"https:\/\/lanofrai.com.br\/en\/wp-json\/wp\/v2\/tags?post=21278"}],"curies":[{"name":"wp","href":"https:\/\/api.w.org\/{rel}","templated":true}]}}