{"id":2242,"date":"2013-03-15T09:24:53","date_gmt":"2013-03-15T12:24:53","guid":{"rendered":"http:\/\/lanofrai.com.br\/2013\/03\/15\/cinema-no-la-no-frai\/"},"modified":"2013-03-15T09:24:53","modified_gmt":"2013-03-15T12:24:53","slug":"cinema-no-la-no-frai","status":"publish","type":"post","link":"https:\/\/lanofrai.com.br\/en\/2013\/03\/15\/cinema-no-la-no-frai\/","title":{"rendered":"Cinema no L\u00e1 no Frai"},"content":{"rendered":"<p><span style=\"color:#008000\"><img decoding=\"async\" class=\"size-full\" alt=\"Cinema no L\u00e1 no Frai\" src=\"http:\/\/lanofrai.files.wordpress.com\/2013\/03\/screen-shot-2013-03-15-at-09-15-33.png\" \/><\/span><\/p>\n<p><span style=\"color:#008000\">Tchozedo, acabamos de receber informa\u00e7\u00f5es de que o governo federal vai investir na cria\u00e7\u00e3o de cinema em cidades de 20 a 120 mil habitantes como forma de desbitolamento cultural do Brasil.\u00a0<\/span><\/p>\n<p><span style=\"color:#008000\">Para que seja criado o cinema L\u00e1 no Frai \u00e9 necess\u00e1rio que a prefeitura colabore. Assine a peti\u00e7\u00e3o neste link\u00a0<\/span><br \/>\n<span style=\"color:#008000\"><a href=\"http:\/\/www.peticaopublica.com.br\/PeticaoVer.aspx?pi=cinefbgo\" target=\"_blank\" rel=\"nofollow nofollow\"><span style=\"color:#008000\">http:\/\/www.peticaopublica.com.br\/PeticaoVer.aspx?pi=cinefbgo<\/span><\/a><\/span><\/p>\n<p><span style=\"color:#008000\">Mais informa\u00e7\u00f5es do projeto federal neste outro link\u00a0<\/span><br \/>\n<span style=\"color:#008000\"><a href=\"http:\/\/www.ancine.gov.br\/media\/folder_cinema.pdf\" target=\"_blank\" rel=\"nofollow nofollow\"><span style=\"color:#008000\">http:\/\/www.ancine.gov.br\/media\/folder_cinema.pdf<\/span><\/a>\u00a0<\/span><\/p>\n<p><span style=\"color:#008000\">Repasse essa informa\u00e7\u00f5es para os demais. Obs. Por gentileza n\u00e3o fazer coment\u00e1rios do hospital, existem outros posts sobre isso e essa verba espec\u00edfica &#8211; uma coisa \u00e9 uma coisa outra coisa \u00e9 outra coisa.\u00a0<\/span><\/p>\n<p><span style=\"color:#008000\">Abra\u00e7o<\/span><br \/>\n<span style=\"color:#008000\">Equipe do L\u00e1 no frai de z\u00f3io&#8230;<\/span><\/p>\n","protected":false},"excerpt":{"rendered":"<p>Tchozedo, acabamos de receber informa\u00e7\u00f5es de que o governo federal vai investir na cria\u00e7\u00e3o de cinema em cidades de 20 a 120 mil habitantes como forma de desbitolamento cultural do Brasil.\u00a0 Para que seja criado o cinema L\u00e1 no Frai \u00e9 necess\u00e1rio que a prefeitura colabore. Assine a peti\u00e7\u00e3o neste link\u00a0 http:\/\/www.peticaopublica.com.br\/PeticaoVer.aspx?pi=cinefbgo Mais informa\u00e7\u00f5es do [&hellip;]<\/p>\n","protected":false},"author":1,"featured_media":0,"comment_status":"open","ping_status":"open","sticky":false,"template":"","format":"image","meta":{"footnotes":""},"categories":[12],"tags":[274,575,971],"class_list":["post-2242","post","type-post","status-publish","format-image","hentry","category-na-regiao-in-the-region","tag-cinema","tag-governo","tag-prefeitura","post_format-post-format-image"],"_links":{"self":[{"href":"https:\/\/lanofrai.com.br\/en\/wp-json\/wp\/v2\/posts\/2242","targetHints":{"allow":["GET"]}}],"collection":[{"href":"https:\/\/lanofrai.com.br\/en\/wp-json\/wp\/v2\/posts"}],"about":[{"href":"https:\/\/lanofrai.com.br\/en\/wp-json\/wp\/v2\/types\/post"}],"author":[{"embeddable":true,"href":"https:\/\/lanofrai.com.br\/en\/wp-json\/wp\/v2\/users\/1"}],"replies":[{"embeddable":true,"href":"https:\/\/lanofrai.com.br\/en\/wp-json\/wp\/v2\/comments?post=2242"}],"version-history":[{"count":0,"href":"https:\/\/lanofrai.com.br\/en\/wp-json\/wp\/v2\/posts\/2242\/revisions"}],"wp:attachment":[{"href":"https:\/\/lanofrai.com.br\/en\/wp-json\/wp\/v2\/media?parent=2242"}],"wp:term":[{"taxonomy":"category","embeddable":true,"href":"https:\/\/lanofrai.com.br\/en\/wp-json\/wp\/v2\/categories?post=2242"},{"taxonomy":"post_tag","embeddable":true,"href":"https:\/\/lanofrai.com.br\/en\/wp-json\/wp\/v2\/tags?post=2242"}],"curies":[{"name":"wp","href":"https:\/\/api.w.org\/{rel}","templated":true}]}}