{"id":23305,"date":"2013-07-27T12:11:26","date_gmt":"2013-07-27T15:11:26","guid":{"rendered":"http:\/\/lanofrai.com.br\/?p=23305"},"modified":"2013-07-27T12:11:26","modified_gmt":"2013-07-27T15:11:26","slug":"oracao-do-senhor-da-neve","status":"publish","type":"post","link":"https:\/\/lanofrai.com.br\/en\/2013\/07\/27\/oracao-do-senhor-da-neve\/","title":{"rendered":"Ora\u00e7\u00e3o do &#8220;Senhor da Neve&#8221;"},"content":{"rendered":"<p><span style=\"color:#008000\">Texto capturado nos ecos do Facebook. Cr\u00e9ditos ao professor e artista Renato Goetten.<\/span><\/p>\n<blockquote><p><span style=\"color:#008000\">Ora\u00e7\u00e3o do &#8220;Senhor da Neve&#8221;<\/span><\/p>\n<p><span style=\"color:#008000\">Obrigado &#8220;Senhor da neve&#8221; por ter nos mostrado que mesmo no inverno, pode haver poesia, pode haver beleza, pode haver magia&#8230;<\/span><\/p>\n<p><span style=\"color:#008000\">Obrigado &#8220;Senhor da neve&#8221;, por ter feito de n\u00f3s adultos &#8211; crian\u00e7as novamente; e das crian\u00e7as &#8211; crian\u00e7as verdadeiramente&#8230;<\/span><\/p>\n<p><span style=\"color:#008000\">Obrigado &#8220;Senhor da neve&#8221;, por ter realizado o sonho dos meus filhos, dos filhos de todos os pais, e dos pais de todos os filhos&#8230;<\/span><\/p>\n<p><span style=\"color:#008000\">Perd\u00e3o &#8220;Senhor da neve&#8221;. Perd\u00e3o por n\u00e3o sermos capazes de podermos fazer com que todos os seres pudessem apreciar a sua alva do\u00e7ura. Pois, para alguns ainda falta o b\u00e1sico, o necess\u00e1rio, o minimamente indispens\u00e1vel para que pudessem olhar o c\u00e9u e enxergar a neve, e n\u00e3o apenas o frio &#8211; espelho do gelado cora\u00e7\u00e3o humano.<\/span><\/p><\/blockquote>\n<p><span style=\"color:#008000\"><a href=\"https:\/\/lanofrai.com.br\/wp-content\/uploads\/2013\/07\/senhor-da-neve.jpg\"><img loading=\"lazy\" decoding=\"async\" class=\"aligncenter size-full wp-image-23322\" alt=\"Senhor da neve\" src=\"https:\/\/lanofrai.com.br\/wp-content\/uploads\/2013\/07\/senhor-da-neve.jpg\" width=\"500\" height=\"261\" srcset=\"https:\/\/lanofrai.com.br\/en\/wp-content\/uploads\/sites\/3\/2013\/07\/senhor-da-neve.jpg 720w, https:\/\/lanofrai.com.br\/en\/wp-content\/uploads\/sites\/3\/2013\/07\/senhor-da-neve-300x157.jpg 300w, https:\/\/lanofrai.com.br\/en\/wp-content\/uploads\/sites\/3\/2013\/07\/senhor-da-neve-624x326.jpg 624w\" sizes=\"auto, (max-width: 500px) 100vw, 500px\" \/><\/a>\u00a0<\/span><\/p>\n","protected":false},"excerpt":{"rendered":"<p>Texto capturado nos ecos do Facebook. Cr\u00e9ditos ao professor e artista Renato Goetten. Ora\u00e7\u00e3o do &#8220;Senhor da Neve&#8221; Obrigado &#8220;Senhor da neve&#8221; por ter nos mostrado que mesmo no inverno, pode haver poesia, pode haver beleza, pode haver magia&#8230; Obrigado &#8220;Senhor da neve&#8221;, por ter feito de n\u00f3s adultos &#8211; crian\u00e7as novamente; e das crian\u00e7as [&hellip;]<\/p>\n","protected":false},"author":1,"featured_media":0,"comment_status":"open","ping_status":"open","sticky":false,"template":"","format":"standard","meta":{"footnotes":""},"categories":[8,9],"tags":[319,327,529,547,839,952,1034,1091],"class_list":["post-23305","post","type-post","status-publish","format-standard","hentry","category-fraiburguese-opinions","category-historical-pictures","tag-coracao","tag-criacao","tag-fraiburgo","tag-frio","tag-neve","tag-poesia","tag-renato-goeten","tag-semana-fria"],"_links":{"self":[{"href":"https:\/\/lanofrai.com.br\/en\/wp-json\/wp\/v2\/posts\/23305","targetHints":{"allow":["GET"]}}],"collection":[{"href":"https:\/\/lanofrai.com.br\/en\/wp-json\/wp\/v2\/posts"}],"about":[{"href":"https:\/\/lanofrai.com.br\/en\/wp-json\/wp\/v2\/types\/post"}],"author":[{"embeddable":true,"href":"https:\/\/lanofrai.com.br\/en\/wp-json\/wp\/v2\/users\/1"}],"replies":[{"embeddable":true,"href":"https:\/\/lanofrai.com.br\/en\/wp-json\/wp\/v2\/comments?post=23305"}],"version-history":[{"count":0,"href":"https:\/\/lanofrai.com.br\/en\/wp-json\/wp\/v2\/posts\/23305\/revisions"}],"wp:attachment":[{"href":"https:\/\/lanofrai.com.br\/en\/wp-json\/wp\/v2\/media?parent=23305"}],"wp:term":[{"taxonomy":"category","embeddable":true,"href":"https:\/\/lanofrai.com.br\/en\/wp-json\/wp\/v2\/categories?post=23305"},{"taxonomy":"post_tag","embeddable":true,"href":"https:\/\/lanofrai.com.br\/en\/wp-json\/wp\/v2\/tags?post=23305"}],"curies":[{"name":"wp","href":"https:\/\/api.w.org\/{rel}","templated":true}]}}