{"id":2372,"date":"2013-04-06T17:10:39","date_gmt":"2013-04-06T20:10:39","guid":{"rendered":"http:\/\/lanofrai.com.br\/?p=2372"},"modified":"2013-04-06T17:10:39","modified_gmt":"2013-04-06T20:10:39","slug":"o-dia-do-mister","status":"publish","type":"post","link":"https:\/\/lanofrai.com.br\/en\/2013\/04\/06\/o-dia-do-mister\/","title":{"rendered":"O dia do mister"},"content":{"rendered":"<p style=\"text-align:justify\"><span style=\"color:#008000\">Sexta-feira 5 de abril foi um dia at\u00edpico, pelo menos L\u00e1 no Frai. Durante a semana, come\u00e7aram os primeiros rumores digitais sobre a disputa do tch\u00f4 mais bonito do Brasil (Mister Brasil). O Diego Novicki, representante do Frai e de Santa Catarina come\u00e7a a aparecer no Facebook, principalmente pelos coment\u00e1rios e curtidas das mulheres, os tch\u00f4s em geral tavam de z\u00f3io mas n\u00e3o interagiam. A semana foi passando, a movimenta\u00e7\u00e3o continuava e as provas acontecendo. Numa delas foi necess\u00e1rio a intera\u00e7\u00e3o do p\u00fablico para votar no participante mais bonito e foi ai que a coisa come\u00e7ou a ficar interessante. V\u00e1rios coment\u00e1rios de todos os lados aparecem (at\u00e9 dos homens) e em poucas horas toda comunidade tchozina (ou pelo menos boa parte dela) estava extremamente interconectada. A cada entrada no Facebook era uma carrada de coment\u00e1rios, tudo acontecendo de forma aleat\u00f3ria, colaborativa em tempo real diante dos nossos \u201cz\u00f3ios\u201d. Al\u00e9m disso, algu\u00e9m criou um grupo de discuss\u00e3o e de repente j\u00e1 haviam mais de 3 mil cabecinhas l\u00e1 dentro s\u00f3 de butuca nos acontecimentos. Enfim, todos os cliques chegavam ao site da UOL e o nervosismo crescia.<\/span><\/p>\n<p style=\"text-align:justify\"><!--more--><!--more--><\/p>\n<p style=\"text-align:justify\"><span style=\"color:#008000\">Depois da vota\u00e7\u00e3o do mister popularidade, todos levaram um balde de \u00e1gua fria com a vit\u00f3ria do do Distrito Federal e a sensa\u00e7\u00e3o geral era: ser\u00e1 que at\u00e9 nisso eles nos logram? O que aconteceu foi que a informa\u00e7\u00e3o geral era de que a vota\u00e7\u00e3o iria at\u00e9 o meio dia, e realmente ao meio dia a vota\u00e7\u00e3o acabou, com o Dieg\u00e3o em primeiro lugar. Todos ficaram felizes, por pouco tempo. N\u00e3o se sabe por que a vota\u00e7\u00e3o continuou , e como os fraiburguenses haviam parado de votar nosso canditato perdeu a lideran\u00e7a e ent\u00e3o por volta das 14 horas acabou a vota\u00e7\u00e3o novamente, estranho n\u00e3o ?. O jeito seria ganhar na ra\u00e7a mesmo, na habilidade, no jeit\u00e3o e assim foi. E quando o cara do DF ficou pelo caminho e s\u00f3 sobraram os tr\u00eas finalistas, a sensa\u00e7\u00e3o de vit\u00f3ria j\u00e1 tinha sido alcan\u00e7ada afinal o tch\u00f4 de Bras\u00edlia tinha uma f\u00e3 page com 50mil curtidas mas n\u00e3o tem a comunidade que tem o Dieg\u00e3o l\u00e1 no Frai \ud83d\ude42<\/span><\/p>\n<p style=\"text-align:justify\"><span style=\"color:#008000\">O Facebook continuava apitando, mensagens chegando, piadas, opini\u00f5es e parpites se cruzando como se como uma linha na ponta das agulhas de tric\u00f4 . At\u00e9 aqueles que n\u00e3o conseguiam ver o v\u00eddeo direito por conta da internet estavam na \u201cl\u00faita\u201d. Foi uma experi\u00eancia onde todos sentiram, todos contribu\u00edram, todos aprenderam e todos ganharam. Acho que foi a primeira vez que o Frai viveu algo t\u00e3o bonito assim e tomara, tomara mesmo que tenhamos mais motivos para nos orgulhar de sermos do Frai, de sermos do nosso jeit\u00e3o com sotaque forte mas cora\u00e7\u00e3o puro.<\/span><\/p>\n<p style=\"text-align:justify\"><span style=\"color:#008000\">Abaixo selecionei o v\u00eddeo com cenas do projeto Beleza com Prop\u00f3sito que o Diego fez em Fraiburgo que inspire novos tchozinhos a se prepararem para a competi\u00e7\u00e3o da vida! Se aligerem piazada!<\/span><\/p>\n<p style=\"text-align:justify\"><span style=\"color:#008000\">[youtube=http:\/\/www.youtube.com\/watch?v=jo3Jfix2HyE]<\/span><\/p>\n<p style=\"text-align:justify\"><span style=\"color:#008000\">Era isso que tinha pra relatar e espero que tenhamos essa uni\u00e3o por muitos anos na nossa cidade. O blog vai continuar nessa lida porque nosso objetivo \u00e9 esse Coisas sobre Fraiburgo, cultura tchozina e outras ideias de valor\u2026<\/span><\/p>\n","protected":false},"excerpt":{"rendered":"<p>Sexta-feira 5 de abril foi um dia at\u00edpico, pelo menos L\u00e1 no Frai. Durante a semana, come\u00e7aram os primeiros rumores digitais sobre a disputa do tch\u00f4 mais bonito do Brasil (Mister Brasil). O Diego Novicki, representante do Frai e de Santa Catarina come\u00e7a a aparecer no Facebook, principalmente pelos coment\u00e1rios e curtidas das mulheres, os [&hellip;]<\/p>\n","protected":false},"author":1,"featured_media":0,"comment_status":"open","ping_status":"open","sticky":false,"template":"","format":"standard","meta":{"footnotes":""},"categories":[18],"tags":[185,391,467,482,527,804,1073,1217],"class_list":["post-2372","post","type-post","status-publish","format-standard","hentry","category-the-city-a-cidade","tag-brasil","tag-diego","tag-eticao","tag-facebook","tag-frai","tag-mister","tag-santa-catarina","tag-uol"],"_links":{"self":[{"href":"https:\/\/lanofrai.com.br\/en\/wp-json\/wp\/v2\/posts\/2372","targetHints":{"allow":["GET"]}}],"collection":[{"href":"https:\/\/lanofrai.com.br\/en\/wp-json\/wp\/v2\/posts"}],"about":[{"href":"https:\/\/lanofrai.com.br\/en\/wp-json\/wp\/v2\/types\/post"}],"author":[{"embeddable":true,"href":"https:\/\/lanofrai.com.br\/en\/wp-json\/wp\/v2\/users\/1"}],"replies":[{"embeddable":true,"href":"https:\/\/lanofrai.com.br\/en\/wp-json\/wp\/v2\/comments?post=2372"}],"version-history":[{"count":0,"href":"https:\/\/lanofrai.com.br\/en\/wp-json\/wp\/v2\/posts\/2372\/revisions"}],"wp:attachment":[{"href":"https:\/\/lanofrai.com.br\/en\/wp-json\/wp\/v2\/media?parent=2372"}],"wp:term":[{"taxonomy":"category","embeddable":true,"href":"https:\/\/lanofrai.com.br\/en\/wp-json\/wp\/v2\/categories?post=2372"},{"taxonomy":"post_tag","embeddable":true,"href":"https:\/\/lanofrai.com.br\/en\/wp-json\/wp\/v2\/tags?post=2372"}],"curies":[{"name":"wp","href":"https:\/\/api.w.org\/{rel}","templated":true}]}}