{"id":2412,"date":"2013-04-15T23:33:45","date_gmt":"2013-04-16T02:33:45","guid":{"rendered":"http:\/\/lanofrai.com.br\/?p=2412"},"modified":"2013-04-15T23:33:45","modified_gmt":"2013-04-16T02:33:45","slug":"radio-de-fraibu","status":"publish","type":"post","link":"https:\/\/lanofrai.com.br\/en\/2013\/04\/15\/radio-de-fraibu\/","title":{"rendered":"R\u00e1dio de Fraibu&#8230;"},"content":{"rendered":"<blockquote><p><span style=\"color:#0000ff\">R\u00e1dio de Fraiburgo faz entrevista exclusiva com Tch\u00f4 Quenorris na ExpoFrai<\/span><\/p>\n<p><span style=\"color:#0000ff\">&#8211; Ent\u00e3o Tch\u00f4, o que est\u00e1 achando da ExpoFrai?<\/span><\/p>\n<p><span style=\"color:#0000ff\">&#8211; Puz\u00f3ie, t\u00e1 do tipo! Dei uma campiada por aqui e por ali e quage que comprei um ternero pro tchozinho dar umas la\u00e7ada l\u00e1 em casa. S\u00f3 que dai na hora do brique final vi que o miser\u00e1ve do animar tava com churriu, j\u00e1 penso? dei uma carculejada e cheguei a conclus\u00e3o desse jeito n\u00e3o ia da pra dex\u00e1 o bicho daquele jeito drento do apartamento. Dai cancelei o brique na hora. De certo que no ano que vem a gente compra um outro s\u00f3 que dai b\u00e3o dai!<\/span><\/p>\n<p><span style=\"color:#0000ff\">&#8211; Ok senhor Tch\u00f4, muito obrigado pela sua participa\u00e7\u00e3o! \u00c9 uma honra jaguara poder falar com voc\u00ea pessoalmente e transmitir sua vis\u00e3o de mundo para a comunidade t\u00e3o carente por informa\u00e7\u00e3o de qualidade!<\/span><\/p><\/blockquote>\n","protected":false},"excerpt":{"rendered":"<p>R\u00e1dio de Fraiburgo faz entrevista exclusiva com Tch\u00f4 Quenorris na ExpoFrai &#8211; Ent\u00e3o Tch\u00f4, o que est\u00e1 achando da ExpoFrai? &#8211; Puz\u00f3ie, t\u00e1 do tipo! Dei uma campiada por aqui e por ali e quage que comprei um ternero pro tchozinho dar umas la\u00e7ada l\u00e1 em casa. S\u00f3 que dai na hora do brique final [&hellip;]<\/p>\n","protected":false},"author":1,"featured_media":0,"comment_status":"open","ping_status":"open","sticky":false,"template":"","format":"quote","meta":{"footnotes":""},"categories":[1],"tags":[444,529,1002],"class_list":["post-2412","post","type-post","status-publish","format-quote","hentry","category-without-categorie","tag-entrevista","tag-fraiburgo","tag-radio","post_format-post-format-quote"],"_links":{"self":[{"href":"https:\/\/lanofrai.com.br\/en\/wp-json\/wp\/v2\/posts\/2412","targetHints":{"allow":["GET"]}}],"collection":[{"href":"https:\/\/lanofrai.com.br\/en\/wp-json\/wp\/v2\/posts"}],"about":[{"href":"https:\/\/lanofrai.com.br\/en\/wp-json\/wp\/v2\/types\/post"}],"author":[{"embeddable":true,"href":"https:\/\/lanofrai.com.br\/en\/wp-json\/wp\/v2\/users\/1"}],"replies":[{"embeddable":true,"href":"https:\/\/lanofrai.com.br\/en\/wp-json\/wp\/v2\/comments?post=2412"}],"version-history":[{"count":0,"href":"https:\/\/lanofrai.com.br\/en\/wp-json\/wp\/v2\/posts\/2412\/revisions"}],"wp:attachment":[{"href":"https:\/\/lanofrai.com.br\/en\/wp-json\/wp\/v2\/media?parent=2412"}],"wp:term":[{"taxonomy":"category","embeddable":true,"href":"https:\/\/lanofrai.com.br\/en\/wp-json\/wp\/v2\/categories?post=2412"},{"taxonomy":"post_tag","embeddable":true,"href":"https:\/\/lanofrai.com.br\/en\/wp-json\/wp\/v2\/tags?post=2412"}],"curies":[{"name":"wp","href":"https:\/\/api.w.org\/{rel}","templated":true}]}}