{"id":2440,"date":"2013-04-25T20:20:22","date_gmt":"2013-04-25T23:20:22","guid":{"rendered":"http:\/\/lanofrai.com.br\/?p=2440"},"modified":"2013-04-25T20:20:22","modified_gmt":"2013-04-25T23:20:22","slug":"impressionante-good-morning-glory-em-fraiburgo","status":"publish","type":"post","link":"https:\/\/lanofrai.com.br\/en\/2013\/04\/25\/impressionante-good-morning-glory-em-fraiburgo\/","title":{"rendered":"Impressionante &#8220;Good morning glory&#8221; em Fraiburgo"},"content":{"rendered":"<p><span style=\"color:#008000\">Coisas incr\u00edveis que acontecem no Frai! \u00a0Texto de Edelcio Lopes de Videira, um tch\u00f4 que est\u00e1 constantemente descrevendo as coisaradinhas da regi\u00e3o no facebook &#8211;<\/span><span style=\"color:#008000\">http:\/\/www.facebook.com\/edelciolopess &#8211; Agradecimentos ao Guilherme por ter compartilhado est\u00e1 maravilha.<\/span><\/p>\n<blockquote><p><span style=\"color:#008000\">Ontem, no final da tarde, uma grande nuvem circundou o c\u00e9u de Videira e da regi\u00e3o. Pareciam geleiras. Fotos de v\u00e1rios \u00e2ngulos registraram o fen\u00f4meno, supostamente nunca antes visto por aqui. Durou pouco e logo a nuvem se espeda\u00e7ou. Seria uma Morning Glory? As nuvens Morning Glory s\u00e3o rar\u00edssimas no mundo. Isto porque sua forma\u00e7\u00e3o requer condi\u00e7\u00f5es muito especiais, n\u00e3o encontradas facilmente em nosso planeta. Essas nuvens podem ter desde um par de quil\u00f4metros at\u00e9 1500 quilometros de comprimento.Uma Morning Glory se forma como uma \u201cpororoca\u201d, em que o rio \u00e9 represado pela mar\u00e9 cheia at\u00e9 que o equil\u00edbrio se rompe e uma onda \u00e9 formada. No caso da Morning Glory, ela se forma quando uma massa quente de ar tropical descendo do Equador para latitudes baixas encontra uma massa fria e n\u00e3o consegue transp\u00f4-la. A press\u00e3o se acumula no lado quente, e uma barreira est\u00e1tica de nuvem \u00e9 formada.<\/span><\/p>\n<p>&nbsp;<\/p>\n<p><span style=\"color:#008000\"><a href=\"https:\/\/lanofrai.com.br\/wp-content\/uploads\/2013\/04\/edic3a7c3a3o-projeto.jpg\"><span style=\"color:#008000\"><img loading=\"lazy\" decoding=\"async\" class=\"aligncenter size-full wp-image-2441\" alt=\"Edi\u00e7\u00e3o projeto\" src=\"https:\/\/lanofrai.com.br\/wp-content\/uploads\/2013\/04\/edic3a7c3a3o-projeto.jpg\" width=\"500\" height=\"267\" srcset=\"https:\/\/lanofrai.com.br\/en\/wp-content\/uploads\/sites\/3\/2013\/04\/edic3a7c3a3o-projeto.jpg 2078w, https:\/\/lanofrai.com.br\/en\/wp-content\/uploads\/sites\/3\/2013\/04\/edic3a7c3a3o-projeto-300x160.jpg 300w, https:\/\/lanofrai.com.br\/en\/wp-content\/uploads\/sites\/3\/2013\/04\/edic3a7c3a3o-projeto-1024x547.jpg 1024w, https:\/\/lanofrai.com.br\/en\/wp-content\/uploads\/sites\/3\/2013\/04\/edic3a7c3a3o-projeto-624x333.jpg 624w\" sizes=\"auto, (max-width: 500px) 100vw, 500px\" \/><\/span><\/a><\/span><\/p><\/blockquote>\n","protected":false},"excerpt":{"rendered":"<p>Coisas incr\u00edveis que acontecem no Frai! \u00a0Texto de Edelcio Lopes de Videira, um tch\u00f4 que est\u00e1 constantemente descrevendo as coisaradinhas da regi\u00e3o no facebook &#8211;http:\/\/www.facebook.com\/edelciolopess &#8211; Agradecimentos ao Guilherme por ter compartilhado est\u00e1 maravilha. Ontem, no final da tarde, uma grande nuvem circundou o c\u00e9u de Videira e da regi\u00e3o. Pareciam geleiras. Fotos de v\u00e1rios [&hellip;]<\/p>\n","protected":false},"author":1,"featured_media":0,"comment_status":"open","ping_status":"open","sticky":false,"template":"","format":"standard","meta":{"footnotes":""},"categories":[9,5],"tags":[64,250,281,321,524,529,587,646,813,851,924,1005,1102],"class_list":["post-2440","post","type-post","status-publish","format-standard","hentry","category-historical-pictures","category-sky","tag-amazing","tag-cheia","tag-cloud","tag-cores","tag-foto","tag-fraiburgo","tag-guilherme","tag-incrivel","tag-morning-glory","tag-nuvem","tag-photo","tag-raldi","tag-skype"],"_links":{"self":[{"href":"https:\/\/lanofrai.com.br\/en\/wp-json\/wp\/v2\/posts\/2440","targetHints":{"allow":["GET"]}}],"collection":[{"href":"https:\/\/lanofrai.com.br\/en\/wp-json\/wp\/v2\/posts"}],"about":[{"href":"https:\/\/lanofrai.com.br\/en\/wp-json\/wp\/v2\/types\/post"}],"author":[{"embeddable":true,"href":"https:\/\/lanofrai.com.br\/en\/wp-json\/wp\/v2\/users\/1"}],"replies":[{"embeddable":true,"href":"https:\/\/lanofrai.com.br\/en\/wp-json\/wp\/v2\/comments?post=2440"}],"version-history":[{"count":0,"href":"https:\/\/lanofrai.com.br\/en\/wp-json\/wp\/v2\/posts\/2440\/revisions"}],"wp:attachment":[{"href":"https:\/\/lanofrai.com.br\/en\/wp-json\/wp\/v2\/media?parent=2440"}],"wp:term":[{"taxonomy":"category","embeddable":true,"href":"https:\/\/lanofrai.com.br\/en\/wp-json\/wp\/v2\/categories?post=2440"},{"taxonomy":"post_tag","embeddable":true,"href":"https:\/\/lanofrai.com.br\/en\/wp-json\/wp\/v2\/tags?post=2440"}],"curies":[{"name":"wp","href":"https:\/\/api.w.org\/{rel}","templated":true}]}}