{"id":36954,"date":"2013-08-18T13:44:05","date_gmt":"2013-08-18T16:44:05","guid":{"rendered":"http:\/\/lanofrai.com.br\/?p=36954"},"modified":"2013-08-18T13:44:05","modified_gmt":"2013-08-18T16:44:05","slug":"relato-de-bolor-em-fraiburgo","status":"publish","type":"post","link":"https:\/\/lanofrai.com.br\/en\/2013\/08\/18\/relato-de-bolor-em-fraiburgo\/","title":{"rendered":"Relato de bolor em Fraiburgo."},"content":{"rendered":"<p>Por Mariani de Oliveira do Frai no dia 12\/02\/2012.<\/p>\n<blockquote><p><span style=\"color:#0000ff\">\u201cDomingo at\u00e9 ent\u00e3o pacato e dentro dos conformes no Frai. Rapaziada no posto, conversando, dando umas risadas, o de sempre! De repente, veio um cara atorou a frente de uma carreta, o caminhoneiro desceu, ja se tacaram no pau tudo&#8230;o tch\u00f4 da carreta pegou naquele martelinho e bater pneu e se atracaram&#8230; V\u00f4ou pedra pra tudo lado, quebraram o vidro de carro perto e cortaram a cabe\u00e7a do cara da carreta&#8230;.A\u00ed\u00ed\u00ed, ficou aquele bolor, clima tenso vuco vuco. E nisso reuniu tudo a negada que tava por ali ao redor do bolor n\u00e9. E liga pra pol\u00edcia , eee liga pra bombeiro e NADA! Passou mais de uma hora e n\u00e3o veio policia e taaal&#8230; Com uns 40 minutos veio o bombeiro socorrer o tch\u00f4&#8230;Tinha uns cidad\u00e3o muito dos instru\u00eddo e j\u00e1 organizaram a rodovia, coisa bunita tamb\u00e9m&#8230; Naquele clima tenso, negada querendo apaziguar, um cidad\u00e3o resolve fazer uma revolta local e ergue o som do carro at\u00e9 n\u00e3o pod\u00ea mais&#8230; e incentiva as piazada&#8230;a\u00ed\u00ed\u00ed a negada resolveu de ligar o som dos carros pra ver se a pol\u00edcia aparecia e foi um tal de cantar pneu e coisarada&#8230; Virou uma guerra de som e de cantar pneu que foi bunito de ver! E tudo isso na frente do posto ma\u00e7\u00e3! Coisa de civil war assim. Altos bolor&#8230; muierada chorando&#8230;homarada virando macho&#8230;. coisa linda! Tava pior que em Chapec\u00f3&#8230;\u201d<\/span><\/p>\n<p>&nbsp;<\/p>\n<p><a href=\"https:\/\/lanofrai.com.br\/wp-content\/uploads\/2013\/08\/screen-shot-2013-08-18-at-1-43-05-pm.png\"><img loading=\"lazy\" decoding=\"async\" class=\"aligncenter size-full wp-image-36956\" alt=\"Screen Shot 2013-08-18 at 1.43.05 PM\" src=\"https:\/\/lanofrai.com.br\/wp-content\/uploads\/2013\/08\/screen-shot-2013-08-18-at-1-43-05-pm.png\" width=\"500\" height=\"368\" srcset=\"https:\/\/lanofrai.com.br\/en\/wp-content\/uploads\/sites\/3\/2013\/08\/screen-shot-2013-08-18-at-1-43-05-pm.png 1016w, https:\/\/lanofrai.com.br\/en\/wp-content\/uploads\/sites\/3\/2013\/08\/screen-shot-2013-08-18-at-1-43-05-pm-300x220.png 300w, https:\/\/lanofrai.com.br\/en\/wp-content\/uploads\/sites\/3\/2013\/08\/screen-shot-2013-08-18-at-1-43-05-pm-624x459.png 624w\" sizes=\"auto, (max-width: 500px) 100vw, 500px\" \/><\/a><\/p><\/blockquote>\n","protected":false},"excerpt":{"rendered":"<p>Por Mariani de Oliveira do Frai no dia 12\/02\/2012. \u201cDomingo at\u00e9 ent\u00e3o pacato e dentro dos conformes no Frai. Rapaziada no posto, conversando, dando umas risadas, o de sempre! De repente, veio um cara atorou a frente de uma carreta, o caminhoneiro desceu, ja se tacaram no pau tudo&#8230;o tch\u00f4 da carreta pegou naquele martelinho [&hellip;]<\/p>\n","protected":false},"author":1,"featured_media":0,"comment_status":"open","ping_status":"open","sticky":false,"template":"","format":"standard","meta":{"footnotes":""},"categories":[7],"tags":[174,193,305,368,532,765,782,1027],"class_list":["post-36954","post","type-post","status-publish","format-standard","hentry","category-dialect","tag-bolor","tag-briga","tag-confusao","tag-desentendimento","tag-fraiburgues","tag-macho","tag-mariani-de-oliveira","tag-relato"],"_links":{"self":[{"href":"https:\/\/lanofrai.com.br\/en\/wp-json\/wp\/v2\/posts\/36954","targetHints":{"allow":["GET"]}}],"collection":[{"href":"https:\/\/lanofrai.com.br\/en\/wp-json\/wp\/v2\/posts"}],"about":[{"href":"https:\/\/lanofrai.com.br\/en\/wp-json\/wp\/v2\/types\/post"}],"author":[{"embeddable":true,"href":"https:\/\/lanofrai.com.br\/en\/wp-json\/wp\/v2\/users\/1"}],"replies":[{"embeddable":true,"href":"https:\/\/lanofrai.com.br\/en\/wp-json\/wp\/v2\/comments?post=36954"}],"version-history":[{"count":0,"href":"https:\/\/lanofrai.com.br\/en\/wp-json\/wp\/v2\/posts\/36954\/revisions"}],"wp:attachment":[{"href":"https:\/\/lanofrai.com.br\/en\/wp-json\/wp\/v2\/media?parent=36954"}],"wp:term":[{"taxonomy":"category","embeddable":true,"href":"https:\/\/lanofrai.com.br\/en\/wp-json\/wp\/v2\/categories?post=36954"},{"taxonomy":"post_tag","embeddable":true,"href":"https:\/\/lanofrai.com.br\/en\/wp-json\/wp\/v2\/tags?post=36954"}],"curies":[{"name":"wp","href":"https:\/\/api.w.org\/{rel}","templated":true}]}}