{"id":39061,"date":"2013-08-22T20:10:09","date_gmt":"2013-08-22T23:10:09","guid":{"rendered":"http:\/\/lanofrai.com.br\/?p=39061"},"modified":"2013-08-22T20:10:09","modified_gmt":"2013-08-22T23:10:09","slug":"rota-da-amizade-revisao-de-compartilhamentos","status":"publish","type":"post","link":"https:\/\/lanofrai.com.br\/en\/2013\/08\/22\/rota-da-amizade-revisao-de-compartilhamentos\/","title":{"rendered":"Rota da Amizade &#8211; Revis\u00e3o de compartilhamentos"},"content":{"rendered":"<p><span style=\"color:#008000\">Super queridos tchozinhos(as) &#8211; Chegou aos nossos olhos uma publica\u00e7\u00e3o dos buracos das rodovidas do meio oeste com o logo da Rota da Amizade. Gostar\u00edamos de informar que: <\/span><br \/>\n<span style=\"color:#008000\">&#8220;A situa\u00e7\u00e3o \u00e9 cr\u00edtica, mas associar a marca Rota da Amizade com o problema de gest\u00e3o de infra-estrutura do governo do estado \u00e9 injusto com esssa galerinha que sempre buscou valorizar as coisas bonitas da regi\u00e3o. Para quem j\u00e1 tentou fazer isso, sabe o tamanho do desafio. N\u00f3s temos que fortalecer nossas marcas e iniciativas de valor. Portanto, n\u00e3o compartilhem coisas assim, pois, sem querer podemos afetar negativamente o trabalho de pessoas legais que, al\u00e9m de n\u00e3o receber sal\u00e1rio de ex-governador (R$ 24.000,00 \/m\u00eas) arriscam suas vidas circulando diariamente por essas estradas como todos n\u00f3s tchozinhos mortais desprovidos de helic\u00f3ptero&#8221;.<\/span><\/p>\n<p><span style=\"color:#008000\">Sauda\u00e7\u00f5es <\/span><br \/>\n<span style=\"color:#008000\">Tchozinas L\u00e1 no Frai<\/span><\/p>\n","protected":false},"excerpt":{"rendered":"<p>Super queridos tchozinhos(as) &#8211; Chegou aos nossos olhos uma publica\u00e7\u00e3o dos buracos das rodovidas do meio oeste com o logo da Rota da Amizade. Gostar\u00edamos de informar que: &#8220;A situa\u00e7\u00e3o \u00e9 cr\u00edtica, mas associar a marca Rota da Amizade com o problema de gest\u00e3o de infra-estrutura do governo do estado \u00e9 injusto com esssa galerinha [&hellip;]<\/p>\n","protected":false},"author":1,"featured_media":0,"comment_status":"open","ping_status":"open","sticky":false,"template":"","format":"standard","meta":{"footnotes":""},"categories":[8],"tags":[],"class_list":["post-39061","post","type-post","status-publish","format-standard","hentry","category-fraiburguese-opinions"],"_links":{"self":[{"href":"https:\/\/lanofrai.com.br\/en\/wp-json\/wp\/v2\/posts\/39061","targetHints":{"allow":["GET"]}}],"collection":[{"href":"https:\/\/lanofrai.com.br\/en\/wp-json\/wp\/v2\/posts"}],"about":[{"href":"https:\/\/lanofrai.com.br\/en\/wp-json\/wp\/v2\/types\/post"}],"author":[{"embeddable":true,"href":"https:\/\/lanofrai.com.br\/en\/wp-json\/wp\/v2\/users\/1"}],"replies":[{"embeddable":true,"href":"https:\/\/lanofrai.com.br\/en\/wp-json\/wp\/v2\/comments?post=39061"}],"version-history":[{"count":0,"href":"https:\/\/lanofrai.com.br\/en\/wp-json\/wp\/v2\/posts\/39061\/revisions"}],"wp:attachment":[{"href":"https:\/\/lanofrai.com.br\/en\/wp-json\/wp\/v2\/media?parent=39061"}],"wp:term":[{"taxonomy":"category","embeddable":true,"href":"https:\/\/lanofrai.com.br\/en\/wp-json\/wp\/v2\/categories?post=39061"},{"taxonomy":"post_tag","embeddable":true,"href":"https:\/\/lanofrai.com.br\/en\/wp-json\/wp\/v2\/tags?post=39061"}],"curies":[{"name":"wp","href":"https:\/\/api.w.org\/{rel}","templated":true}]}}