{"id":40484,"date":"2013-08-25T14:35:00","date_gmt":"2013-08-25T17:35:00","guid":{"rendered":"http:\/\/lanofrai.com.br\/?p=40484"},"modified":"2013-08-25T14:35:00","modified_gmt":"2013-08-25T17:35:00","slug":"de-zoio-no-frai","status":"publish","type":"post","link":"https:\/\/lanofrai.com.br\/en\/2013\/08\/25\/de-zoio-no-frai\/","title":{"rendered":"De z\u00f3io no Frai"},"content":{"rendered":"<p style=\"text-align:justify\"><span style=\"color:#008000\">Dear, tchozinhos(as),<\/span><\/p>\n<p style=\"text-align:justify\"><span style=\"color:#008000\">Nos \u00faltimos minutos do dia 18 de agosto (fim do concurso &#8220;<a href=\"https:\/\/lanofrai.com.br\/2013\/07\/05\/primeiro-concurso-de-la-no-frai-de-zoio-la-no-frai\/\">De Zoio L\u00e1 no Frai&#8221;<\/a>) chegaram os seguintes desenhos da artista Cessa Lopes. Um show de talento, ludicidade e \u00a0surrealidade das coisas do Frai. Sem d\u00favida aprovada por toda fam\u00edlia Quenorris e vencedora do pr\u00eamio. Valeu o esfor\u00e7o! A partir deste dia, todos os tchozinhos(a) de Fraiburgo est\u00e3o oficialmente de Z\u00f3io em tudo que acontece na cidade e no seu desenvolvimento. O foco de cada lente est\u00e1 em:<\/span><\/p>\n<ul style=\"text-align:justify\">\n<li><span style=\"color:#008000\"><strong>Pol\u00edtica<\/strong> &#8211; combate a corrup\u00e7\u00e3o end\u00eamica de um grupo de pessoas ego\u00edstas desconectadas das realidade e das necessidades da regi\u00e3o com uma luta perp\u00e9tua pela redu\u00e7\u00e3o dos valores dos sal\u00e1rios dos vereadores at\u00e9 \u00a0zero e o monitoramento 24 horas de todas as obras p\u00fablicas desde sua concep\u00e7\u00e3o, execu\u00e7\u00e3o e manuten\u00e7\u00e3o atrav\u00e9s de observat\u00f3rios sociais virtualmente instalados em cima da chamin\u00e9.<\/span><\/li>\n<li><span style=\"color:#008000\"><strong>Integra\u00e7\u00e3o global<\/strong> &#8211; Se torna dever dos tchozinhos(as), buscar solu\u00e7\u00f5es para cidade a partir de outras sociedades (mesmo que se fale outro idioma), seja na regi\u00e3o, no estado em outros pa\u00edses de modo diminuir a desigualdade econ\u00f4mica da regi\u00e3o em rela\u00e7\u00e3o ao mundo e as novas perspectivas da economia do conhecimento, a qual \u00e9 baseada na r\u00e1pida absor\u00e7\u00e3o de tecnologias, m\u00e9todos de trabalho com bruscas e profundas mudan\u00e7as de comportamento em rela\u00e7\u00e3o ao desconhecido e ao diferente. Nesse sentido h\u00e1 a necessidade da cria\u00e7\u00e3o de um ecossistema de inova\u00e7\u00e3o (empresas, universidades, investidores) que consiga valorizar os trabalhos regionais e conectar o conhecimento (gera\u00e7\u00e3o ap\u00f3s gera\u00e7\u00e3o) dos empreendedores de Fraiburgo de forma sustent\u00e1vel. Nos parece que a iniciativa &#8220;DesenFrai&#8221; est\u00e1 nesse caminho, busquem mais informa\u00e7\u00f5es.<\/span><span style=\"color:#008000\">\u00a0<\/span><\/li>\n<\/ul>\n<p style=\"text-align:justify\"><a href=\"https:\/\/lanofrai.com.br\/wp-content\/uploads\/2013\/08\/03-de-zoio-no-frai.jpg\"><img loading=\"lazy\" decoding=\"async\" class=\"aligncenter size-full wp-image-40506\" alt=\"03 - De zoio no frai\" src=\"https:\/\/lanofrai.com.br\/wp-content\/uploads\/2013\/08\/03-de-zoio-no-frai.jpg\" width=\"500\" height=\"375\" srcset=\"https:\/\/lanofrai.com.br\/en\/wp-content\/uploads\/sites\/3\/2013\/08\/03-de-zoio-no-frai.jpg 960w, https:\/\/lanofrai.com.br\/en\/wp-content\/uploads\/sites\/3\/2013\/08\/03-de-zoio-no-frai-300x225.jpg 300w, https:\/\/lanofrai.com.br\/en\/wp-content\/uploads\/sites\/3\/2013\/08\/03-de-zoio-no-frai-624x468.jpg 624w\" sizes=\"auto, (max-width: 500px) 100vw, 500px\" \/><\/a><a href=\"https:\/\/lanofrai.com.br\/wp-content\/uploads\/2013\/08\/04-tchozinho.jpg\"><img loading=\"lazy\" decoding=\"async\" class=\"size-full wp-image-40507\" alt=\"04 - Tchozinho\" src=\"https:\/\/lanofrai.com.br\/wp-content\/uploads\/2013\/08\/04-tchozinho.jpg\" width=\"500\" height=\"375\" srcset=\"https:\/\/lanofrai.com.br\/en\/wp-content\/uploads\/sites\/3\/2013\/08\/04-tchozinho.jpg 960w, https:\/\/lanofrai.com.br\/en\/wp-content\/uploads\/sites\/3\/2013\/08\/04-tchozinho-300x225.jpg 300w, https:\/\/lanofrai.com.br\/en\/wp-content\/uploads\/sites\/3\/2013\/08\/04-tchozinho-624x468.jpg 624w\" sizes=\"auto, (max-width: 500px) 100vw, 500px\" \/><\/a><\/p>\n","protected":false},"excerpt":{"rendered":"<p>Dear, tchozinhos(as), Nos \u00faltimos minutos do dia 18 de agosto (fim do concurso &#8220;De Zoio L\u00e1 no Frai&#8221;) chegaram os seguintes desenhos da artista Cessa Lopes. Um show de talento, ludicidade e \u00a0surrealidade das coisas do Frai. Sem d\u00favida aprovada por toda fam\u00edlia Quenorris e vencedora do pr\u00eamio. Valeu o esfor\u00e7o! A partir deste dia, [&hellip;]<\/p>\n","protected":false},"author":1,"featured_media":0,"comment_status":"open","ping_status":"open","sticky":false,"template":"","format":"standard","meta":{"footnotes":""},"categories":[8,9,13,19],"tags":[243,302,350,367],"class_list":["post-40484","post","type-post","status-publish","format-standard","hentry","category-fraiburguese-opinions","category-historical-pictures","category-its-people","category-turistic-points","tag-cessa-lopes","tag-concurso","tag-de-zoio-no-frai","tag-desenho"],"_links":{"self":[{"href":"https:\/\/lanofrai.com.br\/en\/wp-json\/wp\/v2\/posts\/40484","targetHints":{"allow":["GET"]}}],"collection":[{"href":"https:\/\/lanofrai.com.br\/en\/wp-json\/wp\/v2\/posts"}],"about":[{"href":"https:\/\/lanofrai.com.br\/en\/wp-json\/wp\/v2\/types\/post"}],"author":[{"embeddable":true,"href":"https:\/\/lanofrai.com.br\/en\/wp-json\/wp\/v2\/users\/1"}],"replies":[{"embeddable":true,"href":"https:\/\/lanofrai.com.br\/en\/wp-json\/wp\/v2\/comments?post=40484"}],"version-history":[{"count":0,"href":"https:\/\/lanofrai.com.br\/en\/wp-json\/wp\/v2\/posts\/40484\/revisions"}],"wp:attachment":[{"href":"https:\/\/lanofrai.com.br\/en\/wp-json\/wp\/v2\/media?parent=40484"}],"wp:term":[{"taxonomy":"category","embeddable":true,"href":"https:\/\/lanofrai.com.br\/en\/wp-json\/wp\/v2\/categories?post=40484"},{"taxonomy":"post_tag","embeddable":true,"href":"https:\/\/lanofrai.com.br\/en\/wp-json\/wp\/v2\/tags?post=40484"}],"curies":[{"name":"wp","href":"https:\/\/api.w.org\/{rel}","templated":true}]}}