{"id":4243,"date":"2013-05-08T22:28:26","date_gmt":"2013-05-09T01:28:26","guid":{"rendered":"http:\/\/lanofrai.com.br\/?p=4243"},"modified":"2013-05-08T22:28:26","modified_gmt":"2013-05-09T01:28:26","slug":"uma-das-fotos-mais-bonitas-de-fraiburgo-one-of-the-most-beautiful-pictures-of-fraiburgo","status":"publish","type":"post","link":"https:\/\/lanofrai.com.br\/en\/2013\/05\/08\/uma-das-fotos-mais-bonitas-de-fraiburgo-one-of-the-most-beautiful-pictures-of-fraiburgo\/","title":{"rendered":"Uma das fotos mais bonitas de Fraiburgo \/ One of the most beautiful pictures of Fraiburgo"},"content":{"rendered":"<p lang=\"en-US\"><span style=\"color:#008000\">Uma das fotos mais bonitas do inverno do Frai! Os banquinhos redondos (hist\u00f3ricos) que marcaram uma boa parte da minha inf\u00e2ncia e de muitos outros infelizmente deram lugar um lindo estacionamento, mesmo assim o hotel continua l\u00e1 e hoje as \u00e1rvores est\u00e3o gigantes. O lago sempre bonit\u00e3o!\u00a0<\/span><\/p>\n<blockquote>\n<p lang=\"en-US\"><span style=\"color:#008000\">Inaugurado no dia 31 de julho de 1981, o Hotel Renar \u2013 empreendimento das fam\u00edlias Frey e Ziolkowski &#8211; inicialmente oferece 40 apartamentos. O empreendimento era um sonho de Ren\u00e9 Frey que acreditava que o hotel era vital para desenvolver o potencial tur\u00edstico de Fraiburgo, para gerar neg\u00f3cios sustent\u00e1veis, empregos para os cidad\u00e3os e trazer divisas para a cidade apoiando-se simplesmente na beleza dos pomares da regi\u00e3o. Fraiburgo j\u00e1 se tornara a Terra da Ma\u00e7\u00e3 e havia todo um potencial a ser explorado: floradas das macieiras na primavera, os pomares repletos de frutos no tempo da colheita e uma infinidade de produtos derivados. O hotel est\u00e1 situado numa \u00e1rea de 140.000 metros quadrados, no alto de uma pequena colina e diante do Lago das Arauc\u00e1rias, a arquitetura \u00e9 foi inspirada no estilo alpino-germ\u00e2nico.<\/span><\/p>\n<\/blockquote>\n<p lang=\"en-US\"><span style=\"color:#008000\">\u00a0<\/span><span style=\"color:#008000\">Informa\u00e7\u00f5es do livro \u2013 Fraiburgo Marcos da Hist\u00f3ria da autora Gerda Maria Frey Ziolkowski. <\/span><\/p>\n<p lang=\"en-US\"><span style=\"color:#008000\">Aten\u00e7\u00e3o: Buscamos o nome do autor desse disparado hist\u00f3rico.\u00a0<\/span><\/p>\n<p lang=\"en-US\">Founded on the 31<sup>st<\/sup> july of 1981, the Renar Hotel \u2013 a joint venture of the Frey and Ziolkowski families \u2013 initially offered 40 rooms. This venture was the dream of Ren\u00e9 Frey, who firmly believed that this hotel would be pivotal for developing the turistic potential of Fraiburgo, bringing sustainable businesses, employment to its citizens, and expending the city&#8217;s economic horizons, which in turn presented beautiful landscapes of apple plantations. At this time Fraiburgo was already the land of apples and there was still plenty of potential to be explored in other areas related to the apple s&#8217; production life cycle. The building is located in an area of 140.000 square meters, facing the Araucarias&#8217; Lake. Its architecture is inspired on the alpine-Germanic style.<\/p>\n<p lang=\"en-US\">Source: Fraiburgo Marcos da Hist\u00f3ria da autora Gerda Maria Frey Ziolkowski \u2013 Book.<\/p>\n<p lang=\"en-US\">Translation \u2013 Joni Hoppen dos Santos.<\/p>\n<p lang=\"en-US\"><a href=\"https:\/\/lanofrai.com.br\/wp-content\/uploads\/2013\/05\/screen-shot-2013-05-08-at-9-35-32-pm.png\"><img loading=\"lazy\" decoding=\"async\" class=\"aligncenter size-full wp-image-4244\" alt=\"Screen Shot 2013-05-08 at 9.35.32 PM\" src=\"https:\/\/lanofrai.com.br\/wp-content\/uploads\/2013\/05\/screen-shot-2013-05-08-at-9-35-32-pm.png\" width=\"500\" height=\"412\" srcset=\"https:\/\/lanofrai.com.br\/en\/wp-content\/uploads\/sites\/3\/2013\/05\/screen-shot-2013-05-08-at-9-35-32-pm.png 903w, https:\/\/lanofrai.com.br\/en\/wp-content\/uploads\/sites\/3\/2013\/05\/screen-shot-2013-05-08-at-9-35-32-pm-300x247.png 300w, https:\/\/lanofrai.com.br\/en\/wp-content\/uploads\/sites\/3\/2013\/05\/screen-shot-2013-05-08-at-9-35-32-pm-624x514.png 624w\" sizes=\"auto, (max-width: 500px) 100vw, 500px\" \/><\/a><\/p>\n","protected":false},"excerpt":{"rendered":"<p>Uma das fotos mais bonitas do inverno do Frai! Os banquinhos redondos (hist\u00f3ricos) que marcaram uma boa parte da minha inf\u00e2ncia e de muitos outros infelizmente deram lugar um lindo estacionamento, mesmo assim o hotel continua l\u00e1 e hoje as \u00e1rvores est\u00e3o gigantes. O lago sempre bonit\u00e3o!\u00a0 Inaugurado no dia 31 de julho de 1981, [&hellip;]<\/p>\n","protected":false},"author":1,"featured_media":0,"comment_status":"open","ping_status":"open","sticky":false,"template":"","format":"standard","meta":{"footnotes":""},"categories":[2,10,18,19],"tags":[94,529,602,603,620,677,1516,717,719,839,953,1033,1104,1282],"class_list":{"0":"post-4243","1":"post","2":"type-post","3":"status-publish","4":"format-standard","5":"hentry","6":"category-architecture","7":"category-lake","8":"category-the-city-a-cidade","9":"category-turistic-points","10":"tag-araucarias","11":"tag-fraiburgo","12":"tag-historicas","13":"tag-history","14":"tag-hotel","15":"tag-inverno","16":"tag-lake","18":"tag-land-of-apples","19":"tag-neve","20":"tag-pomares","21":"tag-renar","22":"tag-snow","23":"tag-ziolkowski"},"_links":{"self":[{"href":"https:\/\/lanofrai.com.br\/en\/wp-json\/wp\/v2\/posts\/4243","targetHints":{"allow":["GET"]}}],"collection":[{"href":"https:\/\/lanofrai.com.br\/en\/wp-json\/wp\/v2\/posts"}],"about":[{"href":"https:\/\/lanofrai.com.br\/en\/wp-json\/wp\/v2\/types\/post"}],"author":[{"embeddable":true,"href":"https:\/\/lanofrai.com.br\/en\/wp-json\/wp\/v2\/users\/1"}],"replies":[{"embeddable":true,"href":"https:\/\/lanofrai.com.br\/en\/wp-json\/wp\/v2\/comments?post=4243"}],"version-history":[{"count":0,"href":"https:\/\/lanofrai.com.br\/en\/wp-json\/wp\/v2\/posts\/4243\/revisions"}],"wp:attachment":[{"href":"https:\/\/lanofrai.com.br\/en\/wp-json\/wp\/v2\/media?parent=4243"}],"wp:term":[{"taxonomy":"category","embeddable":true,"href":"https:\/\/lanofrai.com.br\/en\/wp-json\/wp\/v2\/categories?post=4243"},{"taxonomy":"post_tag","embeddable":true,"href":"https:\/\/lanofrai.com.br\/en\/wp-json\/wp\/v2\/tags?post=4243"}],"curies":[{"name":"wp","href":"https:\/\/api.w.org\/{rel}","templated":true}]}}