{"id":450,"date":"2011-10-29T15:31:22","date_gmt":"2011-10-29T18:31:22","guid":{"rendered":"http:\/\/lanofrai.com.br\/?p=450"},"modified":"2011-10-29T15:31:22","modified_gmt":"2011-10-29T18:31:22","slug":"xmas-countdown-contagem-regressiva-natal","status":"publish","type":"post","link":"https:\/\/lanofrai.com.br\/en\/2011\/10\/29\/xmas-countdown-contagem-regressiva-natal\/","title":{"rendered":"Xmas countdown \/ Contagem regressiva, Natal"},"content":{"rendered":"<p style=\"text-align:justify\"><span style=\"color:#000000\">Dear friends, by the end of October the feeling of Christmas starts, the weather gets warmer and warmer and most of the villages start their Xmas preparations. Every city has its own decoration and Fraiburgo, of course, has one of the nicest and prettiest one. This picture was taken in 2007 (I guess) next to the bus station. This is coolest snowman we can make during our summer time, which is 100% recyclable, made by plastic bottles and creativity. <\/span>I liked it!<br \/>\n<span style=\"color:#008000\">Queridos amigos, at\u00e9 o final de outubro, a sensa\u00e7\u00e3o e sentimento de Natal come\u00e7am a aflorar, a temperatura fica vez mais quente, as cidades come\u00e7am a se aprumar para as celebra\u00e7\u00f5es natalinas. Cada cidade tem sua pr\u00f3pria decora\u00e7\u00e3o e Fraiburgo, claro, tem uma das mais agrad\u00e1veis \u200b\u200be bonitas da regi\u00e3o. Esta foto foi tirada ao lado da Rodovi\u00e1ria em 2007 (se estou certo). Este \u00e9 o boneco de neve mais legal do ver\u00e3o, 100% recicl\u00e1vel feito com garrafas pet e muita criatividade. Eu gostei! Parab\u00e9ns aos autores.<\/span><\/p>\n<p style=\"text-align:justify\"><a style=\"text-align:justify\"><img loading=\"lazy\" decoding=\"async\" class=\"aligncenter size-full wp-image-451\" title=\"Snowman Fraiburgo\" src=\"https:\/\/lanofrai.com.br\/wp-content\/uploads\/2011\/10\/snowman-fraiburgo.jpg\" alt=\"\" width=\"500\" height=\"332\" srcset=\"https:\/\/lanofrai.com.br\/en\/wp-content\/uploads\/sites\/3\/2011\/10\/snowman-fraiburgo.jpg 988w, https:\/\/lanofrai.com.br\/en\/wp-content\/uploads\/sites\/3\/2011\/10\/snowman-fraiburgo-300x199.jpg 300w, https:\/\/lanofrai.com.br\/en\/wp-content\/uploads\/sites\/3\/2011\/10\/snowman-fraiburgo-624x415.jpg 624w\" sizes=\"auto, (max-width: 500px) 100vw, 500px\" \/><\/a><br \/>\nBy the way, I am aware that people from the Northern Hemisphere consider the snow one of the key elements for a perfect Xmas eve, but believe, this is just an Europeanization of history. In fact, if Mary and Joseph really had snow when Christ was-born in Israel would he ever survive in the extreme poor conditions they were in? What I know is that Brazilian celebrate Xmas is in the summer and we make a lot stuff referring to snow, which sounds funny&#8230;<br \/>\n<span style=\"color:#008000\">A prop\u00f3stico, o pessoal do hemisf\u00e9rio norte considera a neve um dos itens mais importantes do Natal, mas acredito que isso \u00e9\u00a0 apenas uma europeiza\u00e7\u00e3o da hist\u00f3ria. Na verdade, se Maria e Jos\u00e9 realmente tivessem Jesus com neve na estrebaria ser\u00e1 que ele teria sobrevivido? O que eu sei \u00e9 que o nosso natal \u00e9 no ver\u00e3o com muitas pe\u00e7as lembrando a neve por mais estranho que isso possa parecer.<\/span><\/p>\n<p style=\"text-align:justify\"><a href=\"https:\/\/lanofrai.com.br\/wp-content\/uploads\/2011\/10\/bus-station-fraiburgo-xmas1.jpg\"><img loading=\"lazy\" decoding=\"async\" class=\"aligncenter size-full wp-image-471\" title=\"Bus station Fraiburgo Xmas\" src=\"https:\/\/lanofrai.com.br\/wp-content\/uploads\/2011\/10\/bus-station-fraiburgo-xmas1.jpg\" alt=\"\" width=\"500\" height=\"425\" srcset=\"https:\/\/lanofrai.com.br\/en\/wp-content\/uploads\/sites\/3\/2011\/10\/bus-station-fraiburgo-xmas1.jpg 902w, https:\/\/lanofrai.com.br\/en\/wp-content\/uploads\/sites\/3\/2011\/10\/bus-station-fraiburgo-xmas1-300x255.jpg 300w, https:\/\/lanofrai.com.br\/en\/wp-content\/uploads\/sites\/3\/2011\/10\/bus-station-fraiburgo-xmas1-624x531.jpg 624w\" sizes=\"auto, (max-width: 500px) 100vw, 500px\" \/><\/a><\/p>\n<p style=\"text-align:justify\">\n","protected":false},"excerpt":{"rendered":"<p>Dear friends, by the end of October the feeling of Christmas starts, the weather gets warmer and warmer and most of the villages start their Xmas preparations. Every city has its own decoration and Fraiburgo, of course, has one of the nicest and prettiest one. This picture was taken in 2007 (I guess) next to [&hellip;]<\/p>\n","protected":false},"author":1,"featured_media":0,"comment_status":"open","ping_status":"open","sticky":false,"template":"","format":"standard","meta":{"footnotes":""},"categories":[4,18],"tags":[240,257,261,329,354,355,1291,1292,1293,831,1294,1012],"class_list":["post-450","post","type-post","status-publish","format-standard","hentry","category-celebrations","category-the-city-a-cidade","tag-celebration","tag-chistmas","tag-christmas","tag-criatividade","tag-decoracao","tag-decoration","tag-israel","tag-joseph","tag-mary","tag-natal","tag-natal-comecam","tag-reciclagem"],"_links":{"self":[{"href":"https:\/\/lanofrai.com.br\/en\/wp-json\/wp\/v2\/posts\/450","targetHints":{"allow":["GET"]}}],"collection":[{"href":"https:\/\/lanofrai.com.br\/en\/wp-json\/wp\/v2\/posts"}],"about":[{"href":"https:\/\/lanofrai.com.br\/en\/wp-json\/wp\/v2\/types\/post"}],"author":[{"embeddable":true,"href":"https:\/\/lanofrai.com.br\/en\/wp-json\/wp\/v2\/users\/1"}],"replies":[{"embeddable":true,"href":"https:\/\/lanofrai.com.br\/en\/wp-json\/wp\/v2\/comments?post=450"}],"version-history":[{"count":0,"href":"https:\/\/lanofrai.com.br\/en\/wp-json\/wp\/v2\/posts\/450\/revisions"}],"wp:attachment":[{"href":"https:\/\/lanofrai.com.br\/en\/wp-json\/wp\/v2\/media?parent=450"}],"wp:term":[{"taxonomy":"category","embeddable":true,"href":"https:\/\/lanofrai.com.br\/en\/wp-json\/wp\/v2\/categories?post=450"},{"taxonomy":"post_tag","embeddable":true,"href":"https:\/\/lanofrai.com.br\/en\/wp-json\/wp\/v2\/tags?post=450"}],"curies":[{"name":"wp","href":"https:\/\/api.w.org\/{rel}","templated":true}]}}