{"id":55677,"date":"2013-09-15T13:52:37","date_gmt":"2013-09-15T16:52:37","guid":{"rendered":"http:\/\/lanofrai.com.br\/?p=55677"},"modified":"2013-09-15T13:52:37","modified_gmt":"2013-09-15T16:52:37","slug":"do-facebook-para-o-mundo-from-facebook-to-the-world","status":"publish","type":"post","link":"https:\/\/lanofrai.com.br\/en\/2013\/09\/15\/do-facebook-para-o-mundo-from-facebook-to-the-world\/","title":{"rendered":"Do Facebook para o mundo \/ From Facebook to the world"},"content":{"rendered":"<p style=\"text-align:justify\"><span style=\"color:#008000\">O Facebook \u00e9 uma ferramenta est\u00e1 causando uma revolu\u00e7\u00e3o \u00a0na maneira como as pessoas se informam (ou se desinformam) e interagem. No entanto, esse universo virtual \u00e9 fechado e, em alguns casos, manipulado. Por esses e outros motivos as\u00a0informa\u00e7\u00f5es\u00a0do L\u00e1 no Frai ser\u00e3o postadas em primeira m\u00e3o aqui no blog e depois v\u00e3o pra l\u00e1. Assim a informa\u00e7\u00e3o e o conhecimento podem viajar livremente de acordo com os desejos dos ventos de informa\u00e7\u00e3o.\u00a0Se o L\u00e1 no Frai fosse um livro, teria custado muito mais e n\u00e3o ter\u00edamos chegado t\u00e3o longe.\u00a0<\/span><span style=\"color:#008000\">Tamb\u00e9m, quando poss\u00edvel (no causo) faremos a baldea\u00e7\u00e3o de material do mundo facebook para o global que \u00e9 o\u00a0<\/span><span style=\"color:#008000\">espa\u00e7o aberto para qualquer tch\u00f4 de qualquer pa\u00eds ficar de z\u00f3io nas coisas de Fraiburgo e regi\u00e3o. Segundo nossas estat\u00edstica de acesso podemos dizer que Fraiburgo est\u00e1 se tornando influente nesta parte do mundo. Continuaremos sempre apoiando as iniciativas de cultura e desenvolvimento de talentos da regi\u00e3o. \u00a0Abaixo est\u00e1 o trabalho fotogr\u00e1fico de Fernando Varela.\u00a0<\/span><\/p>\n<p style=\"text-align:justify\">Since Facebook is a closed-world-minded tool, all information about Fraiburgo will be firs-hand delivered here at www.lanofrai.com.br. Yeap, in this way, information and knowledge can flow freely as the information wind desires. Also, when possible, we will bring things from facebook to here. Below is a beautiful picture taken by Fernando Varela some time ago.<\/p>\n<div id=\"attachment_55683\" style=\"width: 510px\" class=\"wp-caption aligncenter\"><a href=\"https:\/\/lanofrai.com.br\/wp-content\/uploads\/2013\/09\/922514_4154393436774_798790093_o.jpg\"><img loading=\"lazy\" decoding=\"async\" aria-describedby=\"caption-attachment-55683\" class=\" wp-image-55683\" alt=\"922514_4154393436774_798790093_o\" src=\"https:\/\/lanofrai.com.br\/wp-content\/uploads\/2013\/09\/922514_4154393436774_798790093_o.jpg\" width=\"500\" height=\"307\" srcset=\"https:\/\/lanofrai.com.br\/en\/wp-content\/uploads\/sites\/3\/2013\/09\/922514_4154393436774_798790093_o.jpg 2048w, https:\/\/lanofrai.com.br\/en\/wp-content\/uploads\/sites\/3\/2013\/09\/922514_4154393436774_798790093_o-300x184.jpg 300w, https:\/\/lanofrai.com.br\/en\/wp-content\/uploads\/sites\/3\/2013\/09\/922514_4154393436774_798790093_o-1024x629.jpg 1024w, https:\/\/lanofrai.com.br\/en\/wp-content\/uploads\/sites\/3\/2013\/09\/922514_4154393436774_798790093_o-624x383.jpg 624w\" sizes=\"auto, (max-width: 500px) 100vw, 500px\" \/><\/a><p id=\"caption-attachment-55683\" class=\"wp-caption-text\">Lago das Arauc\u00e1rias por Fernando Varela<\/p><\/div>\n","protected":false},"excerpt":{"rendered":"<p>O Facebook \u00e9 uma ferramenta est\u00e1 causando uma revolu\u00e7\u00e3o \u00a0na maneira como as pessoas se informam (ou se desinformam) e interagem. No entanto, esse universo virtual \u00e9 fechado e, em alguns casos, manipulado. Por esses e outros motivos as\u00a0informa\u00e7\u00f5es\u00a0do L\u00e1 no Frai ser\u00e3o postadas em primeira m\u00e3o aqui no blog e depois v\u00e3o pra l\u00e1. [&hellip;]<\/p>\n","protected":false},"author":1,"featured_media":0,"comment_status":"open","ping_status":"open","sticky":false,"template":"","format":"standard","meta":{"footnotes":""},"categories":[8,18],"tags":[94,247,307,482,496,525,654,1516,717,936],"class_list":{"0":"post-55677","1":"post","2":"type-post","3":"status-publish","4":"format-standard","5":"hentry","6":"category-fraiburguese-opinions","7":"category-the-city-a-cidade","8":"tag-araucarias","9":"tag-changes","10":"tag-conhecimento","11":"tag-facebook","12":"tag-ferramentas","13":"tag-fotos","14":"tag-informacao","15":"tag-lake","17":"tag-pictures"},"_links":{"self":[{"href":"https:\/\/lanofrai.com.br\/en\/wp-json\/wp\/v2\/posts\/55677","targetHints":{"allow":["GET"]}}],"collection":[{"href":"https:\/\/lanofrai.com.br\/en\/wp-json\/wp\/v2\/posts"}],"about":[{"href":"https:\/\/lanofrai.com.br\/en\/wp-json\/wp\/v2\/types\/post"}],"author":[{"embeddable":true,"href":"https:\/\/lanofrai.com.br\/en\/wp-json\/wp\/v2\/users\/1"}],"replies":[{"embeddable":true,"href":"https:\/\/lanofrai.com.br\/en\/wp-json\/wp\/v2\/comments?post=55677"}],"version-history":[{"count":0,"href":"https:\/\/lanofrai.com.br\/en\/wp-json\/wp\/v2\/posts\/55677\/revisions"}],"wp:attachment":[{"href":"https:\/\/lanofrai.com.br\/en\/wp-json\/wp\/v2\/media?parent=55677"}],"wp:term":[{"taxonomy":"category","embeddable":true,"href":"https:\/\/lanofrai.com.br\/en\/wp-json\/wp\/v2\/categories?post=55677"},{"taxonomy":"post_tag","embeddable":true,"href":"https:\/\/lanofrai.com.br\/en\/wp-json\/wp\/v2\/tags?post=55677"}],"curies":[{"name":"wp","href":"https:\/\/api.w.org\/{rel}","templated":true}]}}