{"id":560,"date":"2011-11-28T18:54:31","date_gmt":"2011-11-28T21:54:31","guid":{"rendered":"http:\/\/lanofrai.com.br\/?p=560"},"modified":"2011-11-28T18:54:31","modified_gmt":"2011-11-28T21:54:31","slug":"xmas-parade-desfile-de-natal-no-frai","status":"publish","type":"post","link":"https:\/\/lanofrai.com.br\/en\/2011\/11\/28\/xmas-parade-desfile-de-natal-no-frai\/","title":{"rendered":"Xmas parade \/ Desfile de natal no Frai"},"content":{"rendered":"<p style=\"text-align:justify\"><span style=\"color:#008000\">Oi pessoal,<\/span> <span style=\"color:#008000\">algumas fotos acabaram de chegar do Frai pela turma do Hotel Renar.\u00a0 Tomei a liberdade de republic\u00e1-las. Aqui v\u00e3o as que me chamaram mais a aten\u00e7\u00e3o. O desfile deve ter sido sensacional com fogos de artif\u00edcios e tudo queria poder estar l\u00e1. \u00c9 Fraiburgo chegando nos seus primeiro 50 anos. Ser\u00e1 que isso vai virar tradi\u00e7\u00e3o? Fonte\u00a0 <\/span><a href=\"http:\/\/www.facebook.com\/hrenar?ref=ts\">Facebook do Hotel Renar<\/a><br \/>\nGuys, some pictures from Fraiburgo just poped up on my facebook by means of the Renar Hotel staff so I decived to share the ones which sparked my attention the most. The parade must have been amazing with fireworks and stuff, Fraiburgo is almost turning 50 by the end of this month. Picture source <a href=\"http:\/\/www.facebook.com\/hrenar?ref=ts\">Renar Hotel&#8217;s facebook<\/a>.<\/p>\n<div id=\"attachment_561\" style=\"width: 510px\" class=\"wp-caption aligncenter\"><a href=\"https:\/\/lanofrai.com.br\/wp-content\/uploads\/2011\/11\/desfile-de-natal-1.jpg\"><img loading=\"lazy\" decoding=\"async\" aria-describedby=\"caption-attachment-561\" class=\"size-full wp-image-561\" title=\"Desfile de Natal 1\" src=\"https:\/\/lanofrai.com.br\/wp-content\/uploads\/2011\/11\/desfile-de-natal-1.jpg\" alt=\"\" width=\"500\" height=\"427\" srcset=\"https:\/\/lanofrai.com.br\/en\/wp-content\/uploads\/sites\/3\/2011\/11\/desfile-de-natal-1.jpg 960w, https:\/\/lanofrai.com.br\/en\/wp-content\/uploads\/sites\/3\/2011\/11\/desfile-de-natal-1-300x256.jpg 300w, https:\/\/lanofrai.com.br\/en\/wp-content\/uploads\/sites\/3\/2011\/11\/desfile-de-natal-1-624x533.jpg 624w\" sizes=\"auto, (max-width: 500px) 100vw, 500px\" \/><\/a><p id=\"caption-attachment-561\" class=\"wp-caption-text\">Christmas Parade \/ Desfile de Natal By Renar Hotel<\/p><\/div>\n<p style=\"text-align:center\"><span style=\"color:#008000\"><br \/>\n<\/span><\/p>\n<div id=\"attachment_565\" style=\"width: 510px\" class=\"wp-caption aligncenter\"><a href=\"https:\/\/lanofrai.com.br\/wp-content\/uploads\/2011\/11\/desfile-de-natal21.jpg\"><img loading=\"lazy\" decoding=\"async\" aria-describedby=\"caption-attachment-565\" class=\"size-full wp-image-565\" title=\"Desfile de natal Fraiburgo 50\" src=\"https:\/\/lanofrai.com.br\/wp-content\/uploads\/2011\/11\/desfile-de-natal21.jpg\" alt=\"\" width=\"500\" height=\"298\" srcset=\"https:\/\/lanofrai.com.br\/en\/wp-content\/uploads\/sites\/3\/2011\/11\/desfile-de-natal21.jpg 960w, https:\/\/lanofrai.com.br\/en\/wp-content\/uploads\/sites\/3\/2011\/11\/desfile-de-natal21-300x179.jpg 300w, https:\/\/lanofrai.com.br\/en\/wp-content\/uploads\/sites\/3\/2011\/11\/desfile-de-natal21-624x372.jpg 624w\" sizes=\"auto, (max-width: 500px) 100vw, 500px\" \/><\/a><p id=\"caption-attachment-565\" class=\"wp-caption-text\">Christmas Parade \/ Desfile de Natal By Renar Hotel<\/p><\/div>\n<div id=\"attachment_564\" style=\"width: 510px\" class=\"wp-caption aligncenter\"><a href=\"https:\/\/lanofrai.com.br\/wp-content\/uploads\/2011\/11\/desfile-de-natal-4.jpg\"><img loading=\"lazy\" decoding=\"async\" aria-describedby=\"caption-attachment-564\" class=\"size-full wp-image-564\" title=\"Desfile de natal 4\" src=\"https:\/\/lanofrai.com.br\/wp-content\/uploads\/2011\/11\/desfile-de-natal-4.jpg\" alt=\"\" width=\"500\" height=\"343\" srcset=\"https:\/\/lanofrai.com.br\/en\/wp-content\/uploads\/sites\/3\/2011\/11\/desfile-de-natal-4.jpg 960w, https:\/\/lanofrai.com.br\/en\/wp-content\/uploads\/sites\/3\/2011\/11\/desfile-de-natal-4-300x206.jpg 300w, https:\/\/lanofrai.com.br\/en\/wp-content\/uploads\/sites\/3\/2011\/11\/desfile-de-natal-4-624x429.jpg 624w\" sizes=\"auto, (max-width: 500px) 100vw, 500px\" \/><\/a><p id=\"caption-attachment-564\" class=\"wp-caption-text\">Christmas Parade \/ Desfile de Natal By Renar Hotel<\/p><\/div>\n<div id=\"attachment_563\" style=\"width: 510px\" class=\"wp-caption aligncenter\"><a href=\"https:\/\/lanofrai.com.br\/wp-content\/uploads\/2011\/11\/desfile-de-natal-3.jpg\"><img loading=\"lazy\" decoding=\"async\" aria-describedby=\"caption-attachment-563\" class=\"size-full wp-image-563 \" title=\"Desfile de Natal 3\" src=\"https:\/\/lanofrai.com.br\/wp-content\/uploads\/2011\/11\/desfile-de-natal-3.jpg\" alt=\"\" width=\"500\" height=\"316\" srcset=\"https:\/\/lanofrai.com.br\/en\/wp-content\/uploads\/sites\/3\/2011\/11\/desfile-de-natal-3.jpg 960w, https:\/\/lanofrai.com.br\/en\/wp-content\/uploads\/sites\/3\/2011\/11\/desfile-de-natal-3-300x189.jpg 300w, https:\/\/lanofrai.com.br\/en\/wp-content\/uploads\/sites\/3\/2011\/11\/desfile-de-natal-3-624x394.jpg 624w\" sizes=\"auto, (max-width: 500px) 100vw, 500px\" \/><\/a><p id=\"caption-attachment-563\" class=\"wp-caption-text\">Christmas Parade \/ Desfile de Natal By Renar Hotel<\/p><\/div>\n","protected":false},"excerpt":{"rendered":"<p>Oi pessoal, algumas fotos acabaram de chegar do Frai pela turma do Hotel Renar.\u00a0 Tomei a liberdade de republic\u00e1-las. Aqui v\u00e3o as que me chamaram mais a aten\u00e7\u00e3o. O desfile deve ter sido sensacional com fogos de artif\u00edcios e tudo queria poder estar l\u00e1. \u00c9 Fraiburgo chegando nos seus primeiro 50 anos. Ser\u00e1 que isso [&hellip;]<\/p>\n","protected":false},"author":1,"featured_media":0,"comment_status":"open","ping_status":"open","sticky":false,"template":"","format":"standard","meta":{"footnotes":""},"categories":[4],"tags":[370,621,1298,1277],"class_list":["post-560","post","type-post","status-publish","format-standard","hentry","category-celebrations","tag-desfile-de-natal","tag-hotel-renar","tag-hotel-renar-guys","tag-xmas-parade"],"_links":{"self":[{"href":"https:\/\/lanofrai.com.br\/en\/wp-json\/wp\/v2\/posts\/560","targetHints":{"allow":["GET"]}}],"collection":[{"href":"https:\/\/lanofrai.com.br\/en\/wp-json\/wp\/v2\/posts"}],"about":[{"href":"https:\/\/lanofrai.com.br\/en\/wp-json\/wp\/v2\/types\/post"}],"author":[{"embeddable":true,"href":"https:\/\/lanofrai.com.br\/en\/wp-json\/wp\/v2\/users\/1"}],"replies":[{"embeddable":true,"href":"https:\/\/lanofrai.com.br\/en\/wp-json\/wp\/v2\/comments?post=560"}],"version-history":[{"count":0,"href":"https:\/\/lanofrai.com.br\/en\/wp-json\/wp\/v2\/posts\/560\/revisions"}],"wp:attachment":[{"href":"https:\/\/lanofrai.com.br\/en\/wp-json\/wp\/v2\/media?parent=560"}],"wp:term":[{"taxonomy":"category","embeddable":true,"href":"https:\/\/lanofrai.com.br\/en\/wp-json\/wp\/v2\/categories?post=560"},{"taxonomy":"post_tag","embeddable":true,"href":"https:\/\/lanofrai.com.br\/en\/wp-json\/wp\/v2\/tags?post=560"}],"curies":[{"name":"wp","href":"https:\/\/api.w.org\/{rel}","templated":true}]}}