{"id":652,"date":"2011-12-31T10:52:14","date_gmt":"2011-12-31T13:52:14","guid":{"rendered":"http:\/\/lanofrai.com.br\/?p=652"},"modified":"2011-12-31T10:52:14","modified_gmt":"2011-12-31T13:52:14","slug":"largando-mao-de-2011-fazendo-50-anos-getting-rid-of-2011-reaching-the-50s","status":"publish","type":"post","link":"https:\/\/lanofrai.com.br\/en\/2011\/12\/31\/largando-mao-de-2011-fazendo-50-anos-getting-rid-of-2011-reaching-the-50s\/","title":{"rendered":"Largando m\u00e3o de 2011 fazendo 50 anos \/ Getting rid of 2011 reaching the 50&#8217;s."},"content":{"rendered":"<p style=\"text-align:justify\"><span style=\"color:#008000\">Ol\u00e1 amigos,<\/span><\/p>\n<p style=\"text-align:justify\"><span style=\"color:#008000\">Como muitos de voc\u00eas j\u00e1 devem saber, o Fraiburguense padr\u00e3o ao inv\u00e9s de parar de fazer algo ele(a) geralmente &#8220;larga m\u00e3o&#8221; de fazer algo. Nesse sentido, a cidade est\u00e1 largando m\u00e3o do ano de 2011 ao mesmo tempo em que celebra o seu anivers\u00e1rio de 50 anos. Fazem algumas semanas que a prefeitura vem organizando uma s\u00e9rie de eventos, mas infelizmente n\u00e3o pude estar presente. Mesmo assim, gostaria de fazer uma singela contribui\u00e7\u00e3o a cidade, n\u00e3o quero dizer &#8220;homenagem&#8221; porque aqui ela tem duplo sentido.<\/span><\/p>\n<p style=\"text-align:justify\">Dear all,<\/p>\n<p style=\"text-align:justify\">Fraiburgo is reaching its first 50 years as an official Brazilian municipality and we are very proud of it. This has been 50 years of constant changes and challenges. In the pictures below I am portraying\u00a0 a bit of one of the key city&#8217;s symbols. By the way, have you ever seen a monument to a grader? Yes, we do have a square dedicated for it, which is nice specially because it is not related to a war or anything like in many country and stepped in.<\/p>\n<p style=\"text-align:justify\">Well, not so long ago everything had to be started from the scratch up new roads to building the entire infrastructure to allow theses Brazilians to carry out their destiny. It seems they succeeded but at the same time new challenges lie a head and these are the questions I am asking to the people on the Portuguese text. For example, what will be the next symbol of development for the next 50 years? That is a question for the next generations.<\/p>\n<p style=\"text-align:justify\">Furthermore, congratulations to Fraiburgo and its people for everything that has been already created and I sincerely hope that the future holds beautiful things just like the city history, culture an way of life. Happy birthday Fraiburgo!<\/p>\n<p style=\"text-align:justify\">\u00a0<span style=\"color:#008000\">Primeiramente no seu sentido original, a palavra homenagem se refere a um agradecimento p\u00fablico em ato de gratid\u00e3o por algum favor que fora prestado a algu\u00e9m. Por\u00e9m, aqui em Fraiburgo \u00e9 sempre preciso tomar muito cuidado com o uso da express\u00e3o &#8220;fazer uma homenagem&#8221; porque ela pode ser facilmente entendida como &#8220;Fazer fiasco, cometer gafe, mandar mal, viajar na maionese, estragar alguma coisa e assim por diante&#8221; a pessoa que faz homenagem \u00e9 chamada de fiasquenta e a que recebe &#8220;homenageada&#8221;.\u00a0 <\/span><\/p>\n<p style=\"text-align:justify\"><span style=\"color:#008000\">Para ser pragm\u00e1tico vamos aos exemplos do sentido Fraiburguense.<\/span><\/p>\n<ul style=\"text-align:justify\">\n<li><span style=\"color:#008000\">&#8220;Mas n\u00e3o me diga que os pi\u00e1 v\u00e3o se taca l\u00e1 pra faz\u00ea homenage&#8221;<\/span><\/li>\n<li><span style=\"color:#008000\">O pai chega em casa e v\u00ea o leite derramado no ch\u00e3o da cozinha e logo dispara &#8211; &#8220;Quem fez essa homanage?&#8221;<\/span><\/li>\n<li><span style=\"color:#008000\">Em uma conversa entre dois pi\u00e1, um diz para o outro &#8220;viu, n\u00e3o acarque ai nesse bot\u00e3o pra n\u00e3o faz\u00ea homenage&#8221;.<\/span><\/li>\n<\/ul>\n<p style=\"text-align:justify\"><span style=\"color:#008000\">Largando m\u00e3o da parte lingu\u00edstica, segue as fotos de um dois s\u00edmbolos da cidade a nossa querida patrola (moto-niveladora): <\/span><\/p>\n<div class=\"mceTemp mceIEcenter\" style=\"text-align:justify\">\n<dl class=\"wp-caption aligncenter\">\n<dt class=\"wp-caption-dt\"><span style=\"color:#008000\"><a href=\"https:\/\/lanofrai.com.br\/wp-content\/uploads\/2011\/12\/patrola-no-centro1.jpg\"><span style=\"color:#008000\"><img loading=\"lazy\" decoding=\"async\" class=\"size-full wp-image-658\" title=\"Patrola Fraiburgo\" src=\"https:\/\/lanofrai.com.br\/wp-content\/uploads\/2011\/12\/patrola-no-centro1.jpg\" alt=\"\" width=\"500\" height=\"355\" srcset=\"https:\/\/lanofrai.com.br\/en\/wp-content\/uploads\/sites\/3\/2011\/12\/patrola-no-centro1.jpg 1669w, https:\/\/lanofrai.com.br\/en\/wp-content\/uploads\/sites\/3\/2011\/12\/patrola-no-centro1-300x213.jpg 300w, https:\/\/lanofrai.com.br\/en\/wp-content\/uploads\/sites\/3\/2011\/12\/patrola-no-centro1-1024x728.jpg 1024w, https:\/\/lanofrai.com.br\/en\/wp-content\/uploads\/sites\/3\/2011\/12\/patrola-no-centro1-624x444.jpg 624w\" sizes=\"auto, (max-width: 500px) 100vw, 500px\" \/><\/span><\/a><\/span><\/dt>\n<dd class=\"wp-caption-dd\"><span style=\"color:#008000\">Patrola \/ Grader<\/span><\/dd>\n<\/dl>\n<\/div>\n<p style=\"text-align:justify\"><span style=\"color:#008000\"><a href=\"https:\/\/lanofrai.com.br\/wp-content\/uploads\/2011\/12\/motor-da-nossa-patrola.jpg\"><span style=\"color:#008000\"><img loading=\"lazy\" decoding=\"async\" class=\"aligncenter size-full wp-image-660\" title=\"Motor da nossa patrola\" src=\"https:\/\/lanofrai.com.br\/wp-content\/uploads\/2011\/12\/motor-da-nossa-patrola.jpg\" alt=\"\" width=\"500\" height=\"334\" srcset=\"https:\/\/lanofrai.com.br\/en\/wp-content\/uploads\/sites\/3\/2011\/12\/motor-da-nossa-patrola.jpg 1936w, https:\/\/lanofrai.com.br\/en\/wp-content\/uploads\/sites\/3\/2011\/12\/motor-da-nossa-patrola-300x200.jpg 300w, https:\/\/lanofrai.com.br\/en\/wp-content\/uploads\/sites\/3\/2011\/12\/motor-da-nossa-patrola-1024x685.jpg 1024w, https:\/\/lanofrai.com.br\/en\/wp-content\/uploads\/sites\/3\/2011\/12\/motor-da-nossa-patrola-624x417.jpg 624w\" sizes=\"auto, (max-width: 500px) 100vw, 500px\" \/><\/span><\/a><\/span><\/p>\n<p style=\"text-align:justify\"><span style=\"color:#008000\"><a href=\"https:\/\/lanofrai.com.br\/wp-content\/uploads\/2011\/12\/de-pecc81-na-patrola.jpg\"><span style=\"color:#008000\"><img loading=\"lazy\" decoding=\"async\" class=\"aligncenter size-full wp-image-661\" title=\"De pe\u0301 na patrola\" src=\"https:\/\/lanofrai.com.br\/wp-content\/uploads\/2011\/12\/de-pecc81-na-patrola.jpg\" alt=\"\" width=\"500\" height=\"746\" srcset=\"https:\/\/lanofrai.com.br\/en\/wp-content\/uploads\/sites\/3\/2011\/12\/de-pecc81-na-patrola.jpg 1296w, https:\/\/lanofrai.com.br\/en\/wp-content\/uploads\/sites\/3\/2011\/12\/de-pecc81-na-patrola-685x1024.jpg 685w, https:\/\/lanofrai.com.br\/en\/wp-content\/uploads\/sites\/3\/2011\/12\/de-pecc81-na-patrola-624x932.jpg 624w\" sizes=\"auto, (max-width: 500px) 100vw, 500px\" \/><\/span><\/a><\/span><\/p>\n<p style=\"text-align:justify\"><span style=\"color:#008000\"><a href=\"https:\/\/lanofrai.com.br\/wp-content\/uploads\/2011\/12\/placa-da-patrola.jpg\"><span style=\"color:#008000\"><img loading=\"lazy\" decoding=\"async\" class=\"aligncenter size-medium wp-image-662\" title=\"Placa da patrola\" src=\"https:\/\/lanofrai.com.br\/wp-content\/uploads\/2011\/12\/placa-da-patrola.jpg?w=242\" alt=\"\" width=\"242\" height=\"300\" srcset=\"https:\/\/lanofrai.com.br\/en\/wp-content\/uploads\/sites\/3\/2011\/12\/placa-da-patrola.jpg 1038w, https:\/\/lanofrai.com.br\/en\/wp-content\/uploads\/sites\/3\/2011\/12\/placa-da-patrola-242x300.jpg 242w, https:\/\/lanofrai.com.br\/en\/wp-content\/uploads\/sites\/3\/2011\/12\/placa-da-patrola-827x1024.jpg 827w, https:\/\/lanofrai.com.br\/en\/wp-content\/uploads\/sites\/3\/2011\/12\/placa-da-patrola-624x771.jpg 624w\" sizes=\"auto, (max-width: 242px) 100vw, 242px\" \/><\/span><\/a><\/span><\/p>\n<p style=\"text-align:justify\"><span style=\"color:#008000\">Talvez essa seja a \u00fanica patrola como monumento hist\u00f3rico no mundo, um s\u00edmbolo de progresso atrav\u00e9s da abertura de ruas e estradas em um passado distante onde at\u00e9 a \u00e1gua encanada era uma objeto de desejo das fam\u00edlias. Assim, seguem algumas perguntas deve respondidas pelas pr\u00f3ximas gera\u00e7\u00f5es: <\/span><\/p>\n<ul style=\"text-align:justify\">\n<li><span style=\"color:#008000\">Qual ser\u00e1 o novo s\u00edmbolo de desenvolvimento de Fraiburgo para os pr\u00f3ximos 50 anos? <\/span><\/li>\n<li><span style=\"color:#008000\">Teremos uma pra\u00e7a para lembrar a ma\u00e7\u00e3 assim que esta cultura for aposentada como a patrola?<\/span><\/li>\n<li><span style=\"color:#008000\">Qual valor que atribu\u00edmos aos nossos componentes hist\u00f3ricos e porque eles s\u00e3o importantes?<\/span><\/li>\n<li><span style=\"color:#008000\">Se quisermos crescimento porque n\u00e3o aterramos o lago da cidade para fazer mais e mais casas? (isso era uma coisa que eu cheguei a ter medo de acontecer). Para ajudar na reflex\u00e3o, queria dizer que na pracinha da patrola existem duas homenagens, a patrola em si com a placa memorial e um bar nos fundos que, com muita dificuldade, consegui excluir da foto (&#8220;quem fez essa homanage?&#8221;)<\/span><\/li>\n<\/ul>\n<p style=\"text-align:justify\"><span style=\"color:#008000\">Bom pessoal, era isso. Fraiburgo chega com prosperidade ao seu primeiro cinquenten\u00e1rio e vamos continuar o trabalho (mesmo que remotamente) para que os pr\u00f3ximos 50 sejam t\u00e3o bonitos quanto a diversidade, a hist\u00f3ria e o jeito de Fraiburgo. Feliz anivers\u00e1rio Fraiburgo, o lar dos Fraiburguenses.\u00a0 <\/span><\/p>\n<p style=\"text-align:justify\">\n","protected":false},"excerpt":{"rendered":"<p>Ol\u00e1 amigos, Como muitos de voc\u00eas j\u00e1 devem saber, o Fraiburguense padr\u00e3o ao inv\u00e9s de parar de fazer algo ele(a) geralmente &#8220;larga m\u00e3o&#8221; de fazer algo. Nesse sentido, a cidade est\u00e1 largando m\u00e3o do ano de 2011 ao mesmo tempo em que celebra o seu anivers\u00e1rio de 50 anos. Fazem algumas semanas que a prefeitura [&hellip;]<\/p>\n","protected":false},"author":1,"featured_media":0,"comment_status":"open","ping_status":"open","sticky":false,"template":"","format":"standard","meta":{"footnotes":""},"categories":[4,7,18],"tags":[32,609,899,968],"class_list":["post-652","post","type-post","status-publish","format-standard","hentry","category-celebrations","category-dialect","category-the-city-a-cidade","tag-50-anos","tag-homenagem","tag-patrola","tag-pracinha"],"_links":{"self":[{"href":"https:\/\/lanofrai.com.br\/en\/wp-json\/wp\/v2\/posts\/652","targetHints":{"allow":["GET"]}}],"collection":[{"href":"https:\/\/lanofrai.com.br\/en\/wp-json\/wp\/v2\/posts"}],"about":[{"href":"https:\/\/lanofrai.com.br\/en\/wp-json\/wp\/v2\/types\/post"}],"author":[{"embeddable":true,"href":"https:\/\/lanofrai.com.br\/en\/wp-json\/wp\/v2\/users\/1"}],"replies":[{"embeddable":true,"href":"https:\/\/lanofrai.com.br\/en\/wp-json\/wp\/v2\/comments?post=652"}],"version-history":[{"count":0,"href":"https:\/\/lanofrai.com.br\/en\/wp-json\/wp\/v2\/posts\/652\/revisions"}],"wp:attachment":[{"href":"https:\/\/lanofrai.com.br\/en\/wp-json\/wp\/v2\/media?parent=652"}],"wp:term":[{"taxonomy":"category","embeddable":true,"href":"https:\/\/lanofrai.com.br\/en\/wp-json\/wp\/v2\/categories?post=652"},{"taxonomy":"post_tag","embeddable":true,"href":"https:\/\/lanofrai.com.br\/en\/wp-json\/wp\/v2\/tags?post=652"}],"curies":[{"name":"wp","href":"https:\/\/api.w.org\/{rel}","templated":true}]}}