{"id":807,"date":"2012-02-18T10:57:25","date_gmt":"2012-02-18T13:57:25","guid":{"rendered":"http:\/\/lanofrai.com.br\/?p=807"},"modified":"2012-02-18T10:57:25","modified_gmt":"2012-02-18T13:57:25","slug":"mas-home-do-ceu-marvelous","status":"publish","type":"post","link":"https:\/\/lanofrai.com.br\/en\/2012\/02\/18\/mas-home-do-ceu-marvelous\/","title":{"rendered":"Mas home do c\u00e9u&#8230;\/ Marvelous&#8230;"},"content":{"rendered":"<p style=\"text-align:justify\"><span style=\"color:#008000\">Quando o Fraiburguense fala &#8220;Mas home do c\u00e9u&#8221; ele se refere a alguma coisa fora do padr\u00e3o ou surpriendente. A foto abaixo expressa um pouco do sentido dessa frase. Foi realmente muita sorte estar com a m\u00e1quina preparada no lugar e no momento certo. Tamb\u00e9m seria um pecado n\u00e3o poder compartilhar esse presente do homem do c\u00e9u com voc\u00eas&#8230;S\u00f3 no Frai mesmo! <\/span><\/p>\n<p style=\"text-align:justify\"><span style=\"color:#008000\">A foto tirada na frente da Farm\u00e1cia &#8220;Ess\u00eancia&#8221; ao lado do posto de sa\u00fade, pr\u00f3ximo ao Lago das Arauc\u00e1rias no dia 15 de Janeiro 2012.<br \/>\n<\/span><\/p>\n<p style=\"text-align:justify\">Arriving to Fraiburgo, I was very lucky to be receptioned with such stunning breath-taking scenery next to the Arauc\u00e1rias lake. Glad be in the right time, right place with the right equipment. The picture was taking on 15 January 2012. It would be a serous pity not sharing this God gift with you folks&#8230;. If you like it share it \ud83d\ude42<\/p>\n<div id=\"attachment_808\" style=\"width: 510px\" class=\"wp-caption aligncenter\"><a href=\"https:\/\/lanofrai.com.br\/wp-content\/uploads\/2012\/02\/dsc_0174.jpg\"><img loading=\"lazy\" decoding=\"async\" aria-describedby=\"caption-attachment-808\" class=\"size-full wp-image-808\" title=\"Mas home do ceu\" src=\"https:\/\/lanofrai.com.br\/wp-content\/uploads\/2012\/02\/dsc_0174.jpg\" alt=\"\" width=\"500\" height=\"274\" srcset=\"https:\/\/lanofrai.com.br\/en\/wp-content\/uploads\/sites\/3\/2012\/02\/dsc_0174.jpg 1934w, https:\/\/lanofrai.com.br\/en\/wp-content\/uploads\/sites\/3\/2012\/02\/dsc_0174-300x164.jpg 300w, https:\/\/lanofrai.com.br\/en\/wp-content\/uploads\/sites\/3\/2012\/02\/dsc_0174-1024x562.jpg 1024w, https:\/\/lanofrai.com.br\/en\/wp-content\/uploads\/sites\/3\/2012\/02\/dsc_0174-624x342.jpg 624w\" sizes=\"auto, (max-width: 500px) 100vw, 500px\" \/><\/a><p id=\"caption-attachment-808\" class=\"wp-caption-text\">Mas home do c\u00e9u...<\/p><\/div>\n","protected":false},"excerpt":{"rendered":"<p>Quando o Fraiburguense fala &#8220;Mas home do c\u00e9u&#8221; ele se refere a alguma coisa fora do padr\u00e3o ou surpriendente. A foto abaixo expressa um pouco do sentido dessa frase. Foi realmente muita sorte estar com a m\u00e1quina preparada no lugar e no momento certo. Tamb\u00e9m seria um pecado n\u00e3o poder compartilhar esse presente do homem [&hellip;]<\/p>\n","protected":false},"author":1,"featured_media":0,"comment_status":"open","ping_status":"open","sticky":false,"template":"","format":"standard","meta":{"footnotes":""},"categories":[18],"tags":[98,282,529,852,1093,1124],"class_list":["post-807","post","type-post","status-publish","format-standard","hentry","category-the-city-a-cidade","tag-arcoiris","tag-clouds","tag-fraiburgo","tag-nuvens","tag-senario","tag-stunning"],"_links":{"self":[{"href":"https:\/\/lanofrai.com.br\/en\/wp-json\/wp\/v2\/posts\/807","targetHints":{"allow":["GET"]}}],"collection":[{"href":"https:\/\/lanofrai.com.br\/en\/wp-json\/wp\/v2\/posts"}],"about":[{"href":"https:\/\/lanofrai.com.br\/en\/wp-json\/wp\/v2\/types\/post"}],"author":[{"embeddable":true,"href":"https:\/\/lanofrai.com.br\/en\/wp-json\/wp\/v2\/users\/1"}],"replies":[{"embeddable":true,"href":"https:\/\/lanofrai.com.br\/en\/wp-json\/wp\/v2\/comments?post=807"}],"version-history":[{"count":0,"href":"https:\/\/lanofrai.com.br\/en\/wp-json\/wp\/v2\/posts\/807\/revisions"}],"wp:attachment":[{"href":"https:\/\/lanofrai.com.br\/en\/wp-json\/wp\/v2\/media?parent=807"}],"wp:term":[{"taxonomy":"category","embeddable":true,"href":"https:\/\/lanofrai.com.br\/en\/wp-json\/wp\/v2\/categories?post=807"},{"taxonomy":"post_tag","embeddable":true,"href":"https:\/\/lanofrai.com.br\/en\/wp-json\/wp\/v2\/tags?post=807"}],"curies":[{"name":"wp","href":"https:\/\/api.w.org\/{rel}","templated":true}]}}