{"id":829,"date":"2012-02-23T23:04:13","date_gmt":"2012-02-24T02:04:13","guid":{"rendered":"http:\/\/lanofrai.com.br\/?p=829"},"modified":"2012-02-23T23:04:13","modified_gmt":"2012-02-24T02:04:13","slug":"boa-noite-fraiburgo-good-night-fraiburgo","status":"publish","type":"post","link":"https:\/\/lanofrai.com.br\/en\/2012\/02\/23\/boa-noite-fraiburgo-good-night-fraiburgo\/","title":{"rendered":"Boa noite Fraiburgo \/  Good night Fraiburgo"},"content":{"rendered":"<p style=\"text-align:justify\"><span style=\"color:#008000\">Com o fim do hor\u00e1rio de ver\u00e3o a rotina deve mudar um pouco e o estado de espirito dos Fraiburguense tamb\u00e9m. Segue a foto e coment\u00e1rios da consultora de assuntos L\u00e1 no Fra\u00edsticos &#8211; Iole Dahmer.<\/span><\/p>\n<blockquote>\n<p style=\"text-align:justify\"><span style=\"color:#008000\">23fev12 as 20:19&#8230;Obrigada por mais este dia e que nossos sonhos sejam singelos e que nosso cora\u00e7\u00e3o cada dia mais fraterno&#8230;Boa noite Fraiburgo &#8230;boa noite aos de longe tbm!<\/span><\/p>\n<\/blockquote>\n<p style=\"text-align:justify\">With the end of daylight saving in Brazil, soon there will be some changes in our rotine and and in our state of mind. Below the photo and comments made by our consultant in matters of L\u00e1 no Fraitecs &#8211; Iole Dahmer.<\/p>\n<blockquote>\n<p style=\"text-align:justify\">23fev12 the 20:19 &#8230; Thanks for another day, I hope that our our dreams become simpler and our hearts more fraternal. Good night dear Fraiburgo &#8230; Good night&#8230; good night to the ones far way too!<\/p>\n<\/blockquote>\n<div id=\"attachment_830\" style=\"width: 510px\" class=\"wp-caption aligncenter\"><a href=\"https:\/\/lanofrai.com.br\/wp-content\/uploads\/2012\/02\/horacc81rio-de-veracc83o.jpg\"><img loading=\"lazy\" decoding=\"async\" aria-describedby=\"caption-attachment-830\" class=\"size-full wp-image-830\" title=\"hora\u0301rio de vera\u0303o\" src=\"https:\/\/lanofrai.com.br\/wp-content\/uploads\/2012\/02\/horacc81rio-de-veracc83o.jpg\" alt=\"\" width=\"500\" height=\"333\" srcset=\"https:\/\/lanofrai.com.br\/en\/wp-content\/uploads\/sites\/3\/2012\/02\/horacc81rio-de-veracc83o.jpg 960w, https:\/\/lanofrai.com.br\/en\/wp-content\/uploads\/sites\/3\/2012\/02\/horacc81rio-de-veracc83o-300x200.jpg 300w, https:\/\/lanofrai.com.br\/en\/wp-content\/uploads\/sites\/3\/2012\/02\/horacc81rio-de-veracc83o-624x416.jpg 624w\" sizes=\"auto, (max-width: 500px) 100vw, 500px\" \/><\/a><p id=\"caption-attachment-830\" class=\"wp-caption-text\">By Iole Dahmer<\/p><\/div>\n<p style=\"text-align:center\">\n","protected":false},"excerpt":{"rendered":"<p>Com o fim do hor\u00e1rio de ver\u00e3o a rotina deve mudar um pouco e o estado de espirito dos Fraiburguense tamb\u00e9m. Segue a foto e coment\u00e1rios da consultora de assuntos L\u00e1 no Fra\u00edsticos &#8211; Iole Dahmer. 23fev12 as 20:19&#8230;Obrigada por mais este dia e que nossos sonhos sejam singelos e que nosso cora\u00e7\u00e3o cada dia [&hellip;]<\/p>\n","protected":false},"author":1,"featured_media":0,"comment_status":"open","ping_status":"open","sticky":false,"template":"","format":"standard","meta":{"footnotes":""},"categories":[18],"tags":[172,188,1303,349,406,612,679],"class_list":["post-829","post","type-post","status-publish","format-standard","hentry","category-the-city-a-cidade","tag-boa-noite-fraiburgo","tag-brazil","tag-consultant","tag-daylight-saving","tag-dreams","tag-horario-de-verao","tag-iole-dahmer"],"_links":{"self":[{"href":"https:\/\/lanofrai.com.br\/en\/wp-json\/wp\/v2\/posts\/829","targetHints":{"allow":["GET"]}}],"collection":[{"href":"https:\/\/lanofrai.com.br\/en\/wp-json\/wp\/v2\/posts"}],"about":[{"href":"https:\/\/lanofrai.com.br\/en\/wp-json\/wp\/v2\/types\/post"}],"author":[{"embeddable":true,"href":"https:\/\/lanofrai.com.br\/en\/wp-json\/wp\/v2\/users\/1"}],"replies":[{"embeddable":true,"href":"https:\/\/lanofrai.com.br\/en\/wp-json\/wp\/v2\/comments?post=829"}],"version-history":[{"count":0,"href":"https:\/\/lanofrai.com.br\/en\/wp-json\/wp\/v2\/posts\/829\/revisions"}],"wp:attachment":[{"href":"https:\/\/lanofrai.com.br\/en\/wp-json\/wp\/v2\/media?parent=829"}],"wp:term":[{"taxonomy":"category","embeddable":true,"href":"https:\/\/lanofrai.com.br\/en\/wp-json\/wp\/v2\/categories?post=829"},{"taxonomy":"post_tag","embeddable":true,"href":"https:\/\/lanofrai.com.br\/en\/wp-json\/wp\/v2\/tags?post=829"}],"curies":[{"name":"wp","href":"https:\/\/api.w.org\/{rel}","templated":true}]}}