{"id":840,"date":"2012-02-25T11:53:14","date_gmt":"2012-02-25T14:53:14","guid":{"rendered":"http:\/\/lanofrai.com.br\/?p=840"},"modified":"2019-01-10T01:27:47","modified_gmt":"2019-01-09T22:27:47","slug":"a-cachoeira-escondida-the-hidden-waterfall","status":"publish","type":"post","link":"https:\/\/lanofrai.com.br\/en\/2012\/02\/25\/a-cachoeira-escondida-the-hidden-waterfall\/","title":{"rendered":"A cachoeira escondida \/  The hidden waterfall"},"content":{"rendered":"<p style=\"text-align: justify;\"><span style=\"color: #008000;\">Ent\u00e3o piazada, muitas pessoas estavam ansiosas em saber mais sobre a tal cachoeira escondida de Fraiburgo. Pois \u00e9, eu tamb\u00e9m estava e finalmente, no carnaval, pude conhec\u00ea-la ao vivo e agora \u00e9 hora de escrever alguma coisa. Essa cachoeira n\u00e3o tinha nome e como quase ningu\u00e9m sabia de sua exist\u00eancia (exceto os donos do terreno e pessoas muito pr\u00f3ximas), ent\u00e3o resolvi cham\u00e1-la\u00a0 de &#8220;A cachoeira escondida&#8221;. As primeiras not\u00edcias que tive de l\u00e1 foram da Iole Dahmer e Gabriel Cardoso.<\/span><\/p>\n<p style=\"text-align: justify;\">There were some people eager to know more about this waterfall hidden Fraiburgo. Yeah, I was also and finally at the carnival got the chance visit it and take some nice shots. Let&#8217;s get started writting something. This waterfall had no name and since almost no one knew of its existence (except the owners of the land and people very close), so I decided to call it &#8220;The Hidden Waterfall.&#8221;<\/p>\n<p style=\"text-align: justify;\"><span style=\"color: #008000;\">Mas porque quase ningu\u00e9m a conhecia? Porque as coisas se escondem da gente?<br \/>\n<span style=\"color: #000000;\">So why no one knew it? Why things get hidden from us?<\/span><\/span><\/p>\n<p style=\"text-align: justify;\"><span style=\"color: #008000;\"> Acredito que nunca houve interesse. Tamb\u00e9m, e a percep\u00e7\u00e3o humana \u00e9 muito restrita ao que queremos enxergar e ent\u00e3o surgem os &#8220;blind spots&#8221; &#8220;pontos cegos&#8221; no nosso conhecimento.<br \/>\n<\/span><\/p>\n<p style=\"text-align: justify;\">I believe that this waterfall and many other around us were never an interesting matter. Furthermore, human perception is very limited to what we want to see then it &#8220;blind spots&#8221; come into our knowledge.<\/p>\n<h2 style=\"text-align: justify;\"><span style=\"color: #008000;\">Considera\u00e7\u00e3o sobre as visitas as cachoeiras do Frai&#8230;<\/span><\/h2>\n<p style=\"text-align: justify;\"><span style=\"color: #008000;\">&#8211; Leve uma sacola para recolher o lixo mesmo que voc\u00ea n\u00e3o tenha o jogado.<\/span><br \/>\n<span style=\"color: #008000;\"> &#8211; Seja cordial com os moradores da regi\u00e3o, voc\u00ea est\u00e1 na propriedade deles. Eles tamb\u00e9m podem dar informa\u00e7\u00f5es preciosas sobre as belezas da regi\u00e3o e tamb\u00e9m sobre a seguran\u00e7a do local.<\/span><br \/>\n<span style=\"color: #008000;\"> &#8211; O espirito de cachoeira n\u00e3o combina com bebedeira e som alto, melhor juntar amigos e fazer um pick-frai-nick onde todos compartilham os alimentos, conhecimento e o tempo.<\/span><br \/>\n<span style=\"color: #008000;\"> &#8211; Seja sempre cuidadoso e respons\u00e1vel com \u00e1gua e fogo.<\/span><br \/>\n<span style=\"color: #008000;\"> &#8211; As prefeitura do Frai e as cidades vizinhas da Rota da Amizade poderiam criar a &#8220;Rota das Cachoeiras&#8221; colocando as sinaliza\u00e7\u00f5es, ajudando tamb\u00e9m na fiscaliza\u00e7\u00e3o e prote\u00e7\u00e3o dos rios. Se os turistas ficam em m\u00e9dia 2 dias em Fraiburgo, segundo a SANTUR, com as cachoeiras poderiam ficar mais 2 ou 3. A fun\u00e7\u00e3o de todo governo \u00e9 avaliar os pontos fracos e fortes da regi\u00e3o e providenciar infra-estrutura.<br \/>\n&#8211; S\u00f3 repasse as informa\u00e7\u00f5es da cachoeira para pessoas que consigam entender o que foi escrito acima&#8230;<\/span><\/p>\n<h2 style=\"text-align: justify;\"><span style=\"color: #008000;\">Como chegar na cachoeira escondida?<\/span><\/h2>\n<p><span style=\"color: #008000;\">A cachoeira fica em propriedade privada, at\u00e9 2018 hav\u00edamos publicado a sua localiza\u00e7\u00e3o exata, mas em 2019 houve um grande n\u00famero de visitantes causando dist\u00farbios na regi\u00e3o, gerando lixo e outras barbaridades. Por esse motivo, atualmente a cachoeira est\u00e1 sendo fechada ao p\u00fablico. Uma pena, mas fica a\u00ed o registro dessa linda cachoeira que pelo bem, dever\u00e1 permanecer sempre escondida! (atualiza\u00e7\u00e3o 2019).<\/span><\/p>\n<p><img loading=\"lazy\" decoding=\"async\" class=\"size-full wp-image-843\" title=\"Panoramica logo\" src=\"https:\/\/lanofrai.com.br\/wp-content\/uploads\/2012\/02\/panoramica-logo.jpg\" alt=\"\" width=\"500\" height=\"275\" srcset=\"https:\/\/lanofrai.com.br\/en\/wp-content\/uploads\/sites\/3\/2012\/02\/panoramica-logo.jpg 1936w, https:\/\/lanofrai.com.br\/en\/wp-content\/uploads\/sites\/3\/2012\/02\/panoramica-logo-300x165.jpg 300w, https:\/\/lanofrai.com.br\/en\/wp-content\/uploads\/sites\/3\/2012\/02\/panoramica-logo-1024x563.jpg 1024w, https:\/\/lanofrai.com.br\/en\/wp-content\/uploads\/sites\/3\/2012\/02\/panoramica-logo-624x343.jpg 624w\" sizes=\"auto, (max-width: 500px) 100vw, 500px\" \/><\/p>\n<p><img loading=\"lazy\" decoding=\"async\" class=\"size-full wp-image-844\" title=\"Cascatas da cachoeira escondida\" src=\"https:\/\/lanofrai.com.br\/wp-content\/uploads\/2012\/02\/cascatas-da-cachoeira-escondida.jpg\" alt=\"\" width=\"500\" height=\"334\" srcset=\"https:\/\/lanofrai.com.br\/en\/wp-content\/uploads\/sites\/3\/2012\/02\/cascatas-da-cachoeira-escondida.jpg 1933w, https:\/\/lanofrai.com.br\/en\/wp-content\/uploads\/sites\/3\/2012\/02\/cascatas-da-cachoeira-escondida-300x200.jpg 300w, https:\/\/lanofrai.com.br\/en\/wp-content\/uploads\/sites\/3\/2012\/02\/cascatas-da-cachoeira-escondida-1024x685.jpg 1024w, https:\/\/lanofrai.com.br\/en\/wp-content\/uploads\/sites\/3\/2012\/02\/cascatas-da-cachoeira-escondida-624x417.jpg 624w\" sizes=\"auto, (max-width: 500px) 100vw, 500px\" \/><\/p>\n<p><img loading=\"lazy\" decoding=\"async\" class=\"size-full wp-image-845\" title=\"Foco cachoeira escondidada logo\" src=\"https:\/\/lanofrai.com.br\/wp-content\/uploads\/2012\/02\/foco-cachoeira-escondidada-logo.jpg\" alt=\"\" width=\"500\" height=\"336\" srcset=\"https:\/\/lanofrai.com.br\/en\/wp-content\/uploads\/sites\/3\/2012\/02\/foco-cachoeira-escondidada-logo.jpg 1936w, https:\/\/lanofrai.com.br\/en\/wp-content\/uploads\/sites\/3\/2012\/02\/foco-cachoeira-escondidada-logo-300x201.jpg 300w, https:\/\/lanofrai.com.br\/en\/wp-content\/uploads\/sites\/3\/2012\/02\/foco-cachoeira-escondidada-logo-1024x689.jpg 1024w, https:\/\/lanofrai.com.br\/en\/wp-content\/uploads\/sites\/3\/2012\/02\/foco-cachoeira-escondidada-logo-624x419.jpg 624w\" sizes=\"auto, (max-width: 500px) 100vw, 500px\" \/><\/p>\n<p style=\"text-align: justify;\"><span style=\"color: #008000;\">Bom piazada, era isso. Aproveitem para conhecer as cachoeiras ainda em vida que existem perto de voc\u00eas em Santa Catarina, Paran\u00e1 e etc&#8230; pois muitas est\u00e3o sendo extintas pelas centenas de usinas de pequeno porte feitas para que possamos ter energia sem que diminuamos nossos h\u00e1bitos&#8230;<\/span><\/p>\n<p style=\"text-align: justify;\">\n","protected":false},"excerpt":{"rendered":"<p>Ent\u00e3o piazada, muitas pessoas estavam ansiosas em saber mais sobre a tal cachoeira escondida de Fraiburgo. Pois \u00e9, eu tamb\u00e9m estava e finalmente, no carnaval, pude conhec\u00ea-la ao vivo e agora \u00e9 hora de escrever alguma coisa. Essa cachoeira n\u00e3o tinha nome e como quase ningu\u00e9m sabia de sua exist\u00eancia (exceto os donos do terreno [&hellip;]<\/p>\n","protected":false},"author":1,"featured_media":0,"comment_status":"open","ping_status":"open","sticky":false,"template":"","format":"standard","meta":{"footnotes":""},"categories":[11],"tags":[209,565,704,787],"class_list":["post-840","post","type-post","status-publish","format-standard","hentry","category-localization","tag-cachoeiras","tag-gestao-do-conhecimento","tag-knowledge-management","tag-meio-ambiente"],"_links":{"self":[{"href":"https:\/\/lanofrai.com.br\/en\/wp-json\/wp\/v2\/posts\/840","targetHints":{"allow":["GET"]}}],"collection":[{"href":"https:\/\/lanofrai.com.br\/en\/wp-json\/wp\/v2\/posts"}],"about":[{"href":"https:\/\/lanofrai.com.br\/en\/wp-json\/wp\/v2\/types\/post"}],"author":[{"embeddable":true,"href":"https:\/\/lanofrai.com.br\/en\/wp-json\/wp\/v2\/users\/1"}],"replies":[{"embeddable":true,"href":"https:\/\/lanofrai.com.br\/en\/wp-json\/wp\/v2\/comments?post=840"}],"version-history":[{"count":2,"href":"https:\/\/lanofrai.com.br\/en\/wp-json\/wp\/v2\/posts\/840\/revisions"}],"predecessor-version":[{"id":210307,"href":"https:\/\/lanofrai.com.br\/en\/wp-json\/wp\/v2\/posts\/840\/revisions\/210307"}],"wp:attachment":[{"href":"https:\/\/lanofrai.com.br\/en\/wp-json\/wp\/v2\/media?parent=840"}],"wp:term":[{"taxonomy":"category","embeddable":true,"href":"https:\/\/lanofrai.com.br\/en\/wp-json\/wp\/v2\/categories?post=840"},{"taxonomy":"post_tag","embeddable":true,"href":"https:\/\/lanofrai.com.br\/en\/wp-json\/wp\/v2\/tags?post=840"}],"curies":[{"name":"wp","href":"https:\/\/api.w.org\/{rel}","templated":true}]}}