{"id":888,"date":"2012-03-04T12:10:49","date_gmt":"2012-03-04T15:10:49","guid":{"rendered":"http:\/\/lanofrai.com.br\/?p=888"},"modified":"2012-03-04T12:10:49","modified_gmt":"2012-03-04T15:10:49","slug":"uma-reflexao-sobre-as-ciclofaixa-do-frai-a-reflexon-the-cyclepaths-of-fraiburgo","status":"publish","type":"post","link":"https:\/\/lanofrai.com.br\/en\/2012\/03\/04\/uma-reflexao-sobre-as-ciclofaixa-do-frai-a-reflexon-the-cyclepaths-of-fraiburgo\/","title":{"rendered":"Uma reflex\u00e3o sobre as ciclofaixa do Frai \/ A reflexon on the cyclepaths of Fraiburgo"},"content":{"rendered":"<p style=\"text-align:justify\"><span style=\"color:#008000\">Piazada,<\/span><\/p>\n<p style=\"text-align:justify\"><span style=\"color:#008000\">Fiquei muito feliz (ali\u00e1s em Fraiburgo se usa &#8220;facero&#8221;) de ver algumas ciclofaixas instaladas no Frai o que \u00e9, sem d\u00favida, algo muito distante e a frente da grande maioria das cidades do Brasil e do mundo. O Frai sempre teve voca\u00e7\u00e3o para lidar com inova\u00e7\u00e3o, absorvendo e ajustando para si o que existe de melhor ao redor do mundo impulsionar seu desenvolvimento e melhoria da qualidade de vida dos habitantes. \u00c9 claro que ainda falta muita coisa, mas o primeiro passo \u00e9 sempre o mais importante em qualquer projeto.<br \/>\n<\/span><\/p>\n<p style=\"text-align:justify\">I was very happy arriving to Fraiburgo and seeing first hand some cycle-paths installed, which is way ahead of most cities in Brazil and the world. I have the feeling that this city always had a vocation to deal with innovation, absorbing and adjusting to itself what is the best around the world to boost its development and improvement of quality of life of its dwellers. Of course we still lack much in comparison to Holland and other nations, but the first step is always the most important in any project.<\/p>\n<p style=\"text-align:center\"><span style=\"color:#008000\"><a href=\"https:\/\/lanofrai.com.br\/wp-content\/uploads\/2012\/03\/ciclofaixa-do-frai.jpg\"><span style=\"color:#008000\"><img loading=\"lazy\" decoding=\"async\" class=\" wp-image-890 aligncenter\" title=\"Ciclofaixa do Frai\" src=\"https:\/\/lanofrai.com.br\/wp-content\/uploads\/2012\/03\/ciclofaixa-do-frai.jpg\" alt=\"\" width=\"450\" height=\"778\" srcset=\"https:\/\/lanofrai.com.br\/en\/wp-content\/uploads\/sites\/3\/2012\/03\/ciclofaixa-do-frai.jpg 791w, https:\/\/lanofrai.com.br\/en\/wp-content\/uploads\/sites\/3\/2012\/03\/ciclofaixa-do-frai-173x300.jpg 173w, https:\/\/lanofrai.com.br\/en\/wp-content\/uploads\/sites\/3\/2012\/03\/ciclofaixa-do-frai-592x1024.jpg 592w, https:\/\/lanofrai.com.br\/en\/wp-content\/uploads\/sites\/3\/2012\/03\/ciclofaixa-do-frai-624x1079.jpg 624w\" sizes=\"auto, (max-width: 450px) 100vw, 450px\" \/><\/span><\/a><\/span><\/p>\n<p style=\"text-align:justify\"><span style=\"color:#008000\">Tamb\u00e9m notei que a cidade est\u00e1 ficando <em>entuiada<\/em> (se entupindo) de carros e o seu eterno aspecto de cidade pac\u00edfica est\u00e1 mudando consideravelmente, ser\u00e1 que para sempre? As vezes penso que, inconscientemente, os Brasileiros em geral associam o desenvolvimento ao barulho e <em>ao entrevero<\/em>, por\u00e9m na nova sociedade do conhecimento (p\u00f3s-moderna) as coisas mais preciosas ser\u00e3o o &#8220;tempo&#8221; e o &#8220;sil\u00eancio&#8221; pois sem eles n\u00e3o \u00e9 poss\u00edvel refletir mais profundamente sobre problemas de maior escala e valor. Ex.V\u00e1rios empres\u00e1rios Su\u00ed\u00e7os e gestores, depois de viajar o mundo todo, est\u00e3o desenvolvendo produtos para o mercado mundial numa vila no meio da montanha e cheio de vacas, \u00e9 s\u00e9rio! Pense nisso quando abrir a lata de leite Ninho, Nescau, Neston ou o Nescaf\u00e9 ou ent\u00e3o quando ouvir as express\u00f5es canivete, rel\u00f3gio, queijo, banco, chocolate Su\u00ed\u00e7o. <\/span><\/p>\n<p style=\"text-align:justify\">I also noticed that the city is becoming full of cars and its eternal aspect of the peaceful town is changing considerably, which will be forever? Sometimes I think that, unconsciously, Brazilians in generally associate the concept &#8220;development&#8221; to noise and crowds, but in the knowledge society (postmodern) the most precious things are &#8220;time&#8221; and &#8220;silence&#8221;, without them it is not possible think more deeply about issues in a greater scale or value. E.g. Several Swiss entrepreneurs and managers, after traveling the world, develop products for the worldwide market in a village in the mountains full of cows! So, think about it when you hear the expressions Swiss knife, watch, cheese, bank, chocolate and etc.<\/p>\n<p style=\"text-align:justify\"><span style=\"color:#008000\">Um dos grandes obst\u00e1culos para o nosso real desenvolvimento, num pa\u00eds de pouca tecnologia pr\u00f3pria e muito futebol na cabe\u00e7a \u00e9 inverter algumas atribui\u00e7\u00f5es de valores gerados principalmente pela TV, lembrando que a TV gratuita n\u00e3o \u00e9 gratuita. Ent\u00e3o para construirmos uma infra-estrutura descente em nossas cidades, precisamos nutrir uma nova consci\u00eancia sobre mobilidade urbana para que isso direcione as futuras obras p\u00fablicas que interferem diretamente em nossas vidas e em nossa faceirice de viver e desenvolvimento econ\u00f4mico (dinheiro). Abaixo est\u00e1 o triangulo da mobilidade que sugere a melhor forma de priorizar o tr\u00e2nsito em qualquer lugar. Depois que tivermos ciclovias por todos os lados, poder\u00edamos ter uns bondinhos el\u00e9tricos cruzando o Frai levando as pessoas aos trabalho e os turistas aos pontos tur\u00edsticos&#8230;<\/span><\/p>\n<p style=\"text-align:justify\">A major hurdle for our real development in Brazil, which is a country with low own technology and too much football is to reverse some assignments of values generated mainly by TV, remembering that free TV is not free. So to build a decent infrastructure in our cities, we must foster a new awareness that urban mobility to direct future public works that directly interfere in our lives and our economic development (money). Below is the triangle of mobility that suggests that the best way to prioritize traffic anywhere. Once we have bike lanes everywhere, we could have a few electric trams crossing Fraiburgo bringing people to work and tourists to our turistic sights&#8230;<\/p>\n<p style=\"text-align:justify\"><span style=\"color:#008000\"><a href=\"https:\/\/lanofrai.com.br\/wp-content\/uploads\/2012\/03\/piramide-inversa-do-trafego.jpg\"><span style=\"color:#008000\"><img loading=\"lazy\" decoding=\"async\" class=\"aligncenter  wp-image-889\" title=\"piramide-inversa-do-trafego\" src=\"https:\/\/lanofrai.com.br\/wp-content\/uploads\/2012\/03\/piramide-inversa-do-trafego.jpg\" alt=\"\" width=\"350\" height=\"479\" srcset=\"https:\/\/lanofrai.com.br\/en\/wp-content\/uploads\/sites\/3\/2012\/03\/piramide-inversa-do-trafego.jpg 708w, https:\/\/lanofrai.com.br\/en\/wp-content\/uploads\/sites\/3\/2012\/03\/piramide-inversa-do-trafego-219x300.jpg 219w, https:\/\/lanofrai.com.br\/en\/wp-content\/uploads\/sites\/3\/2012\/03\/piramide-inversa-do-trafego-624x854.jpg 624w\" sizes=\"auto, (max-width: 350px) 100vw, 350px\" \/><\/span><\/a><\/span><\/p>\n<p style=\"text-align:justify\"><span style=\"color:#008000\">Al\u00e9m disso, contando um pouco da experi\u00eancia de Fraiburguense vivida na Holanda, capital mundial das bicicletas, fiz a dublagem desse v\u00eddeo abaixo para que os Brasileiros e tamb\u00e9m Fraiburguenses possam refletir e aprender com os erros dos outros pa\u00edses pois como descrito pelo autor:<\/span><\/p>\n<blockquote><p><span style=\"color:#008000\">A motoriza\u00e7\u00e3o em massa mata as pessoas, as cidades e o meio ambiente.<\/span><\/p><\/blockquote>\n<p><span style=\"color:#008000\">[youtube=http:\/\/www.youtube.com\/watch?v=l1a_USVlXSE]<\/span><\/p>\n<p style=\"text-align:justify\"><span style=\"color:#888888\">Mas o que poder\u00edamos fazer de imediato? Criar estacionamentos seguros paras as bicicletas enfrente a todos os estabelecimentos comerciais, pensar sobre algum projeto de aloca\u00e7\u00e3o de bicicletas e assim por diante. O importante \u00e9 come\u00e7ar a discutir&#8230;Um dia a gente chega l\u00e1 e de Bici!<\/span><\/p>\n","protected":false},"excerpt":{"rendered":"<p>Piazada, Fiquei muito feliz (ali\u00e1s em Fraiburgo se usa &#8220;facero&#8221;) de ver algumas ciclofaixas instaladas no Frai o que \u00e9, sem d\u00favida, algo muito distante e a frente da grande maioria das cidades do Brasil e do mundo. O Frai sempre teve voca\u00e7\u00e3o para lidar com inova\u00e7\u00e3o, absorvendo e ajustando para si o que existe [&hellip;]<\/p>\n","protected":false},"author":1,"featured_media":0,"comment_status":"open","ping_status":"open","sticky":false,"template":"","format":"standard","meta":{"footnotes":""},"categories":[2,18],"tags":[124,265,266,276,347,369,397,904,991,993,1095],"class_list":["post-888","post","type-post","status-publish","format-standard","hentry","category-architecture","category-the-city-a-cidade","tag-aumento-da-conciencia","tag-ciclofaixa","tag-ciclovia","tag-cities-in-brazil","tag-cycle-paths","tag-desenvolvimento","tag-dinheiro","tag-peaceful-town","tag-public-awarness","tag-qualidade-de-vida","tag-silencio"],"_links":{"self":[{"href":"https:\/\/lanofrai.com.br\/en\/wp-json\/wp\/v2\/posts\/888","targetHints":{"allow":["GET"]}}],"collection":[{"href":"https:\/\/lanofrai.com.br\/en\/wp-json\/wp\/v2\/posts"}],"about":[{"href":"https:\/\/lanofrai.com.br\/en\/wp-json\/wp\/v2\/types\/post"}],"author":[{"embeddable":true,"href":"https:\/\/lanofrai.com.br\/en\/wp-json\/wp\/v2\/users\/1"}],"replies":[{"embeddable":true,"href":"https:\/\/lanofrai.com.br\/en\/wp-json\/wp\/v2\/comments?post=888"}],"version-history":[{"count":0,"href":"https:\/\/lanofrai.com.br\/en\/wp-json\/wp\/v2\/posts\/888\/revisions"}],"wp:attachment":[{"href":"https:\/\/lanofrai.com.br\/en\/wp-json\/wp\/v2\/media?parent=888"}],"wp:term":[{"taxonomy":"category","embeddable":true,"href":"https:\/\/lanofrai.com.br\/en\/wp-json\/wp\/v2\/categories?post=888"},{"taxonomy":"post_tag","embeddable":true,"href":"https:\/\/lanofrai.com.br\/en\/wp-json\/wp\/v2\/tags?post=888"}],"curies":[{"name":"wp","href":"https:\/\/api.w.org\/{rel}","templated":true}]}}